{"id":29249,"date":"2020-12-01T16:43:27","date_gmt":"2020-12-01T16:43:27","guid":{"rendered":"https:\/\/redsemlac.com\/semmexico\/?p=29249"},"modified":"2023-07-21T16:40:17","modified_gmt":"2023-07-21T21:40:17","slug":"esclarecimiento-de-los-asesinatos-de-ambar-viridiana-y-de-bianca-alejandrina-exigen-senadoras","status":"publish","type":"post","link":"https:\/\/redsemlac.com\/semmexico\/esclarecimiento-de-los-asesinatos-de-ambar-viridiana-y-de-bianca-alejandrina-exigen-senadoras\/","title":{"rendered":"Esclarecimiento de los asesinatos de \u00c1mbar Viridiana y de Bianca Alejandrina, exigen senadoras,"},"content":{"rendered":"\n<ul class=\"wp-block-list\"><li><strong>Comisi\u00f3n de Justica del Senado podr\u00eda llamar a los gobernadores del Estado de M\u00e9xico y Quintana Roo<\/strong><\/li><\/ul>\n\n\n\n<ul class=\"wp-block-list\"><li><strong>Alertan sobre el derecho a la libre manifestaci\u00f3n, luego de atropellos a las protestantes por feminicidios<\/strong><\/li><\/ul>\n\n\n\n<p class=\"wp-block-paragraph\"><strong>Elda Montiel<\/strong><\/p>\n\n\n\n<p class=\"wp-block-paragraph\">SemM\u00e9xico. Cd. de M\u00e9xico. 01 de diciembre 2020.- El Senado de la Rep\u00fablica podr\u00e1 citar a gobernadores del Estado de M\u00e9xico y Quintana Roo para que informen sobre &nbsp;los feminicidios de \u00c1mbar Viridiana Uicap Tapia y de Bianca Alejandrina Lorenzana Alvarado, y para que expliquen el exceso de uso de la fuerza para dispersar manifestaciones feministas.<\/p>\n\n\n\n<p class=\"wp-block-paragraph\">Luego de que se estudia un punto de acuerdo as\u00ed como garantizar el pleno respeto de los derechos de manifestaci\u00f3n, de protesta y de libertad de sus familiares demandaron las senadoras de Morena, Mar\u00eda Celeste S\u00e1nchez y Martha Guerrero S\u00e1nchez a los gobernadores de los estados de M\u00e9xico y Quintana Roo.<\/p>\n\n\n\n<p class=\"wp-block-paragraph\">En la propuesta &nbsp;de punto de acuerdo turnada&nbsp; a la Comisi\u00f3n de Justicia, las legisladoras destacaron que los feminicidios en el pa\u00eds son un problema grave que lastima a todas las mujeres.<\/p>\n\n\n\n<p class=\"wp-block-paragraph\">Advirtieron que las acciones de algunas autoridades policiacas o castrenses para coartar el derecho social a la libre manifestaci\u00f3n, obliga a que todas esas acciones se resuelvan &nbsp;en coordinaci\u00f3n los tres niveles de gobierno.&nbsp;<\/p>\n\n\n\n<p class=\"wp-block-paragraph\">Las senadoras solicitaron tanto a los gobernadores como a los alcaldes de Cuautitl\u00e1n Izcalli en el Estado de M\u00e9xico, y de Benito Ju\u00e1rez en Quintana Roo a esclarecer y deslindar responsabilidades sobre los hechos ocurridos los d\u00edas 7 y 9 de noviembre en dichos municipios, en contra de las personas que se manifestaron para pedir justicia para las v\u00edctimas de feminicidio.<\/p>\n\n\n\n<p class=\"wp-block-paragraph\">Explicaron que en el caso de la desaparici\u00f3n y asesinato de &nbsp;&nbsp;\u00c1mbar Viridiana Uicap Tapia, de 17 a\u00f1os, sucedi\u00f3 el 23 de octubre. Ella cuando sali\u00f3 de su casa con destino a la escuela para recoger los boletos de una rifa navide\u00f1a y ya no se supo nada de ella.<\/p>\n\n\n\n<p class=\"wp-block-paragraph\">El cuerpo de la joven fue localizado sin vida 15 d\u00edas despu\u00e9s, en un canal de aguas negras de la zona de Alborada, en el municipio de Cuautitl\u00e1n Izcalli.&nbsp;<\/p>\n\n\n\n<p class=\"wp-block-paragraph\">Los familiares, amigos, vecinos y colectivos feministas se reunieron y marcharon desde la glorieta principal del fraccionamiento Alborada hasta la carretera que une Cuautitl\u00e1n Izcalli con Melchor Ocampo y en ese lugar detuvieron el tr\u00e1nsito de los veh\u00edculos.&nbsp;<\/p>\n\n\n\n<p class=\"wp-block-paragraph\">Al lugar llegaron polic\u00edas a bordo de patrullas para rodear, lanzar gas lacrim\u00f3geno y golpear a los manifestantes y se llevaron detenidas a siete personas: cuatro mujeres y tres hombres.<\/p>\n\n\n\n<p class=\"wp-block-paragraph\">La Comisi\u00f3n de Derechos Humanos del Estado de M\u00e9xico abri\u00f3 un&nbsp; expediente para hacer su &nbsp;investigaci\u00f3n \u201cpor la detenci\u00f3n arbitraria de mujeres manifestantes, el uso excesivo de la fuerza y abuso de autoridad\u201d por parte de los polic\u00edas municipales.&nbsp;<\/p>\n\n\n\n<p class=\"wp-block-paragraph\">Tambi\u00e9n en Canc\u00fan, Quintana Roo, se registraron hechos violentos en el marco de la protesta por el feminicidio de Bianca Alejandrina Lorenzana Alvarado, quien, de acuerdo con testimonios de sus amigos, sali\u00f3 de su domicilio para vender un cigarro electr\u00f3nico cerca del fraccionamiento La Joya.&nbsp;<\/p>\n\n\n\n<p class=\"wp-block-paragraph\">Debido al reporte del 911 del hallazgo de un cuerpo desmembrado en bolsas, la Fiscal\u00eda Estatal confirm\u00f3 que se trataba de una persona de unos 20 a\u00f1os con claras huellas de violencia en un fraccionamiento del municipio de Benito Ju\u00e1rez. (Canc\u00fan)&nbsp;<\/p>\n\n\n\n<p class=\"wp-block-paragraph\">Amigos y familiares convocaron a diversas marchas que, de manera simult\u00e1nea, realizaron en los municipios de Bacalar, Benito Ju\u00e1rez, Cozumel, Felipe Carrillo Puerto, Jos\u00e9 Mar\u00eda Morelos, Oth\u00f3n P. Blanco, Solidaridad y Tulum, y tomaron simb\u00f3licamente las representaciones de la Fiscal\u00eda Estatal para exigir justicia.<\/p>\n\n\n\n<p class=\"wp-block-paragraph\">Recordaron que la joven se hab\u00eda dedicado a manifestar p\u00fablicamente su preocupaci\u00f3n por los feminicidios en el pa\u00eds.<\/p>\n\n\n\n<p class=\"wp-block-paragraph\">Redes sociales reprodujeron las im\u00e1genes de c\u00f3mo se dispers\u00f3 con armas la manifestaci\u00f3n que lleg\u00f3 hasta el Palacio Municipal de Canc\u00fan. Diversas autoridades expresaron su rechazo a los actos de represi\u00f3n contra manifestaciones sociales y el director de Seguridad P\u00fablica, quien orden\u00f3 los disparos al aire para dispersar a los inconformes, renunci\u00f3 al cargo\u201d.&nbsp;<\/p>\n","protected":false},"excerpt":{"rendered":"<p>Las senadoras solicitaron tanto a los gobernadores como a los alcaldes de Cuautitl\u00e1n Izcalli en el Estado de M\u00e9xico, y de Benito Ju\u00e1rez en Quintana Roo a esclarecer y deslindar responsabilidades sobre los hechos ocurridos<\/p>\n","protected":false},"author":3,"featured_media":29250,"comment_status":"open","ping_status":"open","sticky":false,"template":"","format":"standard","meta":{"_monsterinsights_skip_tracking":false,"footnotes":""},"categories":[691,50],"tags":[],"class_list":["post-29249","post","type-post","status-publish","format-standard","has-post-thumbnail","category-691","category-congreso"],"_links":{"self":[{"href":"https:\/\/redsemlac.com\/semmexico\/wp-json\/wp\/v2\/posts\/29249","targetHints":{"allow":["GET"]}}],"collection":[{"href":"https:\/\/redsemlac.com\/semmexico\/wp-json\/wp\/v2\/posts"}],"about":[{"href":"https:\/\/redsemlac.com\/semmexico\/wp-json\/wp\/v2\/types\/post"}],"author":[{"embeddable":true,"href":"https:\/\/redsemlac.com\/semmexico\/wp-json\/wp\/v2\/users\/3"}],"replies":[{"embeddable":true,"href":"https:\/\/redsemlac.com\/semmexico\/wp-json\/wp\/v2\/comments?post=29249"}],"version-history":[{"count":0,"href":"https:\/\/redsemlac.com\/semmexico\/wp-json\/wp\/v2\/posts\/29249\/revisions"}],"wp:featuredmedia":[{"embeddable":true,"href":"https:\/\/redsemlac.com\/semmexico\/wp-json\/wp\/v2\/media\/29250"}],"wp:attachment":[{"href":"https:\/\/redsemlac.com\/semmexico\/wp-json\/wp\/v2\/media?parent=29249"}],"wp:term":[{"taxonomy":"category","embeddable":true,"href":"https:\/\/redsemlac.com\/semmexico\/wp-json\/wp\/v2\/categories?post=29249"},{"taxonomy":"post_tag","embeddable":true,"href":"https:\/\/redsemlac.com\/semmexico\/wp-json\/wp\/v2\/tags?post=29249"}],"curies":[{"name":"wp","href":"https:\/\/api.w.org\/{rel}","templated":true}]}}