{"id":29235,"date":"2020-11-16T00:42:00","date_gmt":"2020-11-16T00:42:00","guid":{"rendered":"https:\/\/redsemlac.com\/semmexico\/?p=29235"},"modified":"2023-07-21T16:38:28","modified_gmt":"2023-07-21T21:38:28","slug":"realizara-cgcs-de-michoacan-taller-virtual-sobre-proteccion-de-datos-personales-de-la-poblacion-lgbt","status":"publish","type":"post","link":"https:\/\/redsemlac.com\/semmexico\/realizara-cgcs-de-michoacan-taller-virtual-sobre-proteccion-de-datos-personales-de-la-poblacion-lgbt\/","title":{"rendered":"Realizar\u00e1 CGCS de Michoac\u00e1n taller virtual sobre protecci\u00f3n de datos personales de la poblaci\u00f3n LGBT"},"content":{"rendered":"\n<ul class=\"wp-block-list\"><li><strong>En acompa\u00f1amiento con la Asociaci\u00f3n Responde Diversidad, se llevar\u00e1 a cabo este mi\u00e9rcoles, a las 13:00 horas y est\u00e1 dirigido a comunicadores y periodistas<\/strong><\/li><\/ul>\n\n\n\n<p class=\"wp-block-paragraph\"><br>\u00a0<strong>Redacci\u00f3n<\/strong><br>SemM\u00e9xico. Morelia, Michoac\u00e1n, a 16 de noviembre de 2020.-\u00a0La Coordinaci\u00f3n General de Comunicaci\u00f3n Social del Gobierno del Estado, en acompa\u00f1amiento con la Asociaci\u00f3n Responde Diversidad, realizar\u00e1 un taller virtual sobre la protecci\u00f3n de datos personales de la comunidad LGBT.<br>\u00a0<br>Dirigido a comunicadores y periodistas, el taller se llevar\u00e1 a cabo este 17 de noviembre, a las 13:00 horas, v\u00eda Zoom.<br>\u00a0<br>El prop\u00f3sito es dotar a los trabajadores de los medios de comunicaci\u00f3n de herramientas que les permitan una comunicaci\u00f3n eficaz, eficiente y profesional, en la que se respeten, protejan y resguarden los datos personales e informaci\u00f3n de las y los ciudadanos.<br>\u00a0<br>Con este ejercicio pr\u00e1ctico tambi\u00e9n se busca visibilizar a todos los grupos sociales y con ello evitar la discriminaci\u00f3n, utilizando un lenguaje libre de estigmas y estereotipos, en el que no se haga un uso inadecuado de la informaci\u00f3n que se genera al interior de las comunidades L\u00e9sbico, Gay, Bisexual, Transexual, Transg\u00e9nero, Travesti e Intersexual.<br>\u00a0<br>La premisa de la Coordinaci\u00f3n General de Comunicaci\u00f3n Social, derivada del Gobierno de Silvano Aureoles Conejo, es que en Michoac\u00e1n los derechos son parejos para todos los sectores sociales, uno de los cuales es el de la protecci\u00f3n de datos personales.<br>\u00a0<br>Para participar se requiere contar con una computadora que tenga integrada c\u00e1mara y micr\u00f3fono.<br>\u00a0<br>Liga de registro:<br>https:\/\/forms.gle\/a8FfMUpwbuJeCnbc9<br>\u00a0<br>ID 868 7755 3550<br>\u00a0<br>Enlace\u00a0 https:\/\/us02web.zoom.us\/j\/86877553550.<\/p>\n","protected":false},"excerpt":{"rendered":"<p>En acompa\u00f1amiento con la Asociaci\u00f3n Responde Diversidad, se llevar\u00e1 a cabo este mi\u00e9rcoles, a las 13:00 horas y est\u00e1 dirigido a comunicadores y periodistas<\/p>\n","protected":false},"author":3,"featured_media":29236,"comment_status":"open","ping_status":"open","sticky":false,"template":"","format":"standard","meta":{"_monsterinsights_skip_tracking":false,"footnotes":""},"categories":[691,51],"tags":[],"class_list":["post-29235","post","type-post","status-publish","format-standard","has-post-thumbnail","category-691","category-ejecutivo"],"_links":{"self":[{"href":"https:\/\/redsemlac.com\/semmexico\/wp-json\/wp\/v2\/posts\/29235","targetHints":{"allow":["GET"]}}],"collection":[{"href":"https:\/\/redsemlac.com\/semmexico\/wp-json\/wp\/v2\/posts"}],"about":[{"href":"https:\/\/redsemlac.com\/semmexico\/wp-json\/wp\/v2\/types\/post"}],"author":[{"embeddable":true,"href":"https:\/\/redsemlac.com\/semmexico\/wp-json\/wp\/v2\/users\/3"}],"replies":[{"embeddable":true,"href":"https:\/\/redsemlac.com\/semmexico\/wp-json\/wp\/v2\/comments?post=29235"}],"version-history":[{"count":0,"href":"https:\/\/redsemlac.com\/semmexico\/wp-json\/wp\/v2\/posts\/29235\/revisions"}],"wp:featuredmedia":[{"embeddable":true,"href":"https:\/\/redsemlac.com\/semmexico\/wp-json\/wp\/v2\/media\/29236"}],"wp:attachment":[{"href":"https:\/\/redsemlac.com\/semmexico\/wp-json\/wp\/v2\/media?parent=29235"}],"wp:term":[{"taxonomy":"category","embeddable":true,"href":"https:\/\/redsemlac.com\/semmexico\/wp-json\/wp\/v2\/categories?post=29235"},{"taxonomy":"post_tag","embeddable":true,"href":"https:\/\/redsemlac.com\/semmexico\/wp-json\/wp\/v2\/tags?post=29235"}],"curies":[{"name":"wp","href":"https:\/\/api.w.org\/{rel}","templated":true}]}}