{"id":29226,"date":"2020-11-12T00:18:00","date_gmt":"2020-11-12T00:18:00","guid":{"rendered":"https:\/\/redsemlac.com\/semmexico\/?p=29226"},"modified":"2023-07-21T16:38:32","modified_gmt":"2023-07-21T21:38:32","slug":"estrena-michoacan-el-complejo-hospitalario-mas-grande-de-los-ultimos-anos","status":"publish","type":"post","link":"https:\/\/redsemlac.com\/semmexico\/estrena-michoacan-el-complejo-hospitalario-mas-grande-de-los-ultimos-anos\/","title":{"rendered":"Estrena Michoac\u00e1n el complejo hospitalario m\u00e1s grande de los \u00faltimos a\u00f1os"},"content":{"rendered":"\n<p class=\"wp-block-paragraph\"><strong>Redacci\u00f3n<\/strong><\/p>\n\n\n\n<p class=\"wp-block-paragraph\">SemM\u00e9xico. Morelia, Michoac\u00e1n.  12 de noviembre de 2020.-\u00a0Michoac\u00e1n cuenta ya con el complejo hospitalario m\u00e1s grande de los \u00faltimos a\u00f1os, el que se convertir\u00e1 en gran fortaleza para atender la salud del estado, afirm\u00f3 el gobernador Silvano Aureoles Conejo, al encabezar la inauguraci\u00f3n del Hospital General \u00abDr. Miguel Silva\u00bb y el Hospital Infantil \u00abEva S\u00e1mano de L\u00f3pez Mateos\u00bb.<\/p>\n\n\n\n<p class=\"wp-block-paragraph\">\u00abCiudad Salud es un s\u00edmbolo de la importancia que tiene para este gobierno el tema la atenci\u00f3n m\u00e9dica y hoy vemos consumados estos dos importantes hospitales que representan un antes y un despu\u00e9s en el sistema de salud estatal\u201d, destac\u00f3 el mandatario michoacano.<\/p>\n\n\n\n<p class=\"wp-block-paragraph\">Con estas dos magnas obras y el fortalecimiento en toda la red de 27 hospitales regionales, 430 centros de salud y m\u00e1s de 900 casas de salud, \u201cMichoac\u00e1n est\u00e1 destinado a tener los mejores servicios de salud en el pa\u00eds\u201d, sostuvo.<\/p>\n\n\n\n<p class=\"wp-block-paragraph\">En lo que fue un d\u00eda hist\u00f3rico para Michoac\u00e1n, Aureoles Conejo se\u00f1al\u00f3, acompa\u00f1ado de Juan Antonio Ferrer, titular del INSABI y representante del Gobierno de la Rep\u00fablica, que el camino no ha sido sencillo.<\/p>\n\n\n\n<p class=\"wp-block-paragraph\">\u00abHemos navegado contra muchas adversidades para lograr alcanzar este sue\u00f1o que se ve\u00eda lejano, inalcanzable\u00bb, apunt\u00f3.<\/p>\n\n\n\n<p class=\"wp-block-paragraph\">Aqu\u00ed, el gobernador, record\u00f3 las condiciones en las que se recibi\u00f3, hace cinco a\u00f1os, un sistema de salud deteriorado en su infraestructura, equipamiento, materiales y medicamentos.<\/p>\n\n\n\n<p class=\"wp-block-paragraph\">\u201cPor ejemplo, nos dejaron 46 obras inconclusas, tiradas, entre ellas estos dos hospitales. Pero tambi\u00e9n recibimos un grav\u00edsimo problema con la n\u00f3mina del personal porque se crearon m\u00e1s de 5 mil plazas para tareas administrativas, sin tener la fuente del dinero, y se pagaron por muchos a\u00f1os medicamentos que nunca llegaron y se pagaba hasta tres veces su precio\u201d, ilustr\u00f3.<\/p>\n\n\n\n<p class=\"wp-block-paragraph\">Expuso que, para darle la vuelta a la situaci\u00f3n, se puso en orden las finanzas y, con ello, se logr\u00f3 rehabilitar los 430 centros de salud y 27 hospitales regionales, as\u00ed como concluir las 46 obras abandonadas, equipar casi 930 casas de salud y tener un Centro de Inteligencia de Salud, \u00fanico en el pa\u00eds.<\/p>\n\n\n\n<p class=\"wp-block-paragraph\">\u201cSi bien la infraestructura y el equipamiento son valiosos activos, lo m\u00e1s valioso que nos mueve son ustedes\u201d, dijo Aureoles al personal de salud, al reconocerles su desempe\u00f1o ante la epidemia.<\/p>\n\n\n\n<p class=\"wp-block-paragraph\">Por su parte, Diana Carpio R\u00edos, secretaria de Salud en Michoac\u00e1n, celebr\u00f3 que hoy sea el d\u00eda en que se entregue una nueva casa para doctoras, doctores, enfermeras y enfermeros.<\/p>\n\n\n\n<p class=\"wp-block-paragraph\">\u00abAhora lo que nos toca es, y se los garantizamos, el acompa\u00f1amiento para la certificaci\u00f3n de ambos hospitales, y lograr que sean un referente nacional\u00bb, afirm\u00f3.<\/p>\n\n\n\n<p class=\"wp-block-paragraph\">Ra\u00fal Leal Cant\u00fa, director del hospital Civil destac\u00f3 que hoy, los mil 300 empleados de este nosocomio ven cristalizado el cambio a la modernidad.<\/p>\n\n\n\n<p class=\"wp-block-paragraph\">\u00abEsto nos permitir\u00e1, brindar el servicio de salud con &nbsp;calidad y calidez a quienes nos debemos, a la poblaci\u00f3n, y esto es gracias a nuestras autoridades estatales\u00bb, expres\u00f3.<\/p>\n\n\n\n<p class=\"wp-block-paragraph\">Francisco Vargas Saucedo, director del hospital Infantil garantiz\u00f3 que estos nuevos espacios &nbsp;seguir\u00e1n siendo ese lugar donde quienes demandan atenci\u00f3n m\u00e9dica saben que estar\u00e1n seguros y bien atendidos.&nbsp;<\/p>\n\n\n\n<p class=\"wp-block-paragraph\">\u00abEs un d\u00eda de gloria para Michoac\u00e1n, porque nos entregan hospitales modernos y dignificados\u00bb, manifest\u00f3.<\/p>\n\n\n\n<p class=\"wp-block-paragraph\">\u00abA nombre del personal de enfermer\u00eda aplaudo los logros obtenidos en el sector salud, esto es muestra de que una de las prioridades es la salud de la poblaci\u00f3n, m\u00e1s a\u00fan frente a los retos que se han presentado como el COVID-19\u00bb, dijo Mar\u00eda Guadalupe D\u00edaz Mart\u00ednez, Jefa de enfermeras del estado de Michoac\u00e1n en su intervenci\u00f3n.<\/p>\n\n\n\n<p class=\"wp-block-paragraph\">Juan Antonio Ferrer Aguilar, director del INSABI (Instituto de Salud para el Bienestar), reconoci\u00f3 &nbsp;el esfuerzo que se ha hecho en Michoac\u00e1n para rescatar hospitales que se ten\u00edan en abandono, en donde est\u00e1n operando en su totalidad.<\/p>\n\n\n\n<p class=\"wp-block-paragraph\">\u00abEstos dos hospitales forman parte de los 327 hospitales que se encontraban abandonados en el pa\u00eds, y en Michoac\u00e1n me comenta el Gobernador que ya est\u00e1n todos funcionado, y eso es una muy buena noticia y algo que se reconoce\u00bb, sostuvo.<\/p>\n\n\n\n<p class=\"wp-block-paragraph\">Ubicados en la primera Ciudad Salud de Michoac\u00e1n, este complejo va atender a m\u00e1s de 3 millones de personas que no tienen seguridad social.<\/p>\n\n\n\n<p class=\"wp-block-paragraph\">Cuenta con vialidades internas, entronques, paradores de transporte y un Albergue equipado para recibir a familias de pacientes hospitalizados.<\/p>\n\n\n\n<p class=\"wp-block-paragraph\">HOSPITAL CIVIL :<\/p>\n\n\n\n<p class=\"wp-block-paragraph\">Abarca 38 mil 257 metros cuadrados&nbsp;<\/p>\n\n\n\n<p class=\"wp-block-paragraph\">250 camas censables<br>137 camas no censables<br>4 salas de expulsi\u00f3n&nbsp;<br>46 consultorios&nbsp;<br>12 quir\u00f3fanos (dos exclusivos para trasplantes)<br>La reconversi\u00f3n hospitalaria para COVID-19 pasa de 70 a 92 camas<\/p>\n\n\n\n<p class=\"wp-block-paragraph\">HOSPITAL INFANTIL:<\/p>\n\n\n\n<p class=\"wp-block-paragraph\">Abarca 25 mil 479 metros cuadrados&nbsp;<br>100 camas censables<br>35 camas no censables&nbsp;<br>30 consultorios&nbsp;<br>6 quir\u00f3fanos&nbsp;<\/p>\n","protected":false},"excerpt":{"rendered":"<p>Michoac\u00e1n cuenta ya con el complejo hospitalario m\u00e1s grande de los \u00faltimos a\u00f1os, el que se convertir\u00e1 en gran fortaleza para atender la salud del estado<\/p>\n","protected":false},"author":3,"featured_media":29227,"comment_status":"open","ping_status":"open","sticky":false,"template":"","format":"standard","meta":{"_monsterinsights_skip_tracking":false,"footnotes":""},"categories":[691,51],"tags":[],"class_list":["post-29226","post","type-post","status-publish","format-standard","has-post-thumbnail","category-691","category-ejecutivo"],"_links":{"self":[{"href":"https:\/\/redsemlac.com\/semmexico\/wp-json\/wp\/v2\/posts\/29226","targetHints":{"allow":["GET"]}}],"collection":[{"href":"https:\/\/redsemlac.com\/semmexico\/wp-json\/wp\/v2\/posts"}],"about":[{"href":"https:\/\/redsemlac.com\/semmexico\/wp-json\/wp\/v2\/types\/post"}],"author":[{"embeddable":true,"href":"https:\/\/redsemlac.com\/semmexico\/wp-json\/wp\/v2\/users\/3"}],"replies":[{"embeddable":true,"href":"https:\/\/redsemlac.com\/semmexico\/wp-json\/wp\/v2\/comments?post=29226"}],"version-history":[{"count":0,"href":"https:\/\/redsemlac.com\/semmexico\/wp-json\/wp\/v2\/posts\/29226\/revisions"}],"wp:featuredmedia":[{"embeddable":true,"href":"https:\/\/redsemlac.com\/semmexico\/wp-json\/wp\/v2\/media\/29227"}],"wp:attachment":[{"href":"https:\/\/redsemlac.com\/semmexico\/wp-json\/wp\/v2\/media?parent=29226"}],"wp:term":[{"taxonomy":"category","embeddable":true,"href":"https:\/\/redsemlac.com\/semmexico\/wp-json\/wp\/v2\/categories?post=29226"},{"taxonomy":"post_tag","embeddable":true,"href":"https:\/\/redsemlac.com\/semmexico\/wp-json\/wp\/v2\/tags?post=29226"}],"curies":[{"name":"wp","href":"https:\/\/api.w.org\/{rel}","templated":true}]}}