{"id":2922,"date":"2018-02-01T20:39:41","date_gmt":"2018-02-01T20:39:41","guid":{"rendered":"https:\/\/redsemlac.com\/semmexico\/?p=2922"},"modified":"2023-07-21T14:30:22","modified_gmt":"2023-07-21T19:30:22","slug":"la-panista-de-32-anos-por-buscar-candidaturas-para-las-jovenes","status":"publish","type":"post","link":"https:\/\/redsemlac.com\/semmexico\/la-panista-de-32-anos-por-buscar-candidaturas-para-las-jovenes\/","title":{"rendered":"La panista de 32 a\u00f1os, por buscar candidaturas para las j\u00f3venes"},"content":{"rendered":"\n<p class=\"wp-block-paragraph\">Redacci\u00f3n<br>\nSemM\u00e9xico. Valladolid, Yuc. 1 febrero 2018.- Tras 14 a\u00f1os de participar en la vida pol\u00edtica del Partido Acci\u00f3n Nacional (PAN), Heidy Georgina Che Dzib, del municipio de Valladolid, present\u00f3 su solicitud de registro ante el Comit\u00e9 Directivo Estatal como precandidata al d\u00e9cimo primer distrito local.<\/p>\n\n\n\n<p class=\"wp-block-paragraph\">Acompa\u00f1ada por familiares y amigos, Che Dzib, de 32 a\u00f1os, se inscribi\u00f3 como precandidata el 30 de enero, ante la Comisi\u00f3n Auxiliar Electoral, integrada por Elena Su\u00e1rez Ruiz y Ra\u00fal Talles May.<\/p>\n\n\n\n<p class=\"wp-block-paragraph\">A pesar de su corta edad, dijo que \u201cHa llegado el momento de servir a la gente\u201d, y que este es el momento id\u00f3neo para que las mujeres j\u00f3venes busquen cargos p\u00fablicos dentro del estado, que permita trabajar por y para la ciudadan\u00eda, por lo que confi\u00f3 en que recibir\u00e1 el respaldo de su partido.<\/p>\n\n\n\n<p class=\"wp-block-paragraph\">\u201cTenemos toda la capacidad de demostrar que se puede trabajar. Soy una propuesta y esperamos buenos resultados. De no ser as\u00ed, seguiremos trabajando con mi Partido Acci\u00f3n Nacional\u201d, hizo \u00e9nfasis. <\/p>\n\n\n\n<p class=\"wp-block-paragraph\">Heidy Georgina Che Dzib es contadora p\u00fablica. Fue tesorera del PAN y se ha desempe\u00f1ado como docente en instituciones educativas. Actualmente est\u00e1 a cargo de la Direcci\u00f3n General de la empresa Casa del Apicultor, un negocio familiar.<\/p>\n\n\n\n<p class=\"wp-block-paragraph\">SEM\/lc\/gl<\/p>\n","protected":false},"excerpt":{"rendered":"<p>Redacci\u00f3n SemM\u00e9xico. Valladolid, Yuc. 1 febrero 2018.- Tras 14 a\u00f1os de participar en la vida pol\u00edtica del Partido Acci\u00f3n Nacional (PAN), Heidy Georgina Che Dzib, del municipio de Valladolid, present\u00f3 su solicitud de registro ante el Comit\u00e9 Directivo Estatal como precandidata al d\u00e9cimo primer distrito local. Acompa\u00f1ada por familiares y amigos, Che Dzib, de 32 [&hellip;]<\/p>\n","protected":false},"author":3,"featured_media":2923,"comment_status":"open","ping_status":"open","sticky":false,"template":"","format":"standard","meta":{"_monsterinsights_skip_tracking":false,"footnotes":""},"categories":[689,33],"tags":[],"class_list":["post-2922","post","type-post","status-publish","format-standard","has-post-thumbnail","category-689","category-elecciones-2018"],"_links":{"self":[{"href":"https:\/\/redsemlac.com\/semmexico\/wp-json\/wp\/v2\/posts\/2922","targetHints":{"allow":["GET"]}}],"collection":[{"href":"https:\/\/redsemlac.com\/semmexico\/wp-json\/wp\/v2\/posts"}],"about":[{"href":"https:\/\/redsemlac.com\/semmexico\/wp-json\/wp\/v2\/types\/post"}],"author":[{"embeddable":true,"href":"https:\/\/redsemlac.com\/semmexico\/wp-json\/wp\/v2\/users\/3"}],"replies":[{"embeddable":true,"href":"https:\/\/redsemlac.com\/semmexico\/wp-json\/wp\/v2\/comments?post=2922"}],"version-history":[{"count":0,"href":"https:\/\/redsemlac.com\/semmexico\/wp-json\/wp\/v2\/posts\/2922\/revisions"}],"wp:featuredmedia":[{"embeddable":true,"href":"https:\/\/redsemlac.com\/semmexico\/wp-json\/wp\/v2\/media\/2923"}],"wp:attachment":[{"href":"https:\/\/redsemlac.com\/semmexico\/wp-json\/wp\/v2\/media?parent=2922"}],"wp:term":[{"taxonomy":"category","embeddable":true,"href":"https:\/\/redsemlac.com\/semmexico\/wp-json\/wp\/v2\/categories?post=2922"},{"taxonomy":"post_tag","embeddable":true,"href":"https:\/\/redsemlac.com\/semmexico\/wp-json\/wp\/v2\/tags?post=2922"}],"curies":[{"name":"wp","href":"https:\/\/api.w.org\/{rel}","templated":true}]}}