{"id":29209,"date":"2020-11-24T21:57:00","date_gmt":"2020-11-24T21:57:00","guid":{"rendered":"https:\/\/redsemlac.com\/semmexico\/?p=29209"},"modified":"2023-07-21T16:39:02","modified_gmt":"2023-07-21T21:39:02","slug":"testimonio-vivi-violencia-de-pareja-pero-ahora-me-quiero-empoderar-ana","status":"publish","type":"post","link":"https:\/\/redsemlac.com\/semmexico\/testimonio-vivi-violencia-de-pareja-pero-ahora-me-quiero-empoderar-ana\/","title":{"rendered":"Testimonio| \u201cViv\u00ed violencia de pareja, pero ahora me quiero empoderar\u201d: \u201cAna\u201d"},"content":{"rendered":"\n<ul class=\"wp-block-list\"><li><strong>En el marco del \u201cD\u00eda Internacional de la Eliminaci\u00f3n de la Violencia Contra la Mujer\u201d, un testimonio de lucha contra este fen\u00f3meno<\/strong><\/li><\/ul>\n\n\n\n<p class=\"wp-block-paragraph\">\u00a0<strong>Irma L. M\u00e1rquez Torres<\/strong><br>SemM\u00e9xico. Morelia, Michoac\u00e1n. 24 de noviembre de 2020.-\u00a0Empoderarse es el deseo de \u201cAna\u201d tras ponerle un alto al maltrato, la violencia que por cinco a\u00f1os vivi\u00f3 de parte de su pareja sentimental. Todo comenz\u00f3 con celos, hasta que deriv\u00f3 en amenazas a punta de cuchillo en su propia casa, frente a su hijo. Entonces dijo: \u00a1ya basta!<br>\u00a0<br>Su testimonio no es muy diferente a la realidad que viven cientos de michoacanas y mujeres en el pa\u00eds y el mundo, quienes por temor o desconfianza en su gran mayor\u00eda no denuncian. Este 25 de noviembre se conmemora el \u201cD\u00eda Internacional de la Eliminaci\u00f3n de la Violencia Contra la Mujer\u201d. \u201cAna\u201d ya libr\u00f3 ese tormento. \u201c\u00bfY las dem\u00e1s?\u201d, se pregunta.<br>\u00a0<br>Temor a lo desconocido fue su primera sensaci\u00f3n al pedir ayuda a la Secretar\u00eda de Igualdad Sustantiva y Desarrollo de las Mujeres (Seimujer), pero con el valor suficiente para sacar adelante a sus tres hijos: la mayor de 22 a\u00f1os, le sigue el de 18 y el m\u00e1s chico de cinco a\u00f1os. Su hija fue quien la envalent\u00f3 para que lanzara el grito de auxilio.<br>\u00a0<br>\u201cTuve violencia familiar muy fuerte por parte de mi pareja, peleas, gritos, jaloneos; tres d\u00edas de caos en casa, hasta el domingo fue que decid\u00ed parar y salir. Empez\u00f3 con celos, inseguridades por parte de \u00e9l, pensaba que yo no pod\u00eda saludar a alguien porque parec\u00eda que le estaba coqueteando\u201d, relat\u00f3.<br>\u00a0<br>\u201cAna\u201d dej\u00f3 de frecuentar a su familia, su agresor le marc\u00f3 la pauta respecto de sus hijos los mayores. La escup\u00eda, golpeaba y le impuso la idea de que ella no val\u00eda nada sin su presencia, \u201csi no eres m\u00eda no ser\u00e1s de nadie\u201d, el acabose. Su mayor miedo era morir en el intento y dejar hu\u00e9rfano a su hijo menor. Nunca lo denunci\u00f3, hasta que huy\u00f3.<br>\u00a0<br>Llegar a la Seimujer le dio la fortaleza que necesitaba para seguir adelante, \u201csaber realmente qui\u00e9n eres, qu\u00e9 puedes hacer. Viv\u00ed violencia, pero ahora me quiero empoderar, porque me siento fuerte para poder hacer lo que quiero ser. Independizarme, ser yo misma\u201d, reflexion\u00f3 tras el proceso de atenci\u00f3n psicol\u00f3gica y de empoderamiento femenino.<br>\u00a0<br>Desde su experiencia: un grito es suficiente para saber c\u00f3mo es la persona, va m\u00e1s all\u00e1 de lo que aparenta ser. El foco rojo que todas las mujeres deben detectar, llam\u00e1ndolas a su vez para que no se queden calladas, pongan un alto, denuncien y pidan la ayuda necesaria, reconoce que hoy se cuenta con instituciones responsables y sensibles que brindan el apoyo.<br>\u00a0<\/p>\n","protected":false},"excerpt":{"rendered":"<p>En el marco del \u201cD\u00eda Internacional de la Eliminaci\u00f3n de la Violencia Contra la Mujer\u201d, un testimonio de lucha contra este fen\u00f3meno<\/p>\n","protected":false},"author":3,"featured_media":29210,"comment_status":"open","ping_status":"open","sticky":false,"template":"","format":"standard","meta":{"_monsterinsights_skip_tracking":false,"footnotes":""},"categories":[691,54],"tags":[],"class_list":["post-29209","post","type-post","status-publish","format-standard","has-post-thumbnail","category-691","category-mujeres"],"_links":{"self":[{"href":"https:\/\/redsemlac.com\/semmexico\/wp-json\/wp\/v2\/posts\/29209","targetHints":{"allow":["GET"]}}],"collection":[{"href":"https:\/\/redsemlac.com\/semmexico\/wp-json\/wp\/v2\/posts"}],"about":[{"href":"https:\/\/redsemlac.com\/semmexico\/wp-json\/wp\/v2\/types\/post"}],"author":[{"embeddable":true,"href":"https:\/\/redsemlac.com\/semmexico\/wp-json\/wp\/v2\/users\/3"}],"replies":[{"embeddable":true,"href":"https:\/\/redsemlac.com\/semmexico\/wp-json\/wp\/v2\/comments?post=29209"}],"version-history":[{"count":0,"href":"https:\/\/redsemlac.com\/semmexico\/wp-json\/wp\/v2\/posts\/29209\/revisions"}],"wp:featuredmedia":[{"embeddable":true,"href":"https:\/\/redsemlac.com\/semmexico\/wp-json\/wp\/v2\/media\/29210"}],"wp:attachment":[{"href":"https:\/\/redsemlac.com\/semmexico\/wp-json\/wp\/v2\/media?parent=29209"}],"wp:term":[{"taxonomy":"category","embeddable":true,"href":"https:\/\/redsemlac.com\/semmexico\/wp-json\/wp\/v2\/categories?post=29209"},{"taxonomy":"post_tag","embeddable":true,"href":"https:\/\/redsemlac.com\/semmexico\/wp-json\/wp\/v2\/tags?post=29209"}],"curies":[{"name":"wp","href":"https:\/\/api.w.org\/{rel}","templated":true}]}}