{"id":29204,"date":"2020-11-30T21:57:01","date_gmt":"2020-11-30T21:57:01","guid":{"rendered":"https:\/\/redsemlac.com\/semmexico\/?p=29204"},"modified":"2023-07-21T16:40:17","modified_gmt":"2023-07-21T21:40:17","slug":"la-oms-pide-seriedad-en-la-respuesta-al-covid-19-en-mexico-ante-una-situacion-muy-preocupante","status":"publish","type":"post","link":"https:\/\/redsemlac.com\/semmexico\/la-oms-pide-seriedad-en-la-respuesta-al-covid-19-en-mexico-ante-una-situacion-muy-preocupante\/","title":{"rendered":"La OMS pide seriedad en la respuesta al COVID-19 en M\u00e9xico ante una situaci\u00f3n \u201cmuy preocupante\u201d"},"content":{"rendered":"\n<p class=\"wp-block-paragraph\"><strong>Redacci\u00f3n<\/strong><\/p>\n\n\n\n<p class=\"wp-block-paragraph\">SemM\u00e9xico\/Noticias ONU. 30 de noviembre 2020.- La Organizaci\u00f3n Mundial de la Salud considera que el aumento de casos y muertes por COVID-19 en M\u00e9xico demuestra que el pa\u00eds est\u00e1 en una situaci\u00f3n \u201cmala\u201d que es \u201cmuy preocupante\u201d y piden seriedad en la respuesta y a los l\u00edderes que sean ejemplares en el uso de mascarillas y otras medidas.<\/p>\n\n\n\n<p class=\"wp-block-paragraph\">El director de la Organizaci\u00f3n destac\u00f3 que desde mediados de octubre los n\u00fameros de muertes y casos semanales se han doblado.<\/p>\n\n\n\n<p class=\"wp-block-paragraph\">\u201cCuando ambos indicadores aumentan, es un problema muy serio. Y nos gustar\u00eda pedir a M\u00e9xico que sea muy serio. No comentamos comportamientos individuales sobre el uso de mascarillas. Pero hemos dicho en general que usar mascarilla es importante, la higiene de manos es importante, mantener la distancia es importante y esperamos que los l\u00edderes sean ejemplares. Queremos que los l\u00edderes sean un modelo a seguir\u201d, dijo el doctor Tedros Adhanom Gebreyesus.<\/p>\n\n\n\n<p class=\"wp-block-paragraph\">El director de emergencias de la OMS, Michael Ryan, a\u00f1adi\u00f3 que, en cualquier pa\u00eds del mundo es fundamental que la comunicaci\u00f3n con la sociedad sea \u201cclara, cre\u00edble y regular\u201d.<\/p>\n\n\n\n<p class=\"wp-block-paragraph\">\u201cNo importa lo que digan los carteles y las gu\u00edas, si ese comportamiento no es demostrado por los l\u00edderes y personas con influencia, causa confusi\u00f3n, el asunto se politiza y no ayuda a nadie\u201d.<\/p>\n","protected":false},"excerpt":{"rendered":"<p>La Organizaci\u00f3n Mundial de la Salud considera que el aumento de casos y muertes por COVID-19 en M\u00e9xico demuestra que el pa\u00eds est\u00e1 en una situaci\u00f3n \u201cmala\u201d que es \u201cmuy preocupante\u201d <\/p>\n","protected":false},"author":3,"featured_media":29206,"comment_status":"open","ping_status":"open","sticky":false,"template":"","format":"standard","meta":{"_monsterinsights_skip_tracking":false,"footnotes":""},"categories":[691,135],"tags":[],"class_list":["post-29204","post","type-post","status-publish","format-standard","has-post-thumbnail","category-691","category-emergencia-sanitaria-covid-19"],"_links":{"self":[{"href":"https:\/\/redsemlac.com\/semmexico\/wp-json\/wp\/v2\/posts\/29204","targetHints":{"allow":["GET"]}}],"collection":[{"href":"https:\/\/redsemlac.com\/semmexico\/wp-json\/wp\/v2\/posts"}],"about":[{"href":"https:\/\/redsemlac.com\/semmexico\/wp-json\/wp\/v2\/types\/post"}],"author":[{"embeddable":true,"href":"https:\/\/redsemlac.com\/semmexico\/wp-json\/wp\/v2\/users\/3"}],"replies":[{"embeddable":true,"href":"https:\/\/redsemlac.com\/semmexico\/wp-json\/wp\/v2\/comments?post=29204"}],"version-history":[{"count":0,"href":"https:\/\/redsemlac.com\/semmexico\/wp-json\/wp\/v2\/posts\/29204\/revisions"}],"wp:featuredmedia":[{"embeddable":true,"href":"https:\/\/redsemlac.com\/semmexico\/wp-json\/wp\/v2\/media\/29206"}],"wp:attachment":[{"href":"https:\/\/redsemlac.com\/semmexico\/wp-json\/wp\/v2\/media?parent=29204"}],"wp:term":[{"taxonomy":"category","embeddable":true,"href":"https:\/\/redsemlac.com\/semmexico\/wp-json\/wp\/v2\/categories?post=29204"},{"taxonomy":"post_tag","embeddable":true,"href":"https:\/\/redsemlac.com\/semmexico\/wp-json\/wp\/v2\/tags?post=29204"}],"curies":[{"name":"wp","href":"https:\/\/api.w.org\/{rel}","templated":true}]}}