{"id":2919,"date":"2018-02-05T20:38:04","date_gmt":"2018-02-05T20:38:04","guid":{"rendered":"https:\/\/redsemlac.com\/semmexico\/?p=2919"},"modified":"2023-07-21T14:30:48","modified_gmt":"2023-07-21T19:30:48","slug":"ahi-vamos-ahi-vamos-muy-bien-llegare-a-la-boleta-margarita-zavala","status":"publish","type":"post","link":"https:\/\/redsemlac.com\/semmexico\/ahi-vamos-ahi-vamos-muy-bien-llegare-a-la-boleta-margarita-zavala\/","title":{"rendered":"\u201cAh\u00ed vamos, ah\u00ed vamos, muy bien. Llegar\u00e9 a la boleta\u201d Margarita Zavala"},"content":{"rendered":"\n<p class=\"wp-block-paragraph\"><a href=\"https:\/\/www.semmexico.com\/gallery-post.php?id=3954#\">Michelle Bucio<\/a><\/p>\n\n\n\n<p class=\"wp-block-paragraph\">SemM\u00e9xico, Cd. de M\u00e9xico, 5 febrero 2018.- A M\u00e9xico le hace falta reconciliaci\u00f3n y justicia, reconoci\u00f3 la aspirante independiente a la presidencia de la rep\u00fablica, Margarita Zavala, al acudir a la ceremonia de investidura del nuevo Arzobispo Primado de M\u00e9xico, Carlos Aguiar Retes, en la Catedral Metropolitana.&nbsp;<br><br>Acompa\u00f1ada por el expresidente de M\u00e9xico, Felipe Calder\u00f3n Hinojosa, la aspirante se\u00f1al\u00f3 que acudi\u00f3 al acto a invitaci\u00f3n del Cardenal, a quien conoce desde hace muchos a\u00f1os y con quien, asegur\u00f3, coincide en muchos temas, aunque no abund\u00f3 al respecto.&nbsp;<br><br>Indic\u00f3 que los preceptos mencionados por Aguiar Retes, como reconciliaci\u00f3n y justicia, son importantes para poder avanzar juntos como sociedad. Ello, a pesar de reconocer que al pa\u00eds le hacen falta tambi\u00e9n muchas otras cosas.&nbsp;<br><br>Cuestionada sobre el avance de su campa\u00f1a de recolecci\u00f3n de firmas para obtener el registro de su candidatura, la ex panista se\u00f1al\u00f3 que va muy bien: \u201cAh\u00ed vamos, ah\u00ed vamos, muy bien. Llegar\u00e9 a la boleta\u201d.<br><br>SEM\/mb\/gl<\/p>\n","protected":false},"excerpt":{"rendered":"<p>Michelle Bucio SemM\u00e9xico, Cd. de M\u00e9xico, 5 febrero 2018.- A M\u00e9xico le hace falta reconciliaci\u00f3n y justicia, reconoci\u00f3 la aspirante independiente a la presidencia de la rep\u00fablica, Margarita Zavala, al acudir a la ceremonia de investidura del nuevo Arzobispo Primado de M\u00e9xico, Carlos Aguiar Retes, en la Catedral Metropolitana.&nbsp; Acompa\u00f1ada por el expresidente de M\u00e9xico, [&hellip;]<\/p>\n","protected":false},"author":3,"featured_media":2920,"comment_status":"open","ping_status":"open","sticky":false,"template":"","format":"standard","meta":{"_monsterinsights_skip_tracking":false,"footnotes":""},"categories":[689,33],"tags":[],"class_list":["post-2919","post","type-post","status-publish","format-standard","has-post-thumbnail","category-689","category-elecciones-2018"],"_links":{"self":[{"href":"https:\/\/redsemlac.com\/semmexico\/wp-json\/wp\/v2\/posts\/2919","targetHints":{"allow":["GET"]}}],"collection":[{"href":"https:\/\/redsemlac.com\/semmexico\/wp-json\/wp\/v2\/posts"}],"about":[{"href":"https:\/\/redsemlac.com\/semmexico\/wp-json\/wp\/v2\/types\/post"}],"author":[{"embeddable":true,"href":"https:\/\/redsemlac.com\/semmexico\/wp-json\/wp\/v2\/users\/3"}],"replies":[{"embeddable":true,"href":"https:\/\/redsemlac.com\/semmexico\/wp-json\/wp\/v2\/comments?post=2919"}],"version-history":[{"count":0,"href":"https:\/\/redsemlac.com\/semmexico\/wp-json\/wp\/v2\/posts\/2919\/revisions"}],"wp:featuredmedia":[{"embeddable":true,"href":"https:\/\/redsemlac.com\/semmexico\/wp-json\/wp\/v2\/media\/2920"}],"wp:attachment":[{"href":"https:\/\/redsemlac.com\/semmexico\/wp-json\/wp\/v2\/media?parent=2919"}],"wp:term":[{"taxonomy":"category","embeddable":true,"href":"https:\/\/redsemlac.com\/semmexico\/wp-json\/wp\/v2\/categories?post=2919"},{"taxonomy":"post_tag","embeddable":true,"href":"https:\/\/redsemlac.com\/semmexico\/wp-json\/wp\/v2\/tags?post=2919"}],"curies":[{"name":"wp","href":"https:\/\/api.w.org\/{rel}","templated":true}]}}