{"id":29126,"date":"2020-11-30T09:35:00","date_gmt":"2020-11-30T09:35:00","guid":{"rendered":"https:\/\/redsemlac.com\/semmexico\/?p=29126"},"modified":"2023-07-21T16:38:54","modified_gmt":"2023-07-21T21:38:54","slug":"ip-y-sociedad-civil-impulsan-la-economia-de-mujeres-duenas-de-pequenos-negocios-lo-que-disminuye-la-brecha-de-genero-durante-la-pandemia-covid19","status":"publish","type":"post","link":"https:\/\/redsemlac.com\/semmexico\/ip-y-sociedad-civil-impulsan-la-economia-de-mujeres-duenas-de-pequenos-negocios-lo-que-disminuye-la-brecha-de-genero-durante-la-pandemia-covid19\/","title":{"rendered":"IP y sociedad civil impulsan la econom\u00eda de mujeres due\u00f1as de peque\u00f1os negocios lo que disminuye la brecha de g\u00e9nero durante la pandemia COVID19"},"content":{"rendered":"\n<ul class=\"wp-block-list\"><li><strong>Los comercios como tienditas, peluquer\u00edas o tortiller\u00edas son lugares de mayor participaci\u00f3n de las mujeres<\/strong><\/li><\/ul>\n\n\n\n<p class=\"wp-block-paragraph\"><strong>Redacci\u00f3n<\/strong><\/p>\n\n\n\n<p class=\"wp-block-paragraph\">Ante la situaci\u00f3n econ\u00f3mica derivada de la COVID 19, la organizaci\u00f3n civil Pro Mujer en alianza con Fundaci\u00f3n Coca-Cola M\u00e9xico, como parte de la Industria Mexicana de Coca-Cola, crearon un programa de soporte para impulsar la econom\u00eda de cuatro mil personas y el acompa\u00f1amiento empresarial a trav\u00e9s de medios digitales a m\u00e1s de 12 mil mujeres en distintos puntos del pa\u00eds.<\/p>\n\n\n\n<p class=\"wp-block-paragraph\">&nbsp;Las tienditas de abarrotes, tortiller\u00edas, peluquer\u00edas son la fuente de ingreso principal de millones de jefas de familia, y en los \u00faltimos meses se han visto afectadas por los efectos de la pandemia de COVID-19.<\/p>\n\n\n\n<p class=\"wp-block-paragraph\">De acuerdo con datos de la Encuesta Nacional sobre productividad de las micro, peque\u00f1as y medianas empresas (Enaproce) de 2018, en M\u00e9xico hay m\u00e1s de 4.1 millones de unidades econ\u00f3micas pertenecientes a este grupo, de las cuales 60% est\u00e1 liderado por mujeres.<\/p>\n\n\n\n<p class=\"wp-block-paragraph\">Pro Mujer, una instituci\u00f3n que combina las microfinanzas con la salud y el empoderamiento de mujeres explica que las consecuencias de la pandemia tienen un impacto determinante para el \u00e9xito o el fracaso de estos negocios y el avance en la igualdad de g\u00e9nero.<\/p>\n\n\n\n<p class=\"wp-block-paragraph\">La representante en M\u00e9xico de Pro Mujer, Natalia Wills, explic\u00f3 que \u201ca trav\u00e9s de 30 a\u00f1os de experiencia\u201d en esta organizaci\u00f3n civil, \u201chemos comprobado que al invertir en las mujeres, 90% del beneficio tiene retorno en la familia, y esto convierte a todas las beneficiadas en agentes de cambio de gran alcance\u201d<\/p>\n\n\n\n<p class=\"wp-block-paragraph\">A trav\u00e9s de un comunicado Pro Mujer, explica que estos meses en que se ha vivido la contingencia, se incrementa la carga de labores de cuidado para las mujeres en el hogar; las tensiones interpersonales escalan los niveles de violencia intrafamiliar, adem\u00e1s de que, dif\u00edcilmente, estos emprendimientos cuentan con un soporte econ\u00f3mico que les permita atenuar los efectos de la crisis.<\/p>\n\n\n\n<p class=\"wp-block-paragraph\">Lo anterior pone en riesgo el crecimiento de las tienditas y la calidad de vida de quienes dependen de su funcionamiento, que en su mayor\u00eda son mujeres, menciona esta instituci\u00f3n que apoya actualmente a 25 mil mujeres en m\u00e1s de 25 comunidades dentro del centro del pa\u00eds, ubicadas en Ciudad de M\u00e9xico, Estado de M\u00e9xico, Hidalgo, Puebla y Veracruz. &nbsp;<\/p>\n\n\n\n<p class=\"wp-block-paragraph\">Desde 2012, Fundaci\u00f3n Coca-Cola M\u00e9xico y la IMCC colaboran con diversas organizaciones para impulsar iniciativas en pro del empoderamiento econ\u00f3mico de las mujeres, impulsando acciones que, hasta hoy, han beneficiado a m\u00e1s de 186 mil mujeres mexicanas, en el \u00e1mbito personal, econ\u00f3mico y social, en la alianza con el Tecnol\u00f3gico Nacional de M\u00e9xico y sus distintas sedes en todo el pa\u00eds.<\/p>\n\n\n\n<p class=\"wp-block-paragraph\">Ante la situaci\u00f3n apremiante que presenta 2020, la suma de los esfuerzos de organizaciones de la sociedad civil y universidades ha sido fundamental en el fortalecimiento de la econom\u00eda.<\/p>\n\n\n\n<p class=\"wp-block-paragraph\">Al brindar herramientas digitales, personales, comerciales y financieras a mujeres en situaciones precarizadas o de vulnerabilidad dentro de proyectos como este, es posible disminuir la brecha de g\u00e9nero y al mismo tiempo impulsar el flujo econ\u00f3mico de todo un pa\u00eds.<\/p>\n","protected":false},"excerpt":{"rendered":"<p>Los comercios como tienditas, peluquer\u00edas o tortiller\u00edas son lugares de mayor participaci\u00f3n de las mujeres<\/p>\n","protected":false},"author":3,"featured_media":29127,"comment_status":"open","ping_status":"open","sticky":false,"template":"","format":"standard","meta":{"_monsterinsights_skip_tracking":false,"footnotes":""},"categories":[691,54],"tags":[],"class_list":["post-29126","post","type-post","status-publish","format-standard","has-post-thumbnail","category-691","category-mujeres"],"_links":{"self":[{"href":"https:\/\/redsemlac.com\/semmexico\/wp-json\/wp\/v2\/posts\/29126","targetHints":{"allow":["GET"]}}],"collection":[{"href":"https:\/\/redsemlac.com\/semmexico\/wp-json\/wp\/v2\/posts"}],"about":[{"href":"https:\/\/redsemlac.com\/semmexico\/wp-json\/wp\/v2\/types\/post"}],"author":[{"embeddable":true,"href":"https:\/\/redsemlac.com\/semmexico\/wp-json\/wp\/v2\/users\/3"}],"replies":[{"embeddable":true,"href":"https:\/\/redsemlac.com\/semmexico\/wp-json\/wp\/v2\/comments?post=29126"}],"version-history":[{"count":0,"href":"https:\/\/redsemlac.com\/semmexico\/wp-json\/wp\/v2\/posts\/29126\/revisions"}],"wp:featuredmedia":[{"embeddable":true,"href":"https:\/\/redsemlac.com\/semmexico\/wp-json\/wp\/v2\/media\/29127"}],"wp:attachment":[{"href":"https:\/\/redsemlac.com\/semmexico\/wp-json\/wp\/v2\/media?parent=29126"}],"wp:term":[{"taxonomy":"category","embeddable":true,"href":"https:\/\/redsemlac.com\/semmexico\/wp-json\/wp\/v2\/categories?post=29126"},{"taxonomy":"post_tag","embeddable":true,"href":"https:\/\/redsemlac.com\/semmexico\/wp-json\/wp\/v2\/tags?post=29126"}],"curies":[{"name":"wp","href":"https:\/\/api.w.org\/{rel}","templated":true}]}}