{"id":29120,"date":"2020-11-29T09:40:00","date_gmt":"2020-11-29T09:40:00","guid":{"rendered":"https:\/\/redsemlac.com\/semmexico\/?p=29120"},"modified":"2023-07-21T16:38:54","modified_gmt":"2023-07-21T21:38:54","slug":"el-etiquetado-frontal-es-una-medida-que-por-si-sola-no-soluciona-el-sobrepeso-y-la-obesidad","status":"publish","type":"post","link":"https:\/\/redsemlac.com\/semmexico\/el-etiquetado-frontal-es-una-medida-que-por-si-sola-no-soluciona-el-sobrepeso-y-la-obesidad\/","title":{"rendered":"El etiquetado frontal es una medida que, por s\u00ed sola, no soluciona el sobrepeso y la obesidad"},"content":{"rendered":"\n<ul class=\"wp-block-list\"><li><strong>Los productos con sellos deben ser consumidos con moderaci\u00f3n, coment\u00f3 el especialista<\/strong><\/li><\/ul>\n\n\n\n<p class=\"wp-block-paragraph\"><strong>Redacci\u00f3n<\/strong><\/p>\n\n\n\n<p class=\"wp-block-paragraph\">SemM\u00e9xico. Ciudad de M\u00e9xico a 29 de noviembre de 2020.- El etiquetado frontal es una medida que, por s\u00ed misma, no puede revertir las tendencias de obesidad y sobrepeso en el pa\u00eds, toda vez que estos padecimientos son multifactoriales. Se necesitan acciones integrales con distintos enfoques, tanto a nivel individual, como social y de pol\u00edtica p\u00fablica.<\/p>\n\n\n\n<p class=\"wp-block-paragraph\">Lo anterior, lo se\u00f1al\u00f3 el Dr Guillermo Arteaga MacKinney durante la transmisi\u00f3n en vivo que se llev\u00f3 a cabo desde la cuenta de Instagram del Laboratorio de Datos Contra la Obesidad: @DatosvsObesidad.<\/p>\n\n\n\n<p class=\"wp-block-paragraph\">\u201cHay muchas cosas que tenemos que hacer como consumidores, sin pasar toda la responsabilidad a alguien m\u00e1s. Debemos tener estilos de vida m\u00e1s saludables y mayor actividad f\u00edsica. Es importante rescatar el valor e importancia de la salud y darnos cuenta que lo que comemos puede afectarla.\u201d, declar\u00f3.<\/p>\n\n\n\n<p class=\"wp-block-paragraph\">Record\u00f3 que esta medida entr\u00f3 en vigor el 1\u00ba de octubre a nivel nacional, al tiempo que precis\u00f3 que su objetivo es informar, de manera r\u00e1pida, a los compradores sobre los excesos de nutrientes cr\u00edticos en productos ultraprocesados: grasas, az\u00facares, sodio y calor\u00edas, as\u00ed como de la presencia de edulcorantes y cafe\u00edna.<\/p>\n\n\n\n<p class=\"wp-block-paragraph\">\u201cNo se les est\u00e1 denominado a los productos como prohibidos o malos, sino que tienen un exceso, bajo unos criterios establecidos. Esta es una se\u00f1al para que los consumidores tengan cuidado con este alimento, no necesariamente dejarlo de comprar, sino tomar en cuenta si hay alternativas sin sellos o ser moderados en su ingesta\u201d, dijo.<\/p>\n\n\n\n<p class=\"wp-block-paragraph\">\u201cEn t\u00e9rminos generales, los mexicanos hemos perdido este inter\u00e9s por la comida, no por comer. La gente joven cada vez cocina menos, y cada vez consumimos m\u00e1s alimentos procesados. Nos hemos guiado por el sabor y la conveniencia. Y esto ha tenido sus consecuencias. Este tipo de etiquetado, con una informaci\u00f3n m\u00e1s transparente, tiene limitaciones, pero tambi\u00e9n cosas rescatables\u201d, concluy\u00f3.<\/p>\n\n\n\n<p class=\"wp-block-paragraph\">*<em>Arteaga MacKinney es Maestro y Doctor por la Universidad de British Columbia y colaborador del Laboratorio de Datos contra la Obesidad (LabDO).<\/em><\/p>\n","protected":false},"excerpt":{"rendered":"<p>Los productos con sellos deben ser consumidos con moderaci\u00f3n, coment\u00f3 el especialista<\/p>\n","protected":false},"author":3,"featured_media":29121,"comment_status":"open","ping_status":"open","sticky":false,"template":"","format":"standard","meta":{"_monsterinsights_skip_tracking":false,"footnotes":""},"categories":[691,51],"tags":[],"class_list":["post-29120","post","type-post","status-publish","format-standard","has-post-thumbnail","category-691","category-ejecutivo"],"_links":{"self":[{"href":"https:\/\/redsemlac.com\/semmexico\/wp-json\/wp\/v2\/posts\/29120","targetHints":{"allow":["GET"]}}],"collection":[{"href":"https:\/\/redsemlac.com\/semmexico\/wp-json\/wp\/v2\/posts"}],"about":[{"href":"https:\/\/redsemlac.com\/semmexico\/wp-json\/wp\/v2\/types\/post"}],"author":[{"embeddable":true,"href":"https:\/\/redsemlac.com\/semmexico\/wp-json\/wp\/v2\/users\/3"}],"replies":[{"embeddable":true,"href":"https:\/\/redsemlac.com\/semmexico\/wp-json\/wp\/v2\/comments?post=29120"}],"version-history":[{"count":0,"href":"https:\/\/redsemlac.com\/semmexico\/wp-json\/wp\/v2\/posts\/29120\/revisions"}],"wp:featuredmedia":[{"embeddable":true,"href":"https:\/\/redsemlac.com\/semmexico\/wp-json\/wp\/v2\/media\/29121"}],"wp:attachment":[{"href":"https:\/\/redsemlac.com\/semmexico\/wp-json\/wp\/v2\/media?parent=29120"}],"wp:term":[{"taxonomy":"category","embeddable":true,"href":"https:\/\/redsemlac.com\/semmexico\/wp-json\/wp\/v2\/categories?post=29120"},{"taxonomy":"post_tag","embeddable":true,"href":"https:\/\/redsemlac.com\/semmexico\/wp-json\/wp\/v2\/tags?post=29120"}],"curies":[{"name":"wp","href":"https:\/\/api.w.org\/{rel}","templated":true}]}}