{"id":29112,"date":"2020-11-28T17:04:58","date_gmt":"2020-11-28T17:04:58","guid":{"rendered":"https:\/\/redsemlac.com\/semmexico\/?p=29112"},"modified":"2023-07-21T16:38:54","modified_gmt":"2023-07-21T21:38:54","slug":"este-sabado-concierto-manten-la-promesa-sidalaotra-pandemia-de-manera-virtual","status":"publish","type":"post","link":"https:\/\/redsemlac.com\/semmexico\/este-sabado-concierto-manten-la-promesa-sidalaotra-pandemia-de-manera-virtual\/","title":{"rendered":"Este s\u00e1bado concierto Mant\u00e9n la Promesa #sidalaotra pandemia de manera virtual"},"content":{"rendered":"\n<h2 class=\"wp-block-heading\">16 d\u00edas de Acci\u00f3n<\/h2>\n\n\n\n<ul class=\"wp-block-list\"><li><strong>Llaman gente de la m\u00fasica y el canto que tiene mucha importancia sentir e informarse y darle sentido a la m\u00fasica<\/strong><\/li><li><strong>A partir de las 6 de la tarde cuatro horas de m\u00fasica, para eliminar el SIDA.<\/strong><\/li><\/ul>\n\n\n\n<p class=\"wp-block-paragraph\"><strong>Elda Montiel<\/strong><\/p>\n\n\n\n<p class=\"wp-block-paragraph\">SemM\u00e9xico. Ciudad de M\u00e9xico a 28 de noviembre, 2020.- En el marco del D\u00eda Mundial del Sida, que ser\u00e1 el primero de diciembre, habr\u00e1 un concierto trasmitido por televisi\u00f3n y medios virtuales, redes y a distancia, inform\u00f3&nbsp;&nbsp; Nicole Finkelstein, directora de AHF M\u00e9xico. Se busca hacer conciencia sobre la \u201cotra pandemia\u201d, que est\u00e1 olvidada por la contingencia.<\/p>\n\n\n\n<p class=\"wp-block-paragraph\">El concierto Mant\u00e9n la Promesa #sidalaotrapandemia ser\u00e1 este 28 de noviembre, a partir de las 18 horas, y &nbsp;&nbsp;que podr\u00e1s disfrutar y consumir a en los canales &nbsp;21.1 tambi\u00e9n en las redes de AHF M\u00e9xico y la serie de aliados que se est\u00e1n sumando d\u00eda a d\u00eda, como HDTV ABIERTA,21 HD IZZI, 21 Totalplay, 21 AXTEL TV.<\/p>\n\n\n\n<p class=\"wp-block-paragraph\">A lo largo de cuatro horas de programa desfilar\u00e1n artistas, aliados, activistas y expertos como Miranda, Esteman, Juan Manuel Torreblanca, Diez Siempre Juntos, Isabel Lascur\u00e1in, Erik Hayser, Alan Estrada, Michelle Rodr\u00edguez, Ophelia Pastrana, Tefy Ortiz, Pilar Boliver, Charlie Cordero, Ala\u00edn Pinz\u00f3n, Silvia Carmona, Henri Donnadieu, Johnny Carmona, \u00c1ngel Candia, Dr. Otto Tavera, Dra. Alicia Pi\u00f1eirua, Dr. Mario G\u00f3mez, Dra. Brenda Crabtree, Jaime Morales, Andrea Luna y m\u00e1s.<\/p>\n\n\n\n<p class=\"wp-block-paragraph\">\u00a8Never in the history\u00a8 marcar\u00e1 el arranque del especial Mant\u00e9n la promesa. \u201cSida, la otra pandemia\u201d, siempre con un lenguaje incluyente.<\/p>\n\n\n\n<p class=\"wp-block-paragraph\">\u00a8Adem\u00e1s, si escuchamos un mensaje de prevenci\u00f3n desde alguien que admiramos es mucho m\u00e1s sencillo que lo tomemos como nuestro\u00a8, afirm\u00f3 Nicole Finkelstein.<\/p>\n\n\n\n<p class=\"wp-block-paragraph\">Expres\u00f3 que este 2020 el VIH es la pandemia olvidada ante la contingencia que enfrentamos en el mundo, sin embargo, tenemos la responsabilidad de recordar que se puede controlar con conciencia social e informaci\u00f3n especializada.<\/p>\n\n\n\n<p class=\"wp-block-paragraph\">Es un trabajo integral que puede resultar en una generaci\u00f3n libre de sida para el 2030 tal como marcan los objetivos de AHF.&nbsp;<\/p>\n\n\n\n<p class=\"wp-block-paragraph\">La directora de AHF M\u00e9xico, que es la organizaci\u00f3n m\u00e1s grande a nivel global&nbsp;que trabaja en&nbsp;<strong>prevenci\u00f3n,&nbsp;detecci\u00f3n&nbsp;y&nbsp;tratamiento<\/strong>&nbsp;de VIH y Sida dijo que este concierto&nbsp; es para todas las personas sin importar su capacidad de pago, record\u00f3 que los conciertos que AHF presenta en nuestro pa\u00eds desde el a\u00f1o de 2016, tiene como fin comunicar a trav\u00e9s del lenguaje universal de la m\u00fasica que la soluci\u00f3n para la erradicaci\u00f3n del sida necesita de un apoyo multidisciplinario donde tanto sociedad, gobierno y organizaciones sociales o profesionales, se &nbsp;involucren.<\/p>\n\n\n\n<p class=\"wp-block-paragraph\">Para el cantautor colombiano Esteman, integrarse a este proyecto es dar sentido especial a su m\u00fasica. En este concierto sus cinco canciones pretenden conectar directamente con la gente que necesita aprender y sentirse integrada. Saber que la informaci\u00f3n y la higiene sexual en todo sentido son importantes a pesar del paso generacional y a\u00fan sobre los adelantos m\u00e9dicos debemos recordar lo elemental, como el uso correcto del cond\u00f3n.<\/p>\n\n\n\n<p class=\"wp-block-paragraph\">Uno de los aprendizajes que se comparten en cada concierto Mant\u00e9n la promesa y que ahora aplican perfectamente para hacer conciencia, incluso, aplica en materia de COVID\u00a8 enfatiz\u00f3 el m\u00fasico Juan Manuel Torreblanca.<\/p>\n\n\n\n<p class=\"wp-block-paragraph\">Para Valeria Vera, actriz, cantante y socia productora de Casa Luz INC crear, participar y proponer contenido para cuatro horas de programa es una labor con mucho sentido \u00a8desde Diez siempre juntos acompa\u00f1aremos con nuestra propuesta musical d\u00e9cada a d\u00e9cada el trabajo en torno al VIH, y desde Casa Luz INC trabajamos en proyectos con causa, problem\u00e1ticas que necesitan ser visibles y el sida es la otra pandemia que nos obliga a concientizar\u00a8.<\/p>\n\n\n\n<p class=\"wp-block-paragraph\">La directora de AHF M\u00e9xico reiter\u00f3 la invitaci\u00f3n a organizaciones y personas en M\u00e9xico y el mundo, a utilizar la consigna \u201cSida: la otra pandemia\u201d, a hacer uso de los logotipos y hashtags de la campa\u00f1a para difundir con fuerza el mensaje de prevenci\u00f3n, detecci\u00f3n oportuna y tratamiento inmediato del VIH \u201cSida, la otra pandemia\u201d.<\/p>\n\n\n\n<p class=\"wp-block-paragraph\">Lo puedes ver en las siguientes ligas.<\/p>\n\n\n\n<p class=\"wp-block-paragraph\">https:\/\/www.facebook.com\/Capital21 \/ <a href=\"http:\/\/www.capital21.cdmx.gob.mx\/ \">http:\/\/www.capital21.cdmx.gob.mx\/ <\/a>y por las redes sociales de AHF M\u00e9xico, en su canal de YouTube <a href=\"https:\/\/www.youtube.com\/c\/AHFMexic\">https:\/\/www.youtube.com\/c\/AHFMexic<\/a>o y p\u00e1gina de Facebook https:\/\/www.facebook.com\/MexicoAHF Siga la campa\u00f1a en redes sociales con los hashtag #SidaLaOtraPandemia #Mantenlapromesa y conozca la lista completa de los eventos del D\u00eda Mundial del sida en: <a href=\"https:\/\/ahfwad.org\/\">https:\/\/ahfwad.org\/<\/a><\/p>\n","protected":false},"excerpt":{"rendered":"<p>A partir de las 6 de la tarde cuatro horas de m\u00fasica, para eliminar el SIDA.<\/p>\n","protected":false},"author":3,"featured_media":29113,"comment_status":"open","ping_status":"open","sticky":false,"template":"","format":"standard","meta":{"_monsterinsights_skip_tracking":false,"footnotes":""},"categories":[200,691],"tags":[],"class_list":["post-29112","post","type-post","status-publish","format-standard","has-post-thumbnail","category-16-dias-de-activismo-para-saber","category-691"],"_links":{"self":[{"href":"https:\/\/redsemlac.com\/semmexico\/wp-json\/wp\/v2\/posts\/29112","targetHints":{"allow":["GET"]}}],"collection":[{"href":"https:\/\/redsemlac.com\/semmexico\/wp-json\/wp\/v2\/posts"}],"about":[{"href":"https:\/\/redsemlac.com\/semmexico\/wp-json\/wp\/v2\/types\/post"}],"author":[{"embeddable":true,"href":"https:\/\/redsemlac.com\/semmexico\/wp-json\/wp\/v2\/users\/3"}],"replies":[{"embeddable":true,"href":"https:\/\/redsemlac.com\/semmexico\/wp-json\/wp\/v2\/comments?post=29112"}],"version-history":[{"count":0,"href":"https:\/\/redsemlac.com\/semmexico\/wp-json\/wp\/v2\/posts\/29112\/revisions"}],"wp:featuredmedia":[{"embeddable":true,"href":"https:\/\/redsemlac.com\/semmexico\/wp-json\/wp\/v2\/media\/29113"}],"wp:attachment":[{"href":"https:\/\/redsemlac.com\/semmexico\/wp-json\/wp\/v2\/media?parent=29112"}],"wp:term":[{"taxonomy":"category","embeddable":true,"href":"https:\/\/redsemlac.com\/semmexico\/wp-json\/wp\/v2\/categories?post=29112"},{"taxonomy":"post_tag","embeddable":true,"href":"https:\/\/redsemlac.com\/semmexico\/wp-json\/wp\/v2\/tags?post=29112"}],"curies":[{"name":"wp","href":"https:\/\/api.w.org\/{rel}","templated":true}]}}