{"id":29109,"date":"2020-11-28T16:54:30","date_gmt":"2020-11-28T16:54:30","guid":{"rendered":"https:\/\/redsemlac.com\/semmexico\/?p=29109"},"modified":"2023-07-21T16:38:54","modified_gmt":"2023-07-21T21:38:54","slug":"concluye-el-ine-que-gerardo-fernandez-norona-cometio-violencia-politica-contra-la-panista-adriana-davila","status":"publish","type":"post","link":"https:\/\/redsemlac.com\/semmexico\/concluye-el-ine-que-gerardo-fernandez-norona-cometio-violencia-politica-contra-la-panista-adriana-davila\/","title":{"rendered":"Concluye el INE que Gerardo Fern\u00e1ndez Noro\u00f1a cometi\u00f3 violencia pol\u00edtica contra la panista Adriana D\u00e1vila"},"content":{"rendered":"\n<ul class=\"wp-block-list\"><li><strong>La c\u00e1mara de Diputados determinar\u00e1 la sanci\u00f3n, pero no ser\u00e1 incluido en el Registro Nacional de Personas sancionadoras por violencia pol\u00edtica, por la fecha en que se present\u00f3 la denuncia.<\/strong><\/li><\/ul>\n\n\n\n<p class=\"wp-block-paragraph\"><strong>Elda Montiel<\/strong><\/p>\n\n\n\n<p class=\"wp-block-paragraph\">SemM\u00e9xico. Cd. de M\u00e9xico. 28 de noviembre 2020.- El diputado Gerardo Fern\u00e1ndez Noro\u00f1a incurri\u00f3 en violencia pol\u00edtica contra la diputada Adriana D\u00e1vila Fern\u00e1ndez, en octubre del 2019, concluy\u00f3 el Instituto Nacional Electoral, (INE); sin embargo, por haber sido aprobado posterior a la fecha de la denuncia no ser\u00e1 incluido en el Registro Nacional de Persona sancionadoras contra las mujeres.<\/p>\n\n\n\n<p class=\"wp-block-paragraph\">Corresponder\u00e1 a la Mesa Directiva de la C\u00e1mara de Diputados,instancia superior jer\u00e1rquica, a determinar la sanci\u00f3n correspondiente, as\u00ed como a&nbsp;la Comisi\u00f3n Ejecutiva de Atenci\u00f3n a V\u00edctimas, para que implemente medidas de reparaci\u00f3n integral emitidas en favor de la v\u00edctima.<\/p>\n\n\n\n<p class=\"wp-block-paragraph\">El mensaje del Instituto Nacional Electoral (INE) es cero tolerancias a la violencia pol\u00edtica contra las mujeres, principalmente porque el proceso electoral 2021 es el m\u00e1s grande de toda la historia de nuestro pa\u00eds, asegur\u00f3 la consejera electoral Adriana Favela.<\/p>\n\n\n\n<p class=\"wp-block-paragraph\">El Consejo General del organismo electoral concluy\u00f3, por unanimidad, que el diputado federal Gerardo Fern\u00e1ndez Noro\u00f1a incurri\u00f3 en violencia pol\u00edtica de g\u00e9nero en contra de la legisladora Adriana D\u00e1vila Fern\u00e1ndez, por sus expresiones realizadas en un acto p\u00fablico celebrado en el Patio Vitral del Congreso de Tlaxcala, en octubre del 2019.<\/p>\n\n\n\n<p class=\"wp-block-paragraph\">En dicha ocasi\u00f3n, el legislador Noro\u00f1a expres\u00f3 que la diputada panista \u201cera m\u00e1s bocona que la chingada\u201d y \u201cdenme elementos para ponerle una chinga la pr\u00f3xima vez que abra la boca\u201d.<\/p>\n\n\n\n<p class=\"wp-block-paragraph\">La consejera Dania Ravel rechaz\u00f3 que en un pa\u00eds en el que diariamente son asesinadas m\u00e1s de diez mujeres, haya cabida para expresiones que incitan a la violencia contra las mujeres, que las discriminan por ser mujeres.<\/p>\n\n\n\n<p class=\"wp-block-paragraph\">Explic\u00f3 y neg\u00f3 que las expresiones vertidas por el legislador est\u00e9n amparadas por el art\u00edculo 61 de la Constituci\u00f3n que protege la libre discusi\u00f3n y decisi\u00f3n parlamentaria, ya que fueron dichas en un evento que no fue organizado por el Poder Legislativo y que exceden los l\u00edmites de la libertad de expresi\u00f3n.<\/p>\n\n\n\n<p class=\"wp-block-paragraph\">El Consejero Ciro Murayama, presidente de la Comisi\u00f3n de Quejas y Denuncias, aclar\u00f3 que, a pesar de la violaci\u00f3n en que incurri\u00f3, el legislador no ser\u00e1 incluido en el Registro Nacional de Personas Sancionadas en Materia de Violencia Pol\u00edtica contra las Mujeres en Raz\u00f3n de G\u00e9nero,&nbsp;aprobado el pasado 4 de septiembre, producto de la reforma constitucional de este a\u00f1o, por la fecha en que se present\u00f3 la denuncia.<\/p>\n\n\n\n<p class=\"wp-block-paragraph\">La consejera Adriana Favela rechaz\u00f3 que las palabras del legislador Noro\u00f1a sean parte de un discurso pol\u00edtico o una postura al trabajo de la legisladora ya que, por el contrario, reproduce estereotipos y roles de g\u00e9nero.<\/p>\n\n\n\n<p class=\"wp-block-paragraph\">En su intervenci\u00f3n, la Consejera Claudia Zavala lament\u00f3 las expresiones que verti\u00f3 el acusado en la mesa del Consejo General durante la discusi\u00f3n del tema, por considerar que \u00e9ste recurri\u00f3 a falacias ante la falta de argumentos para desestimar la violencia que ejerci\u00f3 en contra de la diputada.<\/p>\n\n\n\n<p class=\"wp-block-paragraph\">No obstante, la Consejera Carla Humphrey confi\u00f3 en que la C\u00e1mara de Diputados act\u00fae y sancione al legislador, considerando que hay antecedentes de casos en que a pesar de acreditarse la violencia pol\u00edtica de g\u00e9nero no hubo consecuencia alguna para los agresores.<\/p>\n\n\n\n<p class=\"wp-block-paragraph\">Mientras el consejero Jaime Rivera asegur\u00f3 que expresiones tan amenazantes y ofensivas hacia una legisladora atentan en contra del ejercicio del cargo pol\u00edtico, pretenden inhibir su actividad pol\u00edtica y constituyen una amenaza contra el derecho fundamental que tiene a expresarse por medio de la palabra. Asimismo, expres\u00f3 confianza en que la C\u00e1mara de Diputados haga su parte.<\/p>\n","protected":false},"excerpt":{"rendered":"<p>La c\u00e1mara de Diputados determinar\u00e1 la sanci\u00f3n, pero no ser\u00e1 incluido en el Registro Nacional de Personas sancionadoras por violencia pol\u00edtica, por la fecha en que se present\u00f3 la denuncia.<\/p>\n","protected":false},"author":3,"featured_media":29110,"comment_status":"open","ping_status":"open","sticky":false,"template":"","format":"standard","meta":{"_monsterinsights_skip_tracking":false,"footnotes":""},"categories":[691,51],"tags":[],"class_list":["post-29109","post","type-post","status-publish","format-standard","has-post-thumbnail","category-691","category-ejecutivo"],"_links":{"self":[{"href":"https:\/\/redsemlac.com\/semmexico\/wp-json\/wp\/v2\/posts\/29109","targetHints":{"allow":["GET"]}}],"collection":[{"href":"https:\/\/redsemlac.com\/semmexico\/wp-json\/wp\/v2\/posts"}],"about":[{"href":"https:\/\/redsemlac.com\/semmexico\/wp-json\/wp\/v2\/types\/post"}],"author":[{"embeddable":true,"href":"https:\/\/redsemlac.com\/semmexico\/wp-json\/wp\/v2\/users\/3"}],"replies":[{"embeddable":true,"href":"https:\/\/redsemlac.com\/semmexico\/wp-json\/wp\/v2\/comments?post=29109"}],"version-history":[{"count":0,"href":"https:\/\/redsemlac.com\/semmexico\/wp-json\/wp\/v2\/posts\/29109\/revisions"}],"wp:featuredmedia":[{"embeddable":true,"href":"https:\/\/redsemlac.com\/semmexico\/wp-json\/wp\/v2\/media\/29110"}],"wp:attachment":[{"href":"https:\/\/redsemlac.com\/semmexico\/wp-json\/wp\/v2\/media?parent=29109"}],"wp:term":[{"taxonomy":"category","embeddable":true,"href":"https:\/\/redsemlac.com\/semmexico\/wp-json\/wp\/v2\/categories?post=29109"},{"taxonomy":"post_tag","embeddable":true,"href":"https:\/\/redsemlac.com\/semmexico\/wp-json\/wp\/v2\/tags?post=29109"}],"curies":[{"name":"wp","href":"https:\/\/api.w.org\/{rel}","templated":true}]}}