{"id":29106,"date":"2020-11-28T16:51:45","date_gmt":"2020-11-28T16:51:45","guid":{"rendered":"https:\/\/redsemlac.com\/semmexico\/?p=29106"},"modified":"2023-07-21T16:38:54","modified_gmt":"2023-07-21T21:38:54","slug":"el-poder-judicial-en-chiapas-castiga-arbitrariamente-a-mujeres-indigenas","status":"publish","type":"post","link":"https:\/\/redsemlac.com\/semmexico\/el-poder-judicial-en-chiapas-castiga-arbitrariamente-a-mujeres-indigenas\/","title":{"rendered":"El poder judicial en Chiapas castiga arbitrariamente a Mujeres ind\u00edgenas"},"content":{"rendered":"\n<ul class=\"wp-block-list\"><li><strong>Ellas est\u00e1n &nbsp;encarceladas, se hacen &nbsp;carpetas de investigaci\u00f3n a modo y las secuestran autoridades<\/strong><\/li><li><strong>El Colectivo Cereza acusa a las Fiscal\u00edas General, de Homicidios y Feminicidios de violencia institucional&nbsp; de g\u00e9nero<\/strong><\/li><\/ul>\n\n\n\n<p class=\"wp-block-paragraph\"><strong>Mitzi Fuentes G\u00f3mez<\/strong><\/p>\n\n\n\n<p class=\"wp-block-paragraph\">SemM\u00e9xico, San Crist\u00f3bal de Las Casas, Chiapas, 27 de noviembre 2020.- En Chiapas, en el sureste de M\u00e9xico, defensoras de los derechos de la Mujeres&nbsp; detectaron&nbsp; en causas penales un proceso de institucionalizaci\u00f3n de la detenci\u00f3n arbitraria, la fabricaci\u00f3n de carpetas y la tortura&nbsp; sistem\u00e1tica a mujeres ind\u00edgenas por parte de Fiscal\u00eda General del Estado, Fiscal\u00eda de Homicidios y Feminicidios, denunci\u00f3 Marcela Fern\u00e1ndez Camacho, la defensora de mujeres en situaci\u00f3n de c\u00e1rcel de&nbsp; El Colectivo Cereza, AC..&nbsp;<\/p>\n\n\n\n<p class=\"wp-block-paragraph\">\u201cHay una institucionalizaci\u00f3n de este modo operandi de la fiscal\u00eda del estado, que consiste en detener arbitrariamente, citando a uno de los fiscales que detiene a la malague\u00f1a. para despu\u00e9s construir carpetas de investigaci\u00f3n y judicializar, con el aval del poder judicial del estado\u201d dijo a efe Marcela Fern\u00e1ndez Camacho.<\/p>\n\n\n\n<p class=\"wp-block-paragraph\">En el marco del D\u00eda Internacional para la Eliminaci\u00f3n&nbsp; de la Violencia contra a las Mujeres, Marcela Fern\u00e1ndez indic\u00f3 que a pesar de la reforma de derechos humanos desde el 2011, la cultura jur\u00eddica presente &nbsp;en las instituciones mexicanas, principalmente las de Chiapas, no se toman en serio los derechos humanos, los derechos humanos son sistem\u00e1ticamente pisoteados por estas autoridades.<\/p>\n\n\n\n<p class=\"wp-block-paragraph\">Luego explica \u201cse liberan ordenes de aprensi\u00f3n, se vincula a procesos a estas mujeres ind\u00edgenas, se alegan las violaci\u00f3n &nbsp;a&nbsp; derechos humanos con figuras jur\u00eddicas que est\u00e1n presentes en el c\u00f3digo nacional de procedimientos penales dentro de audiencias en el sistema acusatorio.&nbsp; Los jueces no toman en cuenta las violaciones a los derechos humanos pese a que sean parte de la legalidad\u201d.<\/p>\n\n\n\n<p class=\"wp-block-paragraph\">Los casos documentadosque muestran tal acci\u00f3n son:&nbsp; la detenci\u00f3n de Francisca de la Cruz Hern\u00e1ndez, su hermana y sobrina quienes fueron detenidas a la media noche del 21 de agosto del 2018 en su domicilio de la comunidad Agua Escondida, Teopisca, por hombres encapuchados y armados, quienes ejercieron tortura sexual mientras las conduc\u00edan con amenazas de muerte y de ser quemadas vivas sino se declaraban culpables de la muerte de sus sobrina y prima.<\/p>\n\n\n\n<p class=\"wp-block-paragraph\">La fiscal\u00eda de Asuntos relevantes construyo carpetas de investigaci\u00f3n de delitos contra la salud en su modalidad de narcomenudeo contra Francisca de la Cruz Hern\u00e1ndez &nbsp;y su sobrina, asegurando que portaban bolsas de polvo blanco, pero luego las dejaron libres por que el delito no mecer\u00eda presi\u00f3n preventiva.<\/p>\n\n\n\n<p class=\"wp-block-paragraph\">\u201cEn realidad esta carpeta de investigaci\u00f3n fue para justificar la detenci\u00f3n arbitraria de ambas, la sobrina adolescente, fue una simulaci\u00f3n corrupta, pues las mujeres detenidas por un grupo de hombres &nbsp;armados\u201d mientras &nbsp;la fiscal\u00eda obliga a autoculparse de delito de homicidio calificado, dijo &nbsp;la abogada.<\/p>\n\n\n\n<p class=\"wp-block-paragraph\">Las mismas pr\u00e1cticas corruptas y violatorias de derechos humanos de las mujeres y de los pueblos originarios se repiten en el caso de cinco familias de la comunidad de Chigton&nbsp; donde Adolfo,&nbsp; padre y abuelo fue asesinado en las instalaciones del CERS 5; tres mujeres permanecen presas en el AMATE y 23 infantes fueron&nbsp; retenidos de manera ilegal por dos meses, hecho de &nbsp;la procuradora del DIF estatal, acusada inicialmente de secuestro de Dilan ni\u00f1o ind\u00edgena desaparecido el d\u00eda 30 de junio del 2020.<\/p>\n\n\n\n<p class=\"wp-block-paragraph\">\u201cExigimos que estos casos no se sigan repitiendo porque constituyen&nbsp; violencia institucional contra &nbsp;las mujeres y una violaci\u00f3n a su derecho a un acceso a una vida libre de violencia\u201d y &nbsp;as\u00ed tambi\u00e9n pidieron la liberaci\u00f3n de cuatro mujeres de Chigton acusadas de trata en 17 de julio del 2020.<\/p>\n","protected":false},"excerpt":{"rendered":"<p>El Colectivo Cereza acusa a las Fiscal\u00edas General, de Homicidios y Feminicidios de violencia institucional  de g\u00e9nero<\/p>\n","protected":false},"author":3,"featured_media":29107,"comment_status":"open","ping_status":"open","sticky":false,"template":"","format":"standard","meta":{"_monsterinsights_skip_tracking":false,"footnotes":""},"categories":[691,54],"tags":[],"class_list":["post-29106","post","type-post","status-publish","format-standard","has-post-thumbnail","category-691","category-mujeres"],"_links":{"self":[{"href":"https:\/\/redsemlac.com\/semmexico\/wp-json\/wp\/v2\/posts\/29106","targetHints":{"allow":["GET"]}}],"collection":[{"href":"https:\/\/redsemlac.com\/semmexico\/wp-json\/wp\/v2\/posts"}],"about":[{"href":"https:\/\/redsemlac.com\/semmexico\/wp-json\/wp\/v2\/types\/post"}],"author":[{"embeddable":true,"href":"https:\/\/redsemlac.com\/semmexico\/wp-json\/wp\/v2\/users\/3"}],"replies":[{"embeddable":true,"href":"https:\/\/redsemlac.com\/semmexico\/wp-json\/wp\/v2\/comments?post=29106"}],"version-history":[{"count":0,"href":"https:\/\/redsemlac.com\/semmexico\/wp-json\/wp\/v2\/posts\/29106\/revisions"}],"wp:featuredmedia":[{"embeddable":true,"href":"https:\/\/redsemlac.com\/semmexico\/wp-json\/wp\/v2\/media\/29107"}],"wp:attachment":[{"href":"https:\/\/redsemlac.com\/semmexico\/wp-json\/wp\/v2\/media?parent=29106"}],"wp:term":[{"taxonomy":"category","embeddable":true,"href":"https:\/\/redsemlac.com\/semmexico\/wp-json\/wp\/v2\/categories?post=29106"},{"taxonomy":"post_tag","embeddable":true,"href":"https:\/\/redsemlac.com\/semmexico\/wp-json\/wp\/v2\/tags?post=29106"}],"curies":[{"name":"wp","href":"https:\/\/api.w.org\/{rel}","templated":true}]}}