{"id":29103,"date":"2020-11-28T03:44:17","date_gmt":"2020-11-28T03:44:17","guid":{"rendered":"https:\/\/redsemlac.com\/semmexico\/?p=29103"},"modified":"2023-07-21T16:38:54","modified_gmt":"2023-07-21T21:38:54","slug":"poder-que-rechaza-el-espejo-del-periodismo-se-pierde-y-pone-en-riesgo-a-quienes-lo-ejercen","status":"publish","type":"post","link":"https:\/\/redsemlac.com\/semmexico\/poder-que-rechaza-el-espejo-del-periodismo-se-pierde-y-pone-en-riesgo-a-quienes-lo-ejercen\/","title":{"rendered":"Poder que rechaza el espejo del periodismo, se pierde y pone en riesgo a quienes lo ejercen"},"content":{"rendered":"\n<ul class=\"wp-block-list\"><li><strong>Se entregaron los Premios Nacionales de Periodismo, reflejo de las miserias de M\u00e9xico y de su esperanza y alegr\u00eda<\/strong><\/li><li><strong>A distancia un repertorio de historias de ese M\u00e9xico doliente por la violencia y de gente que tiene fuerza para mirar el futuro<\/strong><\/li><\/ul>\n\n\n\n<p class=\"wp-block-paragraph\"><strong>Sara Lovera<\/strong><\/p>\n\n\n\n<p class=\"wp-block-paragraph\">SemM\u00e9xico, Ciudad de M\u00e9xico, 27 de noviembre 2020.- Quien rechaza el &nbsp;espejo &nbsp;que significa el trabajo period\u00edstico, tiene el riesgo de perderse as\u00ed mismo,&nbsp; dijo esta noche, Alma Guillermoprieto, al recibir el Premio Nacional de Periodismo por trayectoria. Lo dijo en palabras que resumieron la de quienes acreditaron esta distinci\u00f3n, con un consejo y una jurado independientes, aut\u00f3nomos, que concluyeron que el periodismo de calidad es m\u00e1s urgente que nunca en nuestro pa\u00eds.<\/p>\n\n\n\n<p class=\"wp-block-paragraph\">Las palaras de las y los galardonados, relevaron, insistieron, narraron que esta profesi\u00f3n, que, por cierto, sigue manchando la vida de M\u00e9xico con su sangre, por la p\u00e9rdida violenta de sus vidas, 19 s\u00f3lo este a\u00f1o, es noble, apasionadas y en M\u00e9xico se nutre de empat\u00eda con la sociedad y no con el poder.<\/p>\n\n\n\n<p class=\"wp-block-paragraph\">El repertorio de trabajos premiados, los que recibieron menciones honor\u00edficas y muchos m\u00e1s que no alcanzaron el puntaje, &#8211; ser recibieron mil 290 trabajos- es, tambi\u00e9n una instant\u00e1nea profunda de la vida en el a\u00f1o 2019 y se presenta en el a\u00f1o m\u00e1s dif\u00edcil de la \u00e9poca reciente, para toda la humanidad, 2020, donde la palabra podr\u00eda desdibujarse a causa de la confusi\u00f3n medi\u00e1tica.<\/p>\n\n\n\n<p class=\"wp-block-paragraph\">No obstante, unas y otros, ratificaron la noche de entrega, en reuni\u00f3n virtual que &nbsp;se ha &nbsp;rescatado en cada historia narrada period\u00edsticamente, &nbsp;de la alegr\u00eda al inmenso dolor que significa &nbsp;la crisis humanitaria que vivimos, la violencia contra las comunidades, los hombres y las mujeres, en toda &nbsp;geograf\u00eda nacional. La impunidad y la corrupci\u00f3n.<\/p>\n\n\n\n<p class=\"wp-block-paragraph\">Es, dijo la presidenta del Jurado Calificador, Soledad Jarqu\u00edn Edgar, un recorrido de millones de palabras, articuladas en distintas t\u00e9cnicas, desde perspectivas amplias y muy diversas, el espejo de nuestro pa\u00eds, de la sociedad que somos y tambi\u00e9n la que anhelamos y so\u00f1amos para M\u00e9xico.<\/p>\n\n\n\n<p class=\"wp-block-paragraph\">En una ceremonia, conducida por la multi premiada y destacada periodista Carmen Aristegui, quien coincidi\u00f3 en el valor democr\u00e1tico de la tarea period\u00edstica, &nbsp;quienes recibieron el premio, en su totalidad hablaron de su pasi\u00f3n, entrega y particularmente de su empat\u00eda con quienes protagonizan, en su vida cotidiana, la dureza de un sistema depredador del ambiente, de violencias infinitas, pero tambi\u00e9n de alegr\u00edas may\u00fasculas; apasionados y apasionadas por contar las cosas, incluso las m\u00e1s olvidadas; acompa\u00f1antes, con empat\u00eda de quienes esperan justicia, reparaci\u00f3n, y atenci\u00f3n de los detentadores del poder. Sus historias fueron tejidas con la gente.<\/p>\n\n\n\n<p class=\"wp-block-paragraph\">As\u00ed lo resumi\u00f3 Jarqu\u00edn Edgar, \u201clas piezas period\u00edsticas, de los trabajos postulados para el Premio Nacional de Periodismo reflejan el a\u00f1o 2019. Muestran un pa\u00eds que se duele por la violencia que sabemos generalizada y la espec\u00edfica contra las mujeres; por los rezagos y la pobreza que siguen lastimando, la indolencia de quienes desde distintos poderes disponen de sus recursos p\u00fablicos o el deshumano actuar de las autoridades ante la migraci\u00f3n. Pero tambi\u00e9n, dijo, le\u00edmos sobre la esperanza y la alegr\u00eda, la confianza y el esfuerzo de hombres y mujeres que desde distintos lugares y \u00e1mbitos construyen el cada d\u00eda con sus aportes.<\/p>\n\n\n\n<p class=\"wp-block-paragraph\">Destac\u00f3 en la ceremonia, un mensaje reiterado, de oficiantes rastreando la realidad. La libertad de expresi\u00f3n, se dijo, es un valor sustantivo en una sociedad democr\u00e1tica. Alma Guillermo Prieto, cuya trayectoria ha sido contar las penas y alegr\u00edas de los pueblos latinoamericanos, hizo ver que la labor period\u00edstica est\u00e1 acotada en \u00e9sta \u00e9poca por la confusi\u00f3n, entre el trabajo profesional y las miles de voces en las redes sociales que sin rigor carecen de ciudadan\u00eda, y sin informaci\u00f3n, propician amenazas sucias e innumerables desde el poder.<\/p>\n\n\n\n<p class=\"wp-block-paragraph\">Llam\u00f3 a sus colegas a evaluar, tal vez, porque se ha descuidado la narraci\u00f3n de la vida cotidiana, de la vida diaria.<\/p>\n\n\n\n<p class=\"wp-block-paragraph\">Estamos, advirti\u00f3, al borde de un colapso, frente a fen\u00f3menos desastrosos, dist\u00f3picos, de ah\u00ed la importancia del esfuerzo de estas nuevas generaciones de periodistas, cuya energ\u00eda tendr\u00e1 que ser valorada.<\/p>\n\n\n\n<p class=\"wp-block-paragraph\">Para llegar a este punto, el jurado calificador trabaj\u00f3 6 largos meses, dijo Jarqu\u00edn Edgar, para se\u00f1alar que los trabajos period\u00edsticos seleccionados, son los mejores entre los mejores, una muestra del periodismo de calidad que se realiza en nuestro pa\u00eds. Un periodismo que se sobrepone a dos condiciones que lo amenazan y dificultan: la inseguridad y la precariedad; un periodismo que derriba barreras y estigmas elaborados desde los complejos nudos del poder.<\/p>\n\n\n\n<p class=\"wp-block-paragraph\">Puso en la mesa, a ese poder, que con af\u00e1n de restarle el valor fundamental al ejercicio period\u00edstico, no comprende c\u00f3mo crece la &nbsp;demanda para &nbsp;quienes ejercemos este <em>noble oficio<\/em>, como le llam\u00f3 en su momento Gabriel Garc\u00eda M\u00e1rquez, para construir la historia de cada d\u00eda con los hechos trascendentes: desde la informaci\u00f3n.<\/p>\n\n\n\n<p class=\"wp-block-paragraph\">Luego se congratul\u00f3 al se\u00f1alar que en M\u00e9xico, gana terreno el periodismo que cuenta la vida de las personas muy lejos del poder o de los poderes, transformaci\u00f3n que resulta inc\u00f3moda y molesta a los poderes, sobre todo al poder pol\u00edtico, por dejar de ser el foco, por eso les parece peligroso, y ah\u00ed, como todas las personas del jurado, honr\u00f3 la memoria de las compa\u00f1eras y compa\u00f1eros asesinados. Enf\u00e1tica dijo \u201crechazamos la impunidad que prevalece para cada uno de los procesos abiertos, de los lamentables e imperdonables cr\u00edmenes. Porque tiene un impacto demoledor para la sociedad. Ello por la intolerancia de los poderes, que se siguen pensando intocables.<\/p>\n\n\n\n<p class=\"wp-block-paragraph\">Los trabajos period\u00edsticos premiados abordan algunas de las historias recientes. La contaminaci\u00f3n en Sonora; el abuso de las empresas de energ\u00edas limpias, como en Oaxaca; la pobreza y las enormes injusticias en la monta\u00f1a de Guerrero; la invisibilidad de los pueblos ind\u00edgenas, olvidados; los resultados de la migraci\u00f3n, la corrupci\u00f3n como medida de la impunidad en el feminicidio; la indiferencia autoritaria, el camino luminoso de quienes tienen esperanza y la fuerza de una ciudadan\u00eda en pie. La importancia de quienes, como en la entrevista, tienen una vida que emular.<\/p>\n\n\n\n<p class=\"wp-block-paragraph\">El premio es resultado del empe\u00f1o de un Consejo Ciudadano, formado por universidades, ciudadan\u00eda y profesionales del periodismo.<\/p>\n\n\n\n<p class=\"wp-block-paragraph\">En esta 16 emisi\u00f3n toc\u00f3 a la Universidad Veracruzana, presidirlo, que corri\u00f3 con la responsabilidad organizativa, universidad a cargo de la rectora doctora Sara Ladr\u00f3n de Guevara.<\/p>\n\n\n\n<p class=\"wp-block-paragraph\">Se record\u00f3 a Luis Javier Solana Morales, fundador de este premio y fue el doctor Raciel Mart\u00ednez G\u00f3mez, el presidente del Consejo Ciudadano del PNP<\/p>\n\n\n\n<p class=\"wp-block-paragraph\"><strong>TRABAJOS PREMIADOS<\/strong><\/p>\n\n\n\n<p class=\"wp-block-paragraph\"><strong>CR\u00d3NICA\/PERIDISMO NARRATIVO<\/strong> Nombre del trabajo ganador: Los jornaleros forenses (Los desenterradores). Medio: Gatopardo (Ciudad de M\u00e9xico) Autor\u00eda: Wendy Selene P\u00e9rez, Paula M\u00f3naco Felipe. Fotograf\u00eda de Miguel Tovar.<\/p>\n\n\n\n<p class=\"wp-block-paragraph\"><strong>ENTREVISTA<\/strong> Trabajo ganador: Virgilio Caballero, la voz de los sin voz. Medio: TV UNAM (Ciudad de M\u00e9xico). Autor\u00eda: Mar\u00eda Elvira Garc\u00eda Espinosa de los Monteros.<\/p>\n\n\n\n<p class=\"wp-block-paragraph\"><strong>REPORTAJE<\/strong> Trabajo ganador: A cinco a\u00f1os del derrame de t\u00f3xicos en el r\u00edo Sonora. Medio: Proyecto Puente (Sonora) Autor\u00eda: Karen Astrid Arellano Obreg\u00f3n, Luis Flores Carl\u00edn, Elizabeth Campbell Zozaya, Luis Enrique R\u00edos G\u00f3mez.<\/p>\n\n\n\n<p class=\"wp-block-paragraph\">&nbsp;<strong>Menci\u00f3n Honor\u00edfica<\/strong> al trabajo: Cochoapa: donde morir es redundante. Medio: Eje Central Autor\u00eda: Jonathan Juli\u00e1n N\u00e1car D\u00e1vila, Jos\u00e9 Antonio Rosales Rivera.<\/p>\n\n\n\n<p class=\"wp-block-paragraph\"><strong>Menci\u00f3n Honor\u00edfica<\/strong> al trabajo: Cochoapa: donde morir es redundante. Medio: Eje Central Autor\u00eda: Jonathan Juli\u00e1n N\u00e1car D\u00e1vila, Jos\u00e9 Antonio Rosales Rivera.<\/p>\n\n\n\n<p class=\"wp-block-paragraph\"><strong>COBERTURA MULTIFORMATO<\/strong> \/ PERIODISMO DE INVESTIGACI\u00d3N Trabajo ganador: Yumanos, los indios m\u00e1s olvidados de M\u00e9xico. Medio: Pie de P\u00e1gina (Ciudad de M\u00e9xico). Autor\u00eda: Daniela Pastrana, Jos\u00e9 Ignacio De Alba, Mar\u00eda Fernanda Ruiz, Ximena Natera, Celia Guerrero, Antonio Aguilar, Fernando Santill\u00e1n, Adriana Tienda, Dulio Rodr\u00edguez, M\u00f3nica Gonz\u00e1lez y Akire Huautli<\/p>\n\n\n\n<p class=\"wp-block-paragraph\"><strong>Menci\u00f3n Honor\u00edfica<\/strong> al trabajo: Energ\u00eda limpia, contratos sucios. Medio: Connectas Autor\u00eda: Diana Manzo (Oaxaca)<\/p>\n\n\n\n<p class=\"wp-block-paragraph\"><strong>FOTOGRAF\u00cdA <\/strong>Trabajo ganador: Crisis humanitaria rebasa al gobierno. Medio: El Universal (Chiapas) Autor\u00eda: Mar\u00eda de Jes\u00fas Peters Pino<\/p>\n\n\n\n<p class=\"wp-block-paragraph\"><strong>CARICATURA \/ HUMOR<\/strong> Trabajo ganador: Libertad Period\u00edstica. Medio: El Universal (Edici\u00f3n nacional) Autor\u00eda: \u00c1ngel Bolig\u00e1n Corbo (Bolig\u00e1n)<\/p>\n\n\n\n<p class=\"wp-block-paragraph\"><strong>DIVULGACI\u00d3N DE LA CIENCIA Y DIFUSI\u00d3N DE LA CULTURA<\/strong> Trabajo ganador: Cuatro Ci\u00e9negas, principio de vida. Medio: Televisi\u00f3n: Canal Once: Instituto Polit\u00e9cnico Nacional IPN. Autor\u00eda: Gerardo Garc\u00eda Moreno, Vicente Barrera Valencia, Yazm\u00edn L\u00f3pez Rojas, Paola Hern\u00e1ndez S\u00e1nchez, Monserrat Ch\u00e1vez Maga\u00f1a, Miguel \u00c1ngel V\u00e1zquez Gonz\u00e1lez.<\/p>\n\n\n\n<p class=\"wp-block-paragraph\"><strong>PERIODISMO DE OPINI\u00d3N<\/strong> Trabajo ganador: #MeToo y el feminismo antes de Twitter. Medio: Pie de p\u00e1gina. Autor\u00eda: Daniela Pastrana<\/p>\n\n\n\n<p class=\"wp-block-paragraph\"><strong>TRAYECTORIA Alma Guillermoprieto <\/strong>por su labor de dimensi\u00f3n internacional, marcada por la honestidad, la humildad y el compromiso. Sus trabajos period\u00edsticos retratan con una voz inconfundible la compleja realidad de Latinoam\u00e9rica, son un orgullo para M\u00e9xico y una inspiraci\u00f3n para las nuevas generaciones.<\/p>\n","protected":false},"excerpt":{"rendered":"<p>A distancia un repertorio de historias de ese M\u00e9xico doliente por la violencia y de gente que tiene fuerza para mirar el futuro<\/p>\n","protected":false},"author":3,"featured_media":29104,"comment_status":"open","ping_status":"open","sticky":false,"template":"","format":"standard","meta":{"_monsterinsights_skip_tracking":false,"footnotes":""},"categories":[691,55],"tags":[],"class_list":["post-29103","post","type-post","status-publish","format-standard","has-post-thumbnail","category-691","category-periodistas"],"_links":{"self":[{"href":"https:\/\/redsemlac.com\/semmexico\/wp-json\/wp\/v2\/posts\/29103","targetHints":{"allow":["GET"]}}],"collection":[{"href":"https:\/\/redsemlac.com\/semmexico\/wp-json\/wp\/v2\/posts"}],"about":[{"href":"https:\/\/redsemlac.com\/semmexico\/wp-json\/wp\/v2\/types\/post"}],"author":[{"embeddable":true,"href":"https:\/\/redsemlac.com\/semmexico\/wp-json\/wp\/v2\/users\/3"}],"replies":[{"embeddable":true,"href":"https:\/\/redsemlac.com\/semmexico\/wp-json\/wp\/v2\/comments?post=29103"}],"version-history":[{"count":0,"href":"https:\/\/redsemlac.com\/semmexico\/wp-json\/wp\/v2\/posts\/29103\/revisions"}],"wp:featuredmedia":[{"embeddable":true,"href":"https:\/\/redsemlac.com\/semmexico\/wp-json\/wp\/v2\/media\/29104"}],"wp:attachment":[{"href":"https:\/\/redsemlac.com\/semmexico\/wp-json\/wp\/v2\/media?parent=29103"}],"wp:term":[{"taxonomy":"category","embeddable":true,"href":"https:\/\/redsemlac.com\/semmexico\/wp-json\/wp\/v2\/categories?post=29103"},{"taxonomy":"post_tag","embeddable":true,"href":"https:\/\/redsemlac.com\/semmexico\/wp-json\/wp\/v2\/tags?post=29103"}],"curies":[{"name":"wp","href":"https:\/\/api.w.org\/{rel}","templated":true}]}}