{"id":29100,"date":"2020-11-27T21:10:49","date_gmt":"2020-11-27T21:10:49","guid":{"rendered":"https:\/\/redsemlac.com\/semmexico\/?p=29100"},"modified":"2023-07-21T16:38:55","modified_gmt":"2023-07-21T21:38:55","slug":"violencia-aqui-y-ahora-la-voz-de-las-diputadas","status":"publish","type":"post","link":"https:\/\/redsemlac.com\/semmexico\/violencia-aqui-y-ahora-la-voz-de-las-diputadas\/","title":{"rendered":"Violencia aqu\u00ed y ahora: la voz de las diputadas"},"content":{"rendered":"\n<h2 class=\"wp-block-heading\"><strong>Ellas en el retrovisor<\/strong><\/h2>\n\n\n\n<p class=\"wp-block-paragraph\"><strong>&nbsp;Por: Ivonne Melgar<\/strong><\/p>\n\n\n\n<p class=\"wp-block-paragraph\">SemM\u00e9xico. Cd. de M\u00e9xico. 27 de noviembre 2020.- El debate es imprescindible para la construcci\u00f3n de salidas colectivas a problemas comunes.<\/p>\n\n\n\n<p class=\"wp-block-paragraph\">Por eso pronunciar en voz alta nuestros dolores, nuestras heridas, nuestros duelos, resulta imprescindible.<\/p>\n\n\n\n<p class=\"wp-block-paragraph\">Y ese es el caso de la violencia contra las mujeres.<\/p>\n\n\n\n<p class=\"wp-block-paragraph\">Lo ha dicho con lucidez nuestra querida Sara Lovera: el gran cambio que ahora protagonizamos es que estamos denunciando estos agravios ancestrales.<\/p>\n\n\n\n<p class=\"wp-block-paragraph\">De ah\u00ed el eco que alcanz\u00f3 este 25 de noviembre, D\u00eda Internacional de la Eliminaci\u00f3n de la Violencia contra las Mujeres. Tanto, que la ma\u00f1anera del presidente L\u00f3pez Obrador y sus invitadas del gabinete abordaron el tema.<\/p>\n\n\n\n<p class=\"wp-block-paragraph\">Acaso para justificar el desd\u00e9n con el que en otros momentos quiso atajar el ya basta femenino, el mandatario centr\u00f3 su diagn\u00f3stico en el neoliberalismo, como causante de este espiral feminicida que nos azuza.<\/p>\n\n\n\n<p class=\"wp-block-paragraph\">Bienvenido el debate de las causas y de los agravantes, siempre y cuando se encuentre acompa\u00f1ado de respuestas de Estado, esas respuestas que no llegan, que urgen y de las que el actual gobierno debe responsabilizarse.<\/p>\n\n\n\n<p class=\"wp-block-paragraph\">Por lo pronto, este es el diagn\u00f3stico de las violencias de g\u00e9nero que las diputadas de todas las fuerzas pol\u00edticas compartieron ese mi\u00e9rcoles 25 de noviembre desde la tribuna parlamentaria y digital de San L\u00e1zaro.<\/p>\n\n\n\n<p class=\"wp-block-paragraph\">Porque m\u00e1s all\u00e1 de si fue producto de un modelo econ\u00f3mico o es el saldo de una estructura milenaria de poder, esta es la realidad impune, injusta y feminicida que, aqu\u00ed y ahora, sigue reclamando respuestas:<\/p>\n\n\n\n<p class=\"wp-block-paragraph\">Zulma Espinoza Mata (PVEM): \u201cEn M\u00e9xico el 44 por ciento de las mujeres ha enfrentado agresiones de su esposo o pareja actual, mientras el 53 por ciento ha sufrido violencia por parte de alg\u00fan otro agresor. Lo m\u00e1s indignante es que, de acuerdo con datos del INEGI, nueve mujeres son asesinadas todos los d\u00edas en nuestro pa\u00eds\u201d.<\/p>\n\n\n\n<p class=\"wp-block-paragraph\">Guadalupe Almaguer Pardo (PRD): \u201cNo son suficientes las 2 mil 858 mujeres asesinadas en violencia feminicida de enero a septiembre en este pa\u00eds, donde nos insisten que el discursar sobre la cuarta transformaci\u00f3n cambiar\u00e1 de facto, autom\u00e1ticamente la vida de las mujeres, las ni\u00f1as y las adolescentes en M\u00e9xico. Nada m\u00e1s falso. \u00bfEn qu\u00e9 pa\u00eds vivimos donde hay una confusi\u00f3n entre homicidio doloso y feminicidio? \u00bfEn d\u00f3nde estamos?\u201d.<\/p>\n\n\n\n<p class=\"wp-block-paragraph\">Ver\u00f3nica Ju\u00e1rez Pi\u00f1a (PRD): \u201cDe 2 mil 854 mujeres que perdieron la vida de manera violenta de enero a septiembre, 285 eran menores de 14 a\u00f1os. Cada a\u00f1o se producen 366 mil nacimientos en mujeres menores de 19 a\u00f1os. La delincuencia organizada utiliza como viles instrumentos a las ni\u00f1as, prostituy\u00e9ndolas o desech\u00e1ndolas. La cifra de ni\u00f1as entre cero y 17 a\u00f1os desaparecidas o no localizadas, constituye el 59.6 por ciento del total. Estos son los hechos que no pueden normalizarse en la cotidianeidad mexicana\u201d.<\/p>\n\n\n\n<p class=\"wp-block-paragraph\">Olga Patricia Sosa Ruiz (PES): \u201cEstamos ante una situaci\u00f3n que ha rebasado a los instrumentos inmediatos de atenci\u00f3n del Estado: 32 ni\u00f1as diariamente, menores de 14 a\u00f1os, son madres a causa de la violencia sexual, 10 mujeres al d\u00eda son asesinadas, 1 de cada 2 feminicidios como m\u00ednimo queda impune (\u2026) Si nosotras callamos, \u00bfqui\u00e9n hablar\u00e1? El acoso y el hostigamiento en todos los niveles educativos es una lamentable realidad, en el \u00e1mbito escolar, una de cada cuatro mujeres ha sufrido violencia\u201d.<\/p>\n\n\n\n<p class=\"wp-block-paragraph\">Ruth Salinas Reyes (Movimiento Ciudadano): \u201cLa violencia en contra de la mujer evoluciona, y ya no es cometida \u00fanicamente por cobardes que se ocultan en el anonimato, ahora tambi\u00e9n es causada por las autoridades omisas que, por un lado, ofrecen apoyo y, por el otro, recortan recursos para la instituci\u00f3n y para la defensa contra la eliminaci\u00f3n de la violencia. As\u00ed es como nos encontramos ante una violencia llamada institucional (\u2026) Basta de la desaparici\u00f3n forzada de mujeres y ni\u00f1as en nuestro pa\u00eds, en donde m\u00e1s de 2 mil siguen pendientes por localizar\u201d.<\/p>\n\n\n\n<p class=\"wp-block-paragraph\">Elba Lorena Torres D\u00edaz (PT): \u201cEn la violencia contra las mujeres no existe estrato social, profesi\u00f3n y creencias, que quede exenta de esta terrible situaci\u00f3n. Basta de accidentes por tropezones en las puertas o en las escaleras. Basta de pretextos por encubrir la violencia por miedo, por compasi\u00f3n, por l\u00e1stima y hasta por ignorancia\u201d.<\/p>\n\n\n\n<p class=\"wp-block-paragraph\">Margarita Garc\u00eda Garc\u00eda (PT): \u201cFalta mucho por hacer. Pero pareciera que cada d\u00eda se acent\u00faan m\u00e1s estos casos que estamos viviendo en esta pandemia, y que la violencia f\u00edsica es maltratar, golpes, el matrimonio infantil, mutilaci\u00f3n genital, esclavitud, hasta llegar al asesinato\u201d.<\/p>\n\n\n\n<p class=\"wp-block-paragraph\">\u00c9rika S\u00e1nchez Mart\u00ednez (PRI): \u201cEn lo que va del 2020 han sido asesinadas m\u00e1s de 2 mil 800 mujeres, una cifra que representa un incremento del 7.7 por ciento con respecto al a\u00f1o anterior y eso es demasiado decir, porque solo en 2019 los feminicidios se incrementaron en un 137 por ciento. El confinamiento derivado de la pandemia por Covid-19, llev\u00f3 a que los registros de violencia contra la mujer en el hogar aumentaran en un 60 por ciento, seg\u00fan datos de la ONU. Frente a este problema, la respuesta del gobierno federal es tenue, es fr\u00eda, es insensible: ha realizado recortes y ha desaparecido 11 programas que combat\u00edan la violencia en contra de las mujeres\u201d.<\/p>\n\n\n\n<p class=\"wp-block-paragraph\">Laura Rojas Hern\u00e1ndez (PAN): \u201cEn los \u00faltimos 5 a\u00f1os pasamos de perder a cinco mujeres y ni\u00f1as diariamente, a 11 en 2020. (\u2026) Este a\u00f1o no solo hemos tenido que lidiar con un mal manejo de la pandemia por COVID19, sino con un mal manejo de la otra pandemia, la de la violencia en contra de las mujeres y ni\u00f1as (\u2026) El colmo fue la renuncia del INMUJERES de una parte importante de su presupuesto, un presupuesto que no le pertenec\u00eda, sino que hab\u00eda sido destinado a las mujeres de M\u00e9xico por esta C\u00e1mara\u201d.<\/p>\n\n\n\n<p class=\"wp-block-paragraph\">Maribel Aguilera Chairez (MORENA): \u201cA pesar de los esfuerzos, a pesar del conocimiento sobre las causas que generan la violencia, a pesar de las movilizaciones y compromisos de autoridades y gobiernos, mientras sigamos temerosas, mientras sigamos con miedo de salir a las calles ante la incertidumbre de regresar a casa, mientras permanezcan la angustia de esperar a que nuestras hijas regresen de la escuela, mientras que el acoso laboral en contra de las mujeres siga siendo una pr\u00e1ctica habitual, mientras que cualquier mujer se sienta amenazada y con riesgo, no podemos ni debemos ser optimistas\u201d.<\/p>\n\n\n\n<p class=\"wp-block-paragraph\">Mar\u00eda Guadalupe D\u00edaz Avilez (Morena): \u201cResultado de las relaciones de poder hist\u00f3ricamente desiguales entre hombres y mujeres, esta es una violencia que hoy incendia a M\u00e9xico con 11 feminicidios diarios. Una violencia heredada por los gobiernos pasados y resultado del machismo. Una violencia acrecentada por la emergencia sanitaria, con m\u00e1s de 12 mil 241 violaciones y 199 mil 974 llamadas de emergencia por violencia contra las mujeres, solamente en los primeros meses de este a\u00f1o. Cifras que nos obligan a llegar a una conclusi\u00f3n: la violencia contra las mujeres y las ni\u00f1as es una de las m\u00e1s graves pandemias de la historia humana. Ha existido durante siglos, no discrimina pa\u00edses, ni econom\u00edas, por lo que es urgente redoblar los esfuerzos para erradicarla\u201d.<\/p>\n","protected":false},"excerpt":{"rendered":"<p>El eco que alcanz\u00f3 este 25 de noviembre, D\u00eda Internacional de la Eliminaci\u00f3n de la Violencia contra las Mujeres. Tanto, que la ma\u00f1anera del presidente L\u00f3pez Obrador y sus invitadas del gabinete abordaron el tema.<\/p>\n","protected":false},"author":3,"featured_media":29101,"comment_status":"open","ping_status":"open","sticky":false,"template":"","format":"standard","meta":{"_monsterinsights_skip_tracking":false,"footnotes":""},"categories":[691,110,35],"tags":[],"class_list":["post-29100","post","type-post","status-publish","format-standard","has-post-thumbnail","category-691","category-la-opinion-columnas","category-opinion"],"_links":{"self":[{"href":"https:\/\/redsemlac.com\/semmexico\/wp-json\/wp\/v2\/posts\/29100","targetHints":{"allow":["GET"]}}],"collection":[{"href":"https:\/\/redsemlac.com\/semmexico\/wp-json\/wp\/v2\/posts"}],"about":[{"href":"https:\/\/redsemlac.com\/semmexico\/wp-json\/wp\/v2\/types\/post"}],"author":[{"embeddable":true,"href":"https:\/\/redsemlac.com\/semmexico\/wp-json\/wp\/v2\/users\/3"}],"replies":[{"embeddable":true,"href":"https:\/\/redsemlac.com\/semmexico\/wp-json\/wp\/v2\/comments?post=29100"}],"version-history":[{"count":0,"href":"https:\/\/redsemlac.com\/semmexico\/wp-json\/wp\/v2\/posts\/29100\/revisions"}],"wp:featuredmedia":[{"embeddable":true,"href":"https:\/\/redsemlac.com\/semmexico\/wp-json\/wp\/v2\/media\/29101"}],"wp:attachment":[{"href":"https:\/\/redsemlac.com\/semmexico\/wp-json\/wp\/v2\/media?parent=29100"}],"wp:term":[{"taxonomy":"category","embeddable":true,"href":"https:\/\/redsemlac.com\/semmexico\/wp-json\/wp\/v2\/categories?post=29100"},{"taxonomy":"post_tag","embeddable":true,"href":"https:\/\/redsemlac.com\/semmexico\/wp-json\/wp\/v2\/tags?post=29100"}],"curies":[{"name":"wp","href":"https:\/\/api.w.org\/{rel}","templated":true}]}}