{"id":29097,"date":"2020-11-28T08:04:00","date_gmt":"2020-11-28T08:04:00","guid":{"rendered":"https:\/\/redsemlac.com\/semmexico\/?p=29097"},"modified":"2023-07-21T16:38:54","modified_gmt":"2023-07-21T21:38:54","slug":"scjn-revisara-caso-de-nina-violentada-sexualmente-en-san-luis-potosi-porque-se-le-nego-su-derecho-de-acceso-a-la-justicia","status":"publish","type":"post","link":"https:\/\/redsemlac.com\/semmexico\/scjn-revisara-caso-de-nina-violentada-sexualmente-en-san-luis-potosi-porque-se-le-nego-su-derecho-de-acceso-a-la-justicia\/","title":{"rendered":"SCJN revisar\u00e1 caso de ni\u00f1a violentada sexualmente en San Luis Potos\u00ed porque se le neg\u00f3 su derecho de acceso a la justicia"},"content":{"rendered":"\n<ul class=\"wp-block-list\"><li><strong>La Primera Sala de la SCJN fijar\u00e1 criterios entorno al inter\u00e9s superior de ni\u00f1as y ni\u00f1os<\/strong><strong><\/strong><\/li><\/ul>\n\n\n\n<ul class=\"wp-block-list\"><li><strong>La se\u00f1ora Marcela Alem\u00e1n tuvo que amarrarse a una silla en la sede de la CNDH para hacerse escuchar<\/strong><strong><\/strong><\/li><\/ul>\n\n\n\n<p class=\"wp-block-paragraph\"><strong>Atenea Mej\u00eda<\/strong><\/p>\n\n\n\n<p class=\"wp-block-paragraph\">SemM\u00e9xico, Cd. de M\u00e9xico, 28 de noviembre, 2020 \u2013 Luego de tres a\u00f1os que la ni\u00f1a Lia, cuando ten\u00eda cuatro a\u00f1os, fue v\u00edctima de diversos delitos sexuales por personal del colegio en el que estudiaba en el municipio de R\u00edo Verde, San Luis Potos\u00ed, y que hasta el momento no ha tenido acceso a la justicia, la Primera Sala de la Suprema Corte de Justicia de la Naci\u00f3n (SCJN), resolvi\u00f3 atraer su caso y revisarlo para fijar criterios atendiendo el inter\u00e9s superior de ni\u00f1as y ni\u00f1os.<\/p>\n\n\n\n<p class=\"wp-block-paragraph\">La abogada Ana Katiria Su\u00e1rez Castro, dio a conocer que este fallo de la SCJN convierte el caso de Lia en emblem\u00e1tico porque sentar\u00e1 antecedente para que en futuros casos similares las v\u00edctimas y sus familias pueden ejercer su derecho a la justicia de manera pronta y expedita.<\/p>\n\n\n\n<p class=\"wp-block-paragraph\">El pleno de la Primera Sala de la SCJN, en su sesi\u00f3n del pasado 25 de noviembre, D\u00eda Internacional para la Eliminaci\u00f3n de la Violencia contra la Mujer, determin\u00f3 atraer el caso al resolver un recurso de reclamaci\u00f3n interpuesto por la familia, ya que en un primer momento la misma instancia judicial consider\u00f3 que no ten\u00eda facultades para revisar el expediente.<\/p>\n\n\n\n<p class=\"wp-block-paragraph\">Lia, cuando ten\u00eda cuatro a\u00f1os fue violentada sexualmente por personal del Instituto Luis Gonzaga Urbina, donde estudiaba preescolar, pero a partir de entonces tanto ella, como su familia fueron revictimizadas porque el sistema judicial de San Luis Potos\u00ed en todo momento protegi\u00f3 a las personas victimarias, dijo Su\u00e1rez Castro.<\/p>\n\n\n\n<p class=\"wp-block-paragraph\">En conferencia de prensa al lado de Marcela Alem\u00e1n y Roberto Cuello, madre y padre de la v\u00edctima, la abogada, dijo que en este caso actuaron con dolo y omisi\u00f3n autoridades de la fiscal\u00eda y del Poder Judicial del estado de San Luis Potos\u00ed, porque solo procesaron a una de las personas implicadas y por un solo delito, a quien al t\u00e9rmino del juicio la absolvieron, mientras que diversas instancias del Poder Judicial de la Federaci\u00f3n confirmaron el fallo absolutorio, con lo que se le violent\u00f3 a Lia su derecho al acceso a la justicia.<\/p>\n\n\n\n<p class=\"wp-block-paragraph\">Record\u00f3 que hace tres a\u00f1os, la familia Cuello-Alem\u00e1n inici\u00f3 una campa\u00f1a desgarradora para exigir justicia para su hija \u201cv\u00edctima de delitos atroces, todos de car\u00e1cter sexual, en contra de la dignidad, del libro desarrollo psicosocial por parte, al menos, de tres personas identificadas y en este transitar se les ha negado la justicia en el estado de San Luis Potos\u00ed, por lo que han llevado una lucha exhaustiva para hacer que la voz de su hija sea escuchada, sin embargo, no ha sido as\u00ed\u201d.<\/p>\n\n\n\n<p class=\"wp-block-paragraph\">Explic\u00f3 que ahora, la resoluci\u00f3n de la Primera Sala de la SCJN, presidida por el ministro Juan Luis Alc\u00e1ntara Carranc\u00e1, ordena revisar este caso \u201cpara ser analizado y fijar criterios relacionados al inter\u00e9s superior de la menor por los delitos de car\u00e1cter sexual\u201d.<\/p>\n\n\n\n<p class=\"wp-block-paragraph\">Lo anterior significa un gran paso tanto para la familia como para la v\u00edctima, \u201cas\u00ed como para todas las ni\u00f1as y ni\u00f1os de este pa\u00eds dado que la falta de inter\u00e9s y compromiso del servicio p\u00fablico para atender a la justicia en el estado de San Luis Potos\u00ed provoc\u00f3 la intervenci\u00f3n de la Suprema Corte para analizar de fondo la situaci\u00f3n que coloc\u00f3 en una sentencia absolutoria a la detenida, agresora de la peque\u00f1a v\u00edctima\u201d.<\/p>\n\n\n\n<p class=\"wp-block-paragraph\">Desde un principio la Fiscal\u00eda de San Luis Potos\u00ed se neg\u00f3 en todo momento a escuchar a la v\u00edctima \u201cy al final concluyeron que la v\u00edctima estaba mintiendo y no solo eso, sino que era posible que la familia de la v\u00edctima y que incluso estuviera lastim\u00e1ndola a ella para conseguir dinero, no hay argumento m\u00e1s atroz, m\u00e1s aberrante, m\u00e1s doloroso que ir en contra de la vid y la dignidad de un ni\u00f1a\u201d, sostuvo la abogada Su\u00e1rez Castro.<\/p>\n\n\n\n<p class=\"wp-block-paragraph\">A\u00f1adi\u00f3 que la familia Cuello-Alem\u00e1n se encuentra en calidad de desplazada en la ciudad de M\u00e9xico, derivado de dos ataques de muerte que sufrieron en su estado, como represalia por haber levantado la voz por su hija, que cualquier padre lo hubiera hecho y no se van a detener, hoy estamos pidiendo la protecci\u00f3n federal, porque tienen miedo, porque corren peligro, porque estos hechos tan atroces sabemos que no son hechos aislados\u201d.<\/p>\n\n\n\n<p class=\"wp-block-paragraph\">Consider\u00f3 que luego que todos los caminos&nbsp; la justicia han estado cerrados par Lia y su familia, \u201cesta resoluci\u00f3n de la Suprema Corte nos coloque en una posici\u00f3n de esperanza para las v\u00edctimas y es muy delicado que en un principio se le haya negado a la familia la posibilidad de que su caso sea revisado y despu\u00e9s de promover un recurso de reclamaci\u00f3n frente a la misma Corte haya sido por el ministro Gonz\u00e1lez Alc\u00e1ntara Carranc\u00e1, quien consider\u00f3 que es un asunto tan delicado y tan doloroso que se debe atender al inter\u00e9s superior del menor que por supuesto se van avocar al estudio, porque ella lo merece y si ella lo merece todos debemos estar comprometidos con la valent\u00eda que ha tenido la v\u00edctima, para comunicar los hechos tan atroces, repulsivos y repugnantes que fueron cometidos en su cuerpo y en su dignidad\u201d.<\/p>\n\n\n\n<p class=\"wp-block-paragraph\">Por su parte, Marcela Alem\u00e1n, madre de la v\u00edctima, coment\u00f3 que fue un gran recorrer en busca de justicia hasta llegar a la Ciudad de M\u00e9xico, pasar por la Comisi\u00f3n de Derechos Humanos, la Secretar\u00eda de Gobernaci\u00f3n, hasta llegar a la Suprema Corte, \u201cdonde est\u00e1n mis esperanzas que alg\u00fan d\u00eda pueda tener justicia para que mi ni\u00f1a\u201d.<\/p>\n\n\n\n<p class=\"wp-block-paragraph\">Ha sido un camino muy dif\u00edcil, con desplazamientos, amenazas \u201cnos hicieron muchas cosas en mi estado de San Luis Potos\u00ed, donde cre\u00edamos en la justicia, pero luego vimos c\u00f3mo se violentaban los derechos humanos de una ni\u00f1a al acudir&nbsp; un juicio y que aun as\u00ed no le creyeron\u201d.<\/p>\n\n\n\n<p class=\"wp-block-paragraph\">Roberto Coello, padre de la ni\u00f1a Lia, dijo en la conferencia de prensa que \u201clo \u00fanico que le prometimos a mi hija es justicia, por lo que nos trasladamos a la ciudad de M\u00e9xico para buscarla, porque en SLP nos quedamos sin nada, \u00e9ramos la burla de la justicia\u201d.<\/p>\n\n\n\n<p class=\"wp-block-paragraph\">Mientras Lia y su familia tuvieron que salir de San Luis Potos\u00ed en busca de justicia y para salvar su vida, el colegio en el que fue violentada la menor de edad, sigue operando con la protecci\u00f3n de las autoridades estatales.<\/p>\n","protected":false},"excerpt":{"rendered":"<p>La Primera Sala de la SCJN fijar\u00e1 criterios entorno al inter\u00e9s superior de ni\u00f1as y ni\u00f1os<\/p>\n","protected":false},"author":3,"featured_media":29098,"comment_status":"open","ping_status":"open","sticky":false,"template":"","format":"standard","meta":{"_monsterinsights_skip_tracking":false,"footnotes":""},"categories":[691,51],"tags":[],"class_list":["post-29097","post","type-post","status-publish","format-standard","has-post-thumbnail","category-691","category-ejecutivo"],"_links":{"self":[{"href":"https:\/\/redsemlac.com\/semmexico\/wp-json\/wp\/v2\/posts\/29097","targetHints":{"allow":["GET"]}}],"collection":[{"href":"https:\/\/redsemlac.com\/semmexico\/wp-json\/wp\/v2\/posts"}],"about":[{"href":"https:\/\/redsemlac.com\/semmexico\/wp-json\/wp\/v2\/types\/post"}],"author":[{"embeddable":true,"href":"https:\/\/redsemlac.com\/semmexico\/wp-json\/wp\/v2\/users\/3"}],"replies":[{"embeddable":true,"href":"https:\/\/redsemlac.com\/semmexico\/wp-json\/wp\/v2\/comments?post=29097"}],"version-history":[{"count":0,"href":"https:\/\/redsemlac.com\/semmexico\/wp-json\/wp\/v2\/posts\/29097\/revisions"}],"wp:featuredmedia":[{"embeddable":true,"href":"https:\/\/redsemlac.com\/semmexico\/wp-json\/wp\/v2\/media\/29098"}],"wp:attachment":[{"href":"https:\/\/redsemlac.com\/semmexico\/wp-json\/wp\/v2\/media?parent=29097"}],"wp:term":[{"taxonomy":"category","embeddable":true,"href":"https:\/\/redsemlac.com\/semmexico\/wp-json\/wp\/v2\/categories?post=29097"},{"taxonomy":"post_tag","embeddable":true,"href":"https:\/\/redsemlac.com\/semmexico\/wp-json\/wp\/v2\/tags?post=29097"}],"curies":[{"name":"wp","href":"https:\/\/api.w.org\/{rel}","templated":true}]}}