{"id":29094,"date":"2020-11-27T21:03:26","date_gmt":"2020-11-27T21:03:26","guid":{"rendered":"https:\/\/redsemlac.com\/semmexico\/?p=29094"},"modified":"2023-07-21T16:38:55","modified_gmt":"2023-07-21T21:38:55","slug":"tiempo-de-rectificaciones-feministas","status":"publish","type":"post","link":"https:\/\/redsemlac.com\/semmexico\/tiempo-de-rectificaciones-feministas\/","title":{"rendered":"Tiempo de rectificaciones feministas"},"content":{"rendered":"\n<h2 class=\"wp-block-heading\"><strong>Utop\u00eda<\/strong><\/h2>\n\n\n\n<p class=\"wp-block-paragraph\"><strong>Eduardo Ibarra Aguirre<\/strong><\/p>\n\n\n\n<p class=\"wp-block-paragraph\">SemM\u00e9xico. Cd. de M\u00e9xico. 27 de noviembre 2020.- Por lo menos \u201c180 colectivas y sindicalistas\u201d convocaron a la marcha capitalina por el D\u00eda Internacional de la Eliminaci\u00f3n de la Violencia contra la Mujer, establecido por la Organizaci\u00f3n de las Naciones Unidas hace 20 a\u00f1os, y su celebraci\u00f3n fue masiva y global, pero la ciudad de M\u00e9xico es una excepci\u00f3n porque apenas participaron \u201cun millar\u201d de mujeres (Imagen Noticias y autoridades locales) o \u201cvarios miles\u201d (La Jornada).<\/p>\n\n\n\n<p class=\"wp-block-paragraph\">En cualesquiera casos se trat\u00f3 de una muy peque\u00f1a manifestaci\u00f3n del monumento a la Revoluci\u00f3n al Z\u00f3calo, eso s\u00ed con un grupo autodenominado anarquista infiltrado y que por desgracia forma parte del paisaje citadino desde que Enrique Pe\u00f1a Nieto asumi\u00f3 como presidente en San L\u00e1zaro, el 1 de diciembre de 2012.<\/p>\n\n\n\n<p class=\"wp-block-paragraph\">Y como siempre, las que algunos columnista llaman \u201cfeminazis\u201d, t\u00e9rmino inexacto, se distinguieron por sus acciones vand\u00e1licas contra negocios particulares micros, peque\u00f1os y trasnacionales; por su agresividad hacia las mujeres polic\u00edas que las vigilaban y trataban de contener; contra personas que realizan un plant\u00f3n en el Z\u00f3calo y que son residuos del anticomunista Frena a los que destruyeron sus pertenencias e intentaron agredir a los que rezaban en Catedral. Adem\u00e1s lesionaron a 23 polic\u00edas \u2013seis de ellas fueron trasladadas a un hospital\u2013 y 20 civiles que fueron atendidos en el Z\u00f3calo. Ellas y ellos tambi\u00e9n son padres, trabajadoras, hermanos\u2026<\/p>\n\n\n\n<p class=\"wp-block-paragraph\">Cierto es que las convocantes de la marcha establecieron a las supuestas anarquistas colocarse en la retaguardia, lo que respetaron un rato, tambi\u00e9n que las \u201c180 colectivas\u201d no participaron de las agresiones, como algunos medios desinformaron. Pero es p\u00fablico y est\u00e1 harto documentado que las lideresas de hoy y las de hace medio siglo no supieron o no quisieron deslindarse a tiempo de las vand\u00e1licas y supuestas feministas. Los argumentos van desde que unos cuantos cristales rotos y que las piedras (monumentos) valen menos que la vida de las mujeres.<\/p>\n\n\n\n<p class=\"wp-block-paragraph\">M\u00e1s el nudo del problemas es otro y lo eluden las gur\u00fas de los feminismos: \u00bfSe puede combatir el grav\u00edsimo problema de la violencia familiar y el feminicidio violentando a las mujeres y hombres polic\u00edas, a comerciantes y trabajadores, a micro y peque\u00f1os empresarios? \u00bfQuemando librer\u00edas como El S\u00f3tano de avenida Ju\u00e1rez?<\/p>\n\n\n\n<p class=\"wp-block-paragraph\">Varias razones pueden arg\u00fcirse para explicar el fracaso estrepitoso de la marcha de las \u201c180 colectivas y sindicalistas\u201d, pero una principal consiste en que muchas mujeres y hombres que abrazan las causas de los feminismos que son diversos \u2013desde el liberal predominante hasta el anticapitalista y el socialista\u2013, no de ahora que est\u00e1n de moda sino desde los a\u00f1os 60 del siglo pasado, no comparten los acciones vand\u00e1licas y la violencia contra las mujeres polic\u00edas, por m\u00e1s que las agresoras expliquen a la polic\u00eda sometida en el suelo: \u201cNo te agredo a ti, sino a lo que representas\u201d.<\/p>\n\n\n\n<p class=\"wp-block-paragraph\">Finalmente se trata de un problema de eficacia social y pol\u00edtica, no de buenas intenciones que de ellas est\u00e1 sembrado el camino del infierno, de c\u00f3mo es m\u00e1s viable construir una mayor\u00eda contra la violencia intrafamiliar y los feminicidios (3 800 al a\u00f1o), en particular para proteger a las m\u00e1s peque\u00f1as e indefensas que son violentados por familiares masculinos y femeninos. Cada d\u00eda 32 ni\u00f1as de 10 a 14 a\u00f1os se convierten en madres, por lo general v\u00edctimas de agresiones sexuales. Esto es lo trascendente. Y no tanto el reparto del pastel pol\u00edtico a lo que tantos esfuerzos canalizan.<\/p>\n\n\n\n<p class=\"wp-block-paragraph\"><strong>Acuse de recibo<\/strong><\/p>\n\n\n\n<p class=\"wp-block-paragraph\">El doctor Sergio Aguayo justific\u00f3 en Primer Plano (Canal 11, 16-XI-20) al jefe del grupo pol\u00edtico que domina, tiempo ha, la Universidad de Guadalajara y la Feria Internacional del Libro: \u201cMe sorprende la capacidad de adaptaci\u00f3n, a partir de la transici\u00f3n a la democracia, de Ra\u00fal Padilla\u201d L\u00f3pez&#8230; Para que usted lea en http:\/\/www.forumenlinea.com\/: Una desgracia, el crecimiento del producto interno bruto: \u00a1Descrecimiento o colapso! (Miguel Valencia Mulkay). El M\u00e9xico insurgente de John Reed (Cristina Lanuza Marrero). D\u00edas de nostalgia y destierro (Nidia S\u00e1nchez). Gatsby: El encanto de la ficci\u00f3n y el crimen en M\u00e9xico; El pueblo chileno lapid\u00f3 la secuela golpista de Pinochet (Teresa Gil). En tiempos de covid-19: El cuidado necesario y la hermandad afectuosa (Leonardo Boff). Tratamiento para el estre\u00f1imiento; U\u00f1as encarnadas u onicocriptosis; Causas de la hinchaz\u00f3n de las piernas (Abigail Bello Gallardo)\u2026 Para este portal su apoyo es indispensable: Forum Ediciones SA de CV. BBVA: 04 49 49 84 00. CLABE: 01 21 80 00 44 94 98 40 02\u2026 Los directivos de BBVA en la Ciudad de M\u00e9xico, en particular los de la sucursal de la colonia Nueva Santa Mar\u00eda, se har\u00edan un favor al leer al fundador de Walmart, Sam Walton: \u201cS\u00f3lo hay un jefe: el cliente. Y \u00e9l puede despedir a todas las personas de la empresa, del presidente al conserje, simplemente llevando su dinero para gastar en otro lugar\u201d\u2026 Hace una d\u00e9cada falleci\u00f3 Jos\u00e9 \u00c1lvarez Icaza Manero, el querido Pepe que fund\u00f3 Cencos.<\/p>\n\n\n\n<p class=\"wp-block-paragraph\"><a href=\"http:\/\/www.forumenlinea.com\/\">http:\/\/www.forumenlinea.com\/<\/a><\/p>\n\n\n\n<p class=\"wp-block-paragraph\"><a href=\"https:\/\/www.facebook.com\/forumenlinea\">https:\/\/www.facebook.com\/forumenlinea<\/a><\/p>\n\n\n\n<p class=\"wp-block-paragraph\">&nbsp;forum@forumenlinea.com&nbsp;<\/p>\n\n\n\n<p class=\"wp-block-paragraph\">Twitter@IbarraAguirreEd<\/p>\n","protected":false},"excerpt":{"rendered":"<p>Por lo menos \u201c180 colectivas y sindicalistas\u201d convocaron a la marcha capitalina por el D\u00eda Internacional de la Eliminaci\u00f3n de la Violencia contra la Mujer<\/p>\n","protected":false},"author":3,"featured_media":29095,"comment_status":"open","ping_status":"open","sticky":false,"template":"","format":"standard","meta":{"_monsterinsights_skip_tracking":false,"footnotes":""},"categories":[691,110,35],"tags":[],"class_list":["post-29094","post","type-post","status-publish","format-standard","has-post-thumbnail","category-691","category-la-opinion-columnas","category-opinion"],"_links":{"self":[{"href":"https:\/\/redsemlac.com\/semmexico\/wp-json\/wp\/v2\/posts\/29094","targetHints":{"allow":["GET"]}}],"collection":[{"href":"https:\/\/redsemlac.com\/semmexico\/wp-json\/wp\/v2\/posts"}],"about":[{"href":"https:\/\/redsemlac.com\/semmexico\/wp-json\/wp\/v2\/types\/post"}],"author":[{"embeddable":true,"href":"https:\/\/redsemlac.com\/semmexico\/wp-json\/wp\/v2\/users\/3"}],"replies":[{"embeddable":true,"href":"https:\/\/redsemlac.com\/semmexico\/wp-json\/wp\/v2\/comments?post=29094"}],"version-history":[{"count":0,"href":"https:\/\/redsemlac.com\/semmexico\/wp-json\/wp\/v2\/posts\/29094\/revisions"}],"wp:featuredmedia":[{"embeddable":true,"href":"https:\/\/redsemlac.com\/semmexico\/wp-json\/wp\/v2\/media\/29095"}],"wp:attachment":[{"href":"https:\/\/redsemlac.com\/semmexico\/wp-json\/wp\/v2\/media?parent=29094"}],"wp:term":[{"taxonomy":"category","embeddable":true,"href":"https:\/\/redsemlac.com\/semmexico\/wp-json\/wp\/v2\/categories?post=29094"},{"taxonomy":"post_tag","embeddable":true,"href":"https:\/\/redsemlac.com\/semmexico\/wp-json\/wp\/v2\/tags?post=29094"}],"curies":[{"name":"wp","href":"https:\/\/api.w.org\/{rel}","templated":true}]}}