{"id":29091,"date":"2020-11-27T19:58:37","date_gmt":"2020-11-27T19:58:37","guid":{"rendered":"https:\/\/redsemlac.com\/semmexico\/?p=29091"},"modified":"2023-07-21T16:38:55","modified_gmt":"2023-07-21T21:38:55","slug":"nestora-salgado-garcia-reconoce-las-bondades-de-la-ciudad-de-las-mujeres-de-tlapa-guerrero-promovida-por-rosario-robles-berlanga-en-el-pasado-sexenio","status":"publish","type":"post","link":"https:\/\/redsemlac.com\/semmexico\/nestora-salgado-garcia-reconoce-las-bondades-de-la-ciudad-de-las-mujeres-de-tlapa-guerrero-promovida-por-rosario-robles-berlanga-en-el-pasado-sexenio\/","title":{"rendered":"N\u00e9stora Salgado Garc\u00eda reconoce las bondades de la Ciudad de las Mujeres de Tlapa, Guerrero, promovida por Rosario Robles Berlanga en el pasado sexenio"},"content":{"rendered":"\n<ul class=\"wp-block-list\"><li><strong>Propone darle certeza jur\u00eddica y crear nuevas en todo el pa\u00eds, para las m\u00e1s pobres<\/strong><\/li><\/ul>\n\n\n\n<ul class=\"wp-block-list\"><li><strong>Iniciativa para construir espacios destinados, especialmente a ind\u00edgenas y afromexicanas<\/strong><\/li><\/ul>\n\n\n\n<p class=\"wp-block-paragraph\"><strong>Elda Montiel<\/strong><\/p>\n\n\n\n<p class=\"wp-block-paragraph\">SemM\u00e9xico. Cd. M\u00e9xico. 27 de noviembre 2020.- La senadora morenista&nbsp; N\u00e9stora Salgado Garc\u00eda plante\u00f3 reformar la Ley Org\u00e1nica de la Administraci\u00f3n P\u00fablica Federal y&nbsp;&nbsp;la Ley General para la Igualdad entre Mujeres y Hombres para la construcci\u00f3n de Ciudades de las Mujeres con siete m\u00f3dulos de atenci\u00f3n especializada, ciudades como la de Tlapa, Guerrero.<\/p>\n\n\n\n<p class=\"wp-block-paragraph\">Esta, una idea, que promovi\u00f3 la ex secretaria de desarrollo social, Rosario Robles Berlanga, como un espacio &nbsp;de atenci\u00f3n integral con educaci\u00f3n primaria; salud sexual y reproductiva; vida libre de violencia; instrucci\u00f3n colectiva; promoci\u00f3n de autonom\u00eda econ\u00f3mica; atenci\u00f3n a mujeres j\u00f3venes y cuidado Infantil.<\/p>\n\n\n\n<p class=\"wp-block-paragraph\">El objetivo de la iniciativa es dar certeza jur\u00eddica, a la ciudad existente y otra en Michoac\u00e1n, para que M\u00e9xico cuente con estos espacios p\u00fablicos que brinden una atenci\u00f3n digna a ni\u00f1as y mujeres m\u00e1s necesitadas, principalmente a mujeres ind\u00edgenas y afromexicanas.&nbsp;<\/p>\n\n\n\n<p class=\"wp-block-paragraph\">La iniciativa propone consolidar acciones, m\u00e1s que nunca, concretas que permitan garantizar un desarrollo integral a ni\u00f1as y mujeres, sobre todo por el actual contexto de violencia familiar, consecuencia de la pandemia de Covid-19.&nbsp;<\/p>\n\n\n\n<p class=\"wp-block-paragraph\">Respecto a la Ciudad de las Mujeres, ubicada en Tlapa, Guerrero, sostuvo es el \u00fanico mecanismo efectivo de pol\u00edtica p\u00fablica que atiende de manera integral la situaci\u00f3n de pobreza y abandono que enfrentan las mujeres, por lo que consider\u00f3 que es un espacio que debe replicarse.<\/p>\n\n\n\n<p class=\"wp-block-paragraph\">Es un espacio que permite a las mujeres desarrollarse y desenvolverse frente a serias complicaciones socioecon\u00f3mica de esa regi\u00f3n, como son la pobreza, la discriminaci\u00f3n, el machismo, la violencia de g\u00e9nero, la falta de acceso a la educaci\u00f3n, la salud y la alimentaci\u00f3n. &nbsp;<\/p>\n\n\n\n<p class=\"wp-block-paragraph\">&nbsp;Espec\u00edfico que la iniciativa, construida con la sociedad civil, surge para proporcionar certeza jur\u00eddica a la pol\u00edtica de g\u00e9nero transformadora, como esfuerzo que deben realizar los tres \u00f3rdenes de gobierno, para contribuir a las pol\u00edticas de igualdad; esta estrategia \u2013probada en Tlapa- adem\u00e1s, promueve herramientas efectivas para el desarrollo integral, sustentable y sostenible de mujeres y ni\u00f1as, en un plano de igualdad sustantiva, &nbsp;<\/p>\n\n\n\n<p class=\"wp-block-paragraph\">La iniciativa deja en claro que es necesario, para su realizaci\u00f3n, la incorporaci\u00f3n de las ciudades de las mujeres, en los presupuestos de egresos de las entidades federativas, la asignaci\u00f3n de recursos para el cumplimiento de la pol\u00edtica local en materia de igualdad, para fortalecer estos espacios, que adem\u00e1s podr\u00e1n fomentar efectivamente el empoderamiento y el ejercicio de los derechos humanos de ni\u00f1as, adolescentes y mujeres.<\/p>\n\n\n\n<p class=\"wp-block-paragraph\">Se\u00f1al\u00f3 que tambi\u00e9n estos centros contribuyen en, buena medida, al logro de la transversalidad de la perspectiva de g\u00e9nero, como m\u00e9todo de gesti\u00f3n p\u00fablica que permite aplicar recursos de distintas esferas a un mismo prop\u00f3sito.&nbsp;<\/p>\n\n\n\n<p class=\"wp-block-paragraph\">El proyecto de decreto por el que se reforman y adicionan diversas disposiciones de la Ley Org\u00e1nica de la Administraci\u00f3n P\u00fablica Federal y de la Ley General para la Igualdad entre Mujeres y Hombres, fue turnada a las comisiones unidas para la Igualdad de G\u00e9nero; y de Estudios Legislativos. &nbsp;<\/p>\n","protected":false},"excerpt":{"rendered":"<p>Ciudad de las Mujeres, ubicada en Tlapa, Guerrero, sostuvo es el \u00fanico mecanismo efectivo de pol\u00edtica p\u00fablica que atiende de manera integral la situaci\u00f3n de pobreza y abandono que enfrentan las mujeres<\/p>\n","protected":false},"author":3,"featured_media":29092,"comment_status":"open","ping_status":"open","sticky":false,"template":"","format":"standard","meta":{"_monsterinsights_skip_tracking":false,"footnotes":""},"categories":[691,50],"tags":[],"class_list":["post-29091","post","type-post","status-publish","format-standard","has-post-thumbnail","category-691","category-congreso"],"_links":{"self":[{"href":"https:\/\/redsemlac.com\/semmexico\/wp-json\/wp\/v2\/posts\/29091","targetHints":{"allow":["GET"]}}],"collection":[{"href":"https:\/\/redsemlac.com\/semmexico\/wp-json\/wp\/v2\/posts"}],"about":[{"href":"https:\/\/redsemlac.com\/semmexico\/wp-json\/wp\/v2\/types\/post"}],"author":[{"embeddable":true,"href":"https:\/\/redsemlac.com\/semmexico\/wp-json\/wp\/v2\/users\/3"}],"replies":[{"embeddable":true,"href":"https:\/\/redsemlac.com\/semmexico\/wp-json\/wp\/v2\/comments?post=29091"}],"version-history":[{"count":0,"href":"https:\/\/redsemlac.com\/semmexico\/wp-json\/wp\/v2\/posts\/29091\/revisions"}],"wp:featuredmedia":[{"embeddable":true,"href":"https:\/\/redsemlac.com\/semmexico\/wp-json\/wp\/v2\/media\/29092"}],"wp:attachment":[{"href":"https:\/\/redsemlac.com\/semmexico\/wp-json\/wp\/v2\/media?parent=29091"}],"wp:term":[{"taxonomy":"category","embeddable":true,"href":"https:\/\/redsemlac.com\/semmexico\/wp-json\/wp\/v2\/categories?post=29091"},{"taxonomy":"post_tag","embeddable":true,"href":"https:\/\/redsemlac.com\/semmexico\/wp-json\/wp\/v2\/tags?post=29091"}],"curies":[{"name":"wp","href":"https:\/\/api.w.org\/{rel}","templated":true}]}}