{"id":29085,"date":"2020-11-27T19:44:26","date_gmt":"2020-11-27T19:44:26","guid":{"rendered":"https:\/\/redsemlac.com\/semmexico\/?p=29085"},"modified":"2023-07-21T16:38:55","modified_gmt":"2023-07-21T21:38:55","slug":"wikiclaves-violetas","status":"publish","type":"post","link":"https:\/\/redsemlac.com\/semmexico\/wikiclaves-violetas\/","title":{"rendered":"Wikiclaves Violetas"},"content":{"rendered":"\n<p class=\"wp-block-paragraph\"><strong>Elvira Hern\u00e1ndez Carballido<\/strong><\/p>\n\n\n\n<p class=\"wp-block-paragraph\">SemM\u00e9xico. Pachuca Hidalgo. 27 de noviembre 2020.- De Violetas del An\u00e1huac a Wikiclaves Violetas, abrir espacios para hacernos visibles, darnos voz y sumar voces, convencernos que podemos estar en todos los medios, que deben identificarnos por lo que somos y escribimos, mujeres viento, mujeres luna, palabras ruidosas, pu\u00f1os levantados, inspiraciones para nosotras mismas, historias que ya no se olvidar\u00e1n.<\/p>\n\n\n\n<p class=\"wp-block-paragraph\">Esta campa\u00f1a que circular\u00e1 por todas las redes y que naci\u00f3 por iniciativa de Wikimedia M\u00e9xico permite afirmar que no hemos dejado de avanzar, de pasar estafetas, de heredar discursos, de compartir certezas.<\/p>\n\n\n\n<p class=\"wp-block-paragraph\">En efecto, fue en 1887 cuando Laureana Wright y Mateana Murgui sacaron a la luz en semanario \u201credactado por se\u00f1oras\u201d, que fue un verdadero escenario de reflexiones, historias y voces de mujeres del siglo XIX. Desde su primer editorial invitaban a sus colegas a escribir, a compartir lo que les gustaba, cre\u00edan o luchaban. Sin duda, fue una verdadera escuela de periodismo, de feminismo, de certeza total de que las mujeres tomaban la pluma, escrib\u00edan en sus m\u00e1quinas de escribir lo que deseaban manifestar, denunciar o relatar.<\/p>\n\n\n\n<p class=\"wp-block-paragraph\">Hoy, en este siglo XXI las redes sociales han abierto puertas y ventanas, cielos y mares, para que las mujeres expresemos nuestro sentir, nuestro coraje o nuestra esperanza. Las nuevas generaciones han afinado la mirada, han hecho suyos las plumas y teclados para que las mujeres est\u00e9n latentes con su sentir y su visi\u00f3n.<\/p>\n\n\n\n<p class=\"wp-block-paragraph\">De esta manera, Carmen Alc\u00e1zar, presidenta de Wikimedia M\u00e9xico ha creado y lanza esta campa\u00f1a bautizada como Wikiclaves Violetas, en el marco de 16 d\u00edas de activismo contra la violencia de g\u00e9nero. Es as\u00ed como, a partir del 25 de noviembre, hasta el 10 de diciembre, continuar\u00e1n y reforzar\u00e1n su agenda donde la visibilizaci\u00f3n de las mujeres es determinante. Entre sus aportaciones m\u00e1s recientes est\u00e1 el proyecto \u201cEditona\u201d, que naci\u00f3 en M\u00e9xico, y representa un marat\u00f3n de edici\u00f3n que sensibiliza para que en este espacio tan consultado y que todo buscador da como primera opci\u00f3n de consulta, est\u00e1n cada vez m\u00e1s presentes las mujeres en todos los \u00e1mbitos donde han participado. Se est\u00e1 quintando que la referencia primera que se d\u00e9 de ella son esos t\u00e9rminos de fue esposa, fue musa, fue hija y destaque su trayectoria por ella misma, por sus logros, por sus aportaciones. Que recuperemos tantos nombres y trayectorias olvidados u ocultas, que haya m\u00e1s nombres femeninos en Wilipedia. \u201cEsta iniciativa es exclusiva para mujeres con la finalidad de crear un espacio seguro para nosotras, queremos que m\u00e1s mujeres lleguen a Wikipedia\u201d, reafirma Carmen.<\/p>\n\n\n\n<p class=\"wp-block-paragraph\">De igual manera, en su video de promoci\u00f3n, se afirma que la \u201ccampa\u00f1a pretende crear un di\u00e1logo intergeneracional mediante un lenguaje sencillo y accesible, desde la perspectiva de g\u00e9nero y de los derechos humanos\u201d.<\/p>\n\n\n\n<p class=\"wp-block-paragraph\">Una gran aliada y tambi\u00e9n determinante en esta campa\u00f1a es la doctora Raquel Ram\u00edrez Salgado, quien desde hace a\u00f1o ha llevado a cabo grandes iniciativas para integrar el periodismo y la comunicaci\u00f3n al compromiso feminista. Una mujer incansable que siempre busca abrir espacio para sensibilizar, para insistir sobre la importancia de cada mujer, lo representativo de luchar por nuestros derechos, contra la violencia y por nuestras alianzas. Siempre generosa y sensible, ha hecho un equipo maravillo para que esta campa\u00f1a tenga las voces m\u00e1s identificadas con este compromiso feminista. Bien escribi\u00f3 Raquel en uno de sus espacios digitales. \u201cCosa bonita antes de morir de cansancio. El equipo de Wikimedia M\u00e9xico preparamos una campa\u00f1a bien chidita que se llama Wikiclaves Violetas. La campa\u00f1a estar\u00e1 presente en nuestras redes durante los 16 d\u00edas de activismo. Contaremos con la participaci\u00f3n de 6 voceras de lujo, que nos hablar\u00e1n de diversos temas:<\/p>\n\n\n\n<ul class=\"wp-block-list\"><li>La perspectiva de g\u00e9nero y su incorporaci\u00f3n a Wikipedia, Elvira Hern\u00e1ndez Carballido.<\/li><li>Genealog\u00edas feministas y Wikipedia, Raquel G\u00fcereca<\/li><li>Lenguaje no sexista), Dana\u00e9 Silva \u00abLa Corregidora\u00bb<\/li><li>Representaciones sin estereotipos sexistas, Tania Claudia Castillo. <a href=\"https:\/\/www.facebook.com\/tania.c.castillo.1?__cft__%5b0%5d=AZU6IgzFDbX_47kOXLbZPGHlOOdAPyglphXLLvmDjfeGAvtgm2HUtzmxDghQuz4ujPtFBmj7S_Ja7GWUCfFEeqQ0-oSYMaH1jeNa898YWRVvMMi-bqLzJUalkEEAhhWeh6U&amp;__tn__=-%5dK-R\"><\/a><\/li><li>Perder el miedo a escribir, Celerina S\u00e1nchez.<\/li><li>Apropiaci\u00f3n tecnol\u00f3gica y g\u00e9nero, Irene Soria Guzm\u00e1n.<\/li><\/ul>\n\n\n\n<p class=\"wp-block-paragraph\">Tanto la presidenta de Wikimedia M\u00e9xico, Carmen Alc\u00e1zar, como Raquel Ram\u00edrez Salgado y cada vocera de esta esta campa\u00f1a bien llamada Wikiclaves Violetas, difundir\u00e1n en sus espacios y redes sociales est\u00e1 campa\u00f1a, seguras de que nuestras voces e historias, nuestros trayectorias y logros, obst\u00e1culos separados y nuevos retos para enfrentar ser\u00e1 recuperados por editoras sensibles y c\u00f3mplices. Que esa herencia de las Violetas del An\u00e1huac pinte cada escenario con los colores feministas, se haga escuchar con las voces de mujeres, provoque leernos en todo nuestro esplendor y descubrirnos por lo que somos y seremos por nosotras mismas. Entre alianzas y complicidades, violetas de esperanza.<\/p>\n","protected":false},"excerpt":{"rendered":"<p>De Violetas del An\u00e1huac a Wikiclaves Violetas, abrir espacios para hacernos visibles, darnos voz y sumar voce<\/p>\n","protected":false},"author":3,"featured_media":29086,"comment_status":"open","ping_status":"open","sticky":false,"template":"","format":"standard","meta":{"_monsterinsights_skip_tracking":false,"footnotes":""},"categories":[200,691],"tags":[],"class_list":["post-29085","post","type-post","status-publish","format-standard","has-post-thumbnail","category-16-dias-de-activismo-para-saber","category-691"],"_links":{"self":[{"href":"https:\/\/redsemlac.com\/semmexico\/wp-json\/wp\/v2\/posts\/29085","targetHints":{"allow":["GET"]}}],"collection":[{"href":"https:\/\/redsemlac.com\/semmexico\/wp-json\/wp\/v2\/posts"}],"about":[{"href":"https:\/\/redsemlac.com\/semmexico\/wp-json\/wp\/v2\/types\/post"}],"author":[{"embeddable":true,"href":"https:\/\/redsemlac.com\/semmexico\/wp-json\/wp\/v2\/users\/3"}],"replies":[{"embeddable":true,"href":"https:\/\/redsemlac.com\/semmexico\/wp-json\/wp\/v2\/comments?post=29085"}],"version-history":[{"count":0,"href":"https:\/\/redsemlac.com\/semmexico\/wp-json\/wp\/v2\/posts\/29085\/revisions"}],"wp:featuredmedia":[{"embeddable":true,"href":"https:\/\/redsemlac.com\/semmexico\/wp-json\/wp\/v2\/media\/29086"}],"wp:attachment":[{"href":"https:\/\/redsemlac.com\/semmexico\/wp-json\/wp\/v2\/media?parent=29085"}],"wp:term":[{"taxonomy":"category","embeddable":true,"href":"https:\/\/redsemlac.com\/semmexico\/wp-json\/wp\/v2\/categories?post=29085"},{"taxonomy":"post_tag","embeddable":true,"href":"https:\/\/redsemlac.com\/semmexico\/wp-json\/wp\/v2\/tags?post=29085"}],"curies":[{"name":"wp","href":"https:\/\/api.w.org\/{rel}","templated":true}]}}