{"id":29077,"date":"2020-11-27T19:26:23","date_gmt":"2020-11-27T19:26:23","guid":{"rendered":"https:\/\/redsemlac.com\/semmexico\/?p=29077"},"modified":"2023-07-21T16:38:55","modified_gmt":"2023-07-21T21:38:55","slug":"25n-en-imagenes-exigencia-y-clamor-de-justicia-en-mexico-ni-una-mas","status":"publish","type":"post","link":"https:\/\/redsemlac.com\/semmexico\/25n-en-imagenes-exigencia-y-clamor-de-justicia-en-mexico-ni-una-mas\/","title":{"rendered":"#25N en im\u00e1genes: exigencia y clamor de justicia en M\u00e9xico \u00a1Ni una m\u00e1s!"},"content":{"rendered":"\n<h2 class=\"wp-block-heading\">16 D\u00edas de Acci\u00f3n<\/h2>\n\n\n\n<h5 class=\"wp-block-heading\"><strong><em>Reportaje Gr\u00e1fico<\/em><\/strong><\/h5>\n\n\n\n<p class=\"wp-block-paragraph\">SemM\u00e9xico. 27 de noviembre 2020.- Diversas colectivas y mujeres feministas se manifestaron este 25 de noviembre con motivo del D\u00eda internacional para la Eliminaci\u00f3n de la Violencia contra las Mujeres\u00a0en\u00a0 todo el territorio mexicano. Acciones que exigen un alto a la violencia de g\u00e9nero y el machismo. Aqu\u00ed te presentamos algunas im\u00e1genes de las marchas, exigencias y actividades que se dieron en torno al 25N<\/p>\n\n\n\n<h2 class=\"wp-block-heading\">Morelos<\/h2>\n\n\n\n[ngg src=\u00bbgalleries\u00bb ids=\u00bb6&#8243; display=\u00bbbasic_imagebrowser\u00bb]\n\n\n\n<h2 class=\"wp-block-heading\">Jalisco<\/h2>\n\n\n\n[ngg src=\u00bbgalleries\u00bb ids=\u00bb5&#8243; display=\u00bbbasic_imagebrowser\u00bb]\n\n\n\n<h2 class=\"wp-block-heading\">Guerrero<\/h2>\n\n\n\n[ngg src=\u00bbgalleries\u00bb ids=\u00bb7&#8243; display=\u00bbbasic_imagebrowser\u00bb]\n\n\n\n<h2 class=\"wp-block-heading\">Quintana Roo<\/h2>\n\n\n\n[ngg src=\u00bbgalleries\u00bb ids=\u00bb8&#8243; display=\u00bbbasic_imagebrowser\u00bb]\n\n\n\n<h2 class=\"wp-block-heading\">Veracruz<\/h2>\n\n\n\n[ngg src=\u00bbgalleries\u00bb ids=\u00bb9&#8243; display=\u00bbbasic_imagebrowser\u00bb]\n\n\n\n<p class=\"wp-block-paragraph\"><em>Fotograf\u00edas: Estrella Pedroza (Morelos), Josefina Aguilar (Guerrero), Analy Nu\u00f1o (Jalisco), Analy Osorio (Veracruz)<\/em><\/p>\n","protected":false},"excerpt":{"rendered":"<p>Diversas colectivas y mujeres feministas se manifestaron este 25 de noviembre con motivo del D\u00eda internacional para la Eliminaci\u00f3n de la Violencia contra las Mujeres.<\/p>\n","protected":false},"author":3,"featured_media":29079,"comment_status":"open","ping_status":"open","sticky":false,"template":"","format":"standard","meta":{"_monsterinsights_skip_tracking":false,"footnotes":""},"categories":[200,691],"tags":[],"class_list":["post-29077","post","type-post","status-publish","format-standard","has-post-thumbnail","category-16-dias-de-activismo-para-saber","category-691"],"_links":{"self":[{"href":"https:\/\/redsemlac.com\/semmexico\/wp-json\/wp\/v2\/posts\/29077","targetHints":{"allow":["GET"]}}],"collection":[{"href":"https:\/\/redsemlac.com\/semmexico\/wp-json\/wp\/v2\/posts"}],"about":[{"href":"https:\/\/redsemlac.com\/semmexico\/wp-json\/wp\/v2\/types\/post"}],"author":[{"embeddable":true,"href":"https:\/\/redsemlac.com\/semmexico\/wp-json\/wp\/v2\/users\/3"}],"replies":[{"embeddable":true,"href":"https:\/\/redsemlac.com\/semmexico\/wp-json\/wp\/v2\/comments?post=29077"}],"version-history":[{"count":0,"href":"https:\/\/redsemlac.com\/semmexico\/wp-json\/wp\/v2\/posts\/29077\/revisions"}],"wp:featuredmedia":[{"embeddable":true,"href":"https:\/\/redsemlac.com\/semmexico\/wp-json\/wp\/v2\/media\/29079"}],"wp:attachment":[{"href":"https:\/\/redsemlac.com\/semmexico\/wp-json\/wp\/v2\/media?parent=29077"}],"wp:term":[{"taxonomy":"category","embeddable":true,"href":"https:\/\/redsemlac.com\/semmexico\/wp-json\/wp\/v2\/categories?post=29077"},{"taxonomy":"post_tag","embeddable":true,"href":"https:\/\/redsemlac.com\/semmexico\/wp-json\/wp\/v2\/tags?post=29077"}],"curies":[{"name":"wp","href":"https:\/\/api.w.org\/{rel}","templated":true}]}}