{"id":2907,"date":"2018-02-21T20:28:45","date_gmt":"2018-02-21T20:28:45","guid":{"rendered":"https:\/\/redsemlac.com\/semmexico\/?p=2907"},"modified":"2023-07-21T14:30:47","modified_gmt":"2023-07-21T19:30:47","slug":"se-comprometio-a-atacar-los-cinco-jinetes-del-apocalipsis","status":"publish","type":"post","link":"https:\/\/redsemlac.com\/semmexico\/se-comprometio-a-atacar-los-cinco-jinetes-del-apocalipsis\/","title":{"rendered":"Se comprometi\u00f3 a atacar \u201clos cinco jinetes del Apocalipsis\u201d"},"content":{"rendered":"\n<p class=\"wp-block-paragraph\">Michelle Bucio<br>\nSemM\u00e9xico, Cd. de M\u00e9xico, 21 febrero 2018.- Purificaci\u00f3n Carpinteyro Calder\u00f3n fue designada como candidata del Partido Nueva Alianza (Panal) al gobierno de la Ciudad de M\u00e9xico. La aspirante confi\u00f3 en convencer al 40 por ciento de los votantes, principalmente j\u00f3venes, que hasta el momento no saben a qui\u00e9n elegir. <\/p>\n\n\n\n<p class=\"wp-block-paragraph\">La ex diputada federal por el Partido de la Revoluci\u00f3n Democr\u00e1tica (PRD) y reconocida especialista en el tema de las telecomunicaciones se\u00f1al\u00f3 que su trayectoria y capacidad servir\u00e1n para atraer a un n\u00famero Importante de la poblaci\u00f3n, especialmente j\u00f3venes. <\/p>\n\n\n\n<p class=\"wp-block-paragraph\">Al aceptar la candidatura en un evento p\u00fablico del partido turquesa, se comprometi\u00f3 a atacar \u201clos cinco jinetes del Apocalipsis\u201d, que contemplan las principales carencias y problemas como la seguridad y servicios b\u00e1sicos. \u201cY si estos no se atienden, para el 2050, la ciudad no va a poder subsistir\u201d, advirti\u00f3.<\/p>\n\n\n\n<p class=\"wp-block-paragraph\">Carpinteyro Calder\u00f3n asegur\u00f3: \u201cCreo que ese 40 por ciento puede hacer la diferencia. Si yo logro colocarme cerca de los dos d\u00edgitos, puedo representar una gran diferencia; inclusive, llegar a competir con el segundo lugar, y en ese momento, inclusive, pelear el primero\u201d. <\/p>\n\n\n\n<p class=\"wp-block-paragraph\">Respecto a la posible desventaja que le representa su designaci\u00f3n, cuando el resto de los aspirantes a gobernar la Ciudad de M\u00e9xico tuvieron el periodo de precampa\u00f1a, dijo que no existe diferencia por empezar al final, ya que las propuestas formuladas marcar\u00e1n la diferencia.<\/p>\n\n\n\n<p class=\"wp-block-paragraph\">Confi\u00f3 en que la gente reconozca su trayectoria \u201cen el sector de las telecomunicaciones; adem\u00e1s, como una persona que ha tenido un desempe\u00f1o muy exitoso y que cuando he prometido algo, siempre lo he logrado\u201d.<\/p>\n\n\n\n<p class=\"wp-block-paragraph\">SEM\/mb\/gl<\/p>\n","protected":false},"excerpt":{"rendered":"<p>Michelle Bucio SemM\u00e9xico, Cd. de M\u00e9xico, 21 febrero 2018.- Purificaci\u00f3n Carpinteyro Calder\u00f3n fue designada como candidata del Partido Nueva Alianza (Panal) al gobierno de la Ciudad de M\u00e9xico. La aspirante confi\u00f3 en convencer al 40 por ciento de los votantes, principalmente j\u00f3venes, que hasta el momento no saben a qui\u00e9n elegir. La ex diputada federal [&hellip;]<\/p>\n","protected":false},"author":3,"featured_media":2908,"comment_status":"open","ping_status":"open","sticky":false,"template":"","format":"standard","meta":{"_monsterinsights_skip_tracking":false,"footnotes":""},"categories":[689,33],"tags":[],"class_list":["post-2907","post","type-post","status-publish","format-standard","has-post-thumbnail","category-689","category-elecciones-2018"],"_links":{"self":[{"href":"https:\/\/redsemlac.com\/semmexico\/wp-json\/wp\/v2\/posts\/2907","targetHints":{"allow":["GET"]}}],"collection":[{"href":"https:\/\/redsemlac.com\/semmexico\/wp-json\/wp\/v2\/posts"}],"about":[{"href":"https:\/\/redsemlac.com\/semmexico\/wp-json\/wp\/v2\/types\/post"}],"author":[{"embeddable":true,"href":"https:\/\/redsemlac.com\/semmexico\/wp-json\/wp\/v2\/users\/3"}],"replies":[{"embeddable":true,"href":"https:\/\/redsemlac.com\/semmexico\/wp-json\/wp\/v2\/comments?post=2907"}],"version-history":[{"count":0,"href":"https:\/\/redsemlac.com\/semmexico\/wp-json\/wp\/v2\/posts\/2907\/revisions"}],"wp:featuredmedia":[{"embeddable":true,"href":"https:\/\/redsemlac.com\/semmexico\/wp-json\/wp\/v2\/media\/2908"}],"wp:attachment":[{"href":"https:\/\/redsemlac.com\/semmexico\/wp-json\/wp\/v2\/media?parent=2907"}],"wp:term":[{"taxonomy":"category","embeddable":true,"href":"https:\/\/redsemlac.com\/semmexico\/wp-json\/wp\/v2\/categories?post=2907"},{"taxonomy":"post_tag","embeddable":true,"href":"https:\/\/redsemlac.com\/semmexico\/wp-json\/wp\/v2\/tags?post=2907"}],"curies":[{"name":"wp","href":"https:\/\/api.w.org\/{rel}","templated":true}]}}