{"id":2904,"date":"2018-02-22T20:26:50","date_gmt":"2018-02-22T20:26:50","guid":{"rendered":"https:\/\/redsemlac.com\/semmexico\/?p=2904"},"modified":"2023-07-21T14:30:47","modified_gmt":"2023-07-21T19:30:47","slug":"panal-aplico-la-paridad-desde-2008","status":"publish","type":"post","link":"https:\/\/redsemlac.com\/semmexico\/panal-aplico-la-paridad-desde-2008\/","title":{"rendered":"Panal aplic\u00f3 la paridad desde 2008"},"content":{"rendered":"\n<p class=\"wp-block-paragraph\"><a href=\"https:\/\/www.semmexico.com\/gallery-post.php?id=4067#\">Magaly Rodriguez<\/a><\/p>\n\n\n\n<p class=\"wp-block-paragraph\">SemM\u00e9xico, Chilpancingo, Gro., 22 febrero 2018.- El Partido Nueva Alianza (Panal) entreg\u00f3 este mi\u00e9rcoles al Instituto Electoral y Participaci\u00f3n Ciudadana (IEPC) del Estado de Guerrero, su plataforma electoral, en la que \u2014afirm\u00f3 la l\u00edder estatal de ese instituto pol\u00edtico, Laura Elizabeth Pineda Manzano\u2014 cumple con el principio de paridad de g\u00e9nero.<br><br>Explic\u00f3 que dicha plataforma electoral se basa en el proceso de selecci\u00f3n de candidatas y candidatos en el trabajo local en los 28 distritos locales y 80 municipios, en la cual resalt\u00f3 que el principio de paridad es el primer rasgo distintivo.<br><br>La dirigente sostuvo que desde mucho antes de que quedara estipulado por ley, en el Panal ya practicaban el 50 por ciento de espacios para mujeres y cincuenta por ciento para hombres. \u201cDesde los procesos del 2008, 2012, 2015, siempre ha sido as\u00ed\u201d, recalc\u00f3.<br><br>Pineda Manzano asegur\u00f3 que en el caso del Panal, s\u00ed han obtenido buena respuesta por parte de mujeres, para participar en el proceso electoral: \u201cYo creo que en este momento, para todos los institutos pol\u00edticos es la gran apertura y el tiempo de poder enfocar la paridad real para mujeres. De eso se trata, yo estoy contenta porque nosotros vamos a abanderar y a tener grandes cuadros de mujeres trabajando\u00bb.<br><br>En las elecciones de este a\u00f1o, dijo que tendr\u00edan casi la totalidad de 14 mujeres para igual n\u00famero de distritos, de los 28 que conforman el estado de Guerrero, y 40 para alcald\u00edas, aunque a\u00fan falta afinar algunos de ellos. \u201cEstamos todav\u00eda con algunos ajustes de cierre de situaciones internas\u201d, asinti\u00f3.<br><br>En el Panal, sostuvo la dirigente, apuestan a que todas las propuestas sean ganadoras. Por primera vez, agreg\u00f3 Pineda Manzano, el Panal registr\u00f3 cuatro precampa\u00f1as: en Acapulco, Tepecoacuilco y Apaxtla, para ayuntamientos. El resto de los espacios a\u00fan est\u00e1n pendientes por definir, con base en los tiempos internos de su propio partido.&nbsp;<br><br>Ya est\u00e1n definidas las candidaturas para 27 municipios y 25 distritos locales. En marzo llevar\u00e1n a cabo su consejo en el que definir\u00e1n con nombre y g\u00e9nero la totalidad de los espacios, concret\u00f3 Pineda Manzano.<br><br>SEM\/mr\/gl<\/p>\n","protected":false},"excerpt":{"rendered":"<p>Magaly Rodriguez SemM\u00e9xico, Chilpancingo, Gro., 22 febrero 2018.- El Partido Nueva Alianza (Panal) entreg\u00f3 este mi\u00e9rcoles al Instituto Electoral y Participaci\u00f3n Ciudadana (IEPC) del Estado de Guerrero, su plataforma electoral, en la que \u2014afirm\u00f3 la l\u00edder estatal de ese instituto pol\u00edtico, Laura Elizabeth Pineda Manzano\u2014 cumple con el principio de paridad de g\u00e9nero. Explic\u00f3 que [&hellip;]<\/p>\n","protected":false},"author":3,"featured_media":2905,"comment_status":"open","ping_status":"open","sticky":false,"template":"","format":"standard","meta":{"_monsterinsights_skip_tracking":false,"footnotes":""},"categories":[689,33],"tags":[],"class_list":["post-2904","post","type-post","status-publish","format-standard","has-post-thumbnail","category-689","category-elecciones-2018"],"_links":{"self":[{"href":"https:\/\/redsemlac.com\/semmexico\/wp-json\/wp\/v2\/posts\/2904","targetHints":{"allow":["GET"]}}],"collection":[{"href":"https:\/\/redsemlac.com\/semmexico\/wp-json\/wp\/v2\/posts"}],"about":[{"href":"https:\/\/redsemlac.com\/semmexico\/wp-json\/wp\/v2\/types\/post"}],"author":[{"embeddable":true,"href":"https:\/\/redsemlac.com\/semmexico\/wp-json\/wp\/v2\/users\/3"}],"replies":[{"embeddable":true,"href":"https:\/\/redsemlac.com\/semmexico\/wp-json\/wp\/v2\/comments?post=2904"}],"version-history":[{"count":0,"href":"https:\/\/redsemlac.com\/semmexico\/wp-json\/wp\/v2\/posts\/2904\/revisions"}],"wp:featuredmedia":[{"embeddable":true,"href":"https:\/\/redsemlac.com\/semmexico\/wp-json\/wp\/v2\/media\/2905"}],"wp:attachment":[{"href":"https:\/\/redsemlac.com\/semmexico\/wp-json\/wp\/v2\/media?parent=2904"}],"wp:term":[{"taxonomy":"category","embeddable":true,"href":"https:\/\/redsemlac.com\/semmexico\/wp-json\/wp\/v2\/categories?post=2904"},{"taxonomy":"post_tag","embeddable":true,"href":"https:\/\/redsemlac.com\/semmexico\/wp-json\/wp\/v2\/tags?post=2904"}],"curies":[{"name":"wp","href":"https:\/\/api.w.org\/{rel}","templated":true}]}}