{"id":29032,"date":"2020-11-27T17:35:50","date_gmt":"2020-11-27T17:35:50","guid":{"rendered":"https:\/\/redsemlac.com\/semmexico\/?p=29032"},"modified":"2023-07-21T16:38:56","modified_gmt":"2023-07-21T21:38:56","slug":"colectivos-de-la-alcaldia-de-polanco-denuncian-ilegalidades-en-el-tribunal-administrativo-de-la-ciudad-de-mexico","status":"publish","type":"post","link":"https:\/\/redsemlac.com\/semmexico\/colectivos-de-la-alcaldia-de-polanco-denuncian-ilegalidades-en-el-tribunal-administrativo-de-la-ciudad-de-mexico\/","title":{"rendered":"Colectivos de la alcald\u00eda de Polanco denuncian ilegalidades en el Tribunal Administrativo de la Ciudad de M\u00e9xico"},"content":{"rendered":"\n<ul class=\"wp-block-list\"><li><strong>Vecinas y vecinos piden participar en el proceso de elecci\u00f3n de nuevos magistrados y magistradas, porque es mandato de ley<\/strong><\/li><li><strong>Piden a la Jefa de Gobierno y al Congreso capitalino su inmediata intervenci\u00f3n para acabar con los malos manejos en la justicia administrativa<\/strong><\/li><\/ul>\n\n\n\n<p class=\"wp-block-paragraph\"><strong>Libertad L\u00f3pez<\/strong><\/p>\n\n\n\n<p class=\"wp-block-paragraph\">SemM\u00e9xico, Ciudad de M\u00e9xico, 27 de noviembre 2020.- Diversas organizaciones de la sociedad civil expresaron su rechazo a los nuevos nombramientos de Magistrados del Tribunal de Justicia Administrativa a ocupar las vacantes como autoridades en los Tribunales de Justicia Administrativa de la Ciudad de M\u00e9xico, TJACMX<\/p>\n\n\n\n<p class=\"wp-block-paragraph\">Habitantes de la zona de Polanco, en una carta enviada a la jefa de gobierno Claudia Sheinbaum Pardo, y a comisiones de la c\u00e1mara capitalina, exigieron que se permita que las y los vecinos opinar y evaluar sobre los m\u00e9ritos y el cumplimiento de requisitos de las candidaturas y solicitaron que se evite ratificarlos en su cargo.&nbsp;<\/p>\n\n\n\n<p class=\"wp-block-paragraph\">De acuerdo con el art\u00edculo 113 Fracci\u00f3n II de la Ley Org\u00e1nica del Congreso de la CDMX, la Mesa Directiva mandar\u00e1 a publicar de inmediato, en por lo menos dos diarios de circulaci\u00f3n nacional las propuestas y nombramientos que fueran recibidas, a fin de que las y los interesados, dentro de los cinco d\u00edas siguientes a la publicaci\u00f3n, puedan aportar a la o las Comisiones correspondiente elementos de juicio.<\/p>\n\n\n\n<p class=\"wp-block-paragraph\">Sostienen que hay innumerables irregularidades cometidas en las ratificaciones, exigen que se realicen nombramientos con perfiles legal y \u00e9ticamente id\u00f3neos para cubrir las vacantes de magistradas y magistrados para el Tribunal de Justicia Administrativa de la Ciudad de M\u00e9xico.&nbsp;<\/p>\n\n\n\n<p class=\"wp-block-paragraph\">Mencionan que entre &nbsp;&nbsp;las irregularidades son, en cargos anteriores, alteraci\u00f3n de procesos, incumplimiento de requisitos para ocupar los cargos, conflicto de intereses, vacantes publicadas que se encuentran en litigio y honorabilidad cuestionada, entre otros. Documentan casos precisos.<\/p>\n\n\n\n<p class=\"wp-block-paragraph\">En el documento elaborado por varias colectivas, explica que, en caso contrario, se violar\u00eda la norma, al omitir la observaci\u00f3n de diversas disposiciones, as\u00ed como la falta de elementos \u00e9ticos y de legitimidad social de esas mismas personas citadas.<\/p>\n\n\n\n<p class=\"wp-block-paragraph\">\u201cSe estar\u00eda dando continuidad y avalando las pr\u00e1cticas jurisdiccionales y de administraci\u00f3n interna que han da\u00f1ado y corrompido al Tribunal.&nbsp;&nbsp; La Jefa de Gobierno y el Congreso de la Ciudad tienen la posibilidad hist\u00f3rica de depurar un Tribunal de primera importancia para el combate a la corrupci\u00f3n, para los intereses ciudadanos y para la gobernabilidad, cuyas actuaciones han sido sumamente cuestionadas y puestas en entredicho en los \u00faltimos a\u00f1os\u201d, se\u00f1alaron.&nbsp;&nbsp;<\/p>\n\n\n\n<p class=\"wp-block-paragraph\">Como lo expresa la Ley Org\u00e1nica del Tribunal de Justicia Administrativa de la Ciudad de M\u00e9xico, en su Art\u00edculo 37 I, sobre los Magistrados de la Sala Ordinaria y Superior del Tribunal de Justicia Administrativa que pretenden ser ratificados en su cargo, los Magistrados de la Sala Superior y ordinaria ser\u00e1n designados por el Jefe de Gobierno y ratificados por el voto de la mayor\u00eda simple de los miembros presentes del \u00f3rgano legislativo de la Ciudad de M\u00e9xico, para el primer caso, la duraci\u00f3n del cargo es de 15 a\u00f1os,&nbsp; para la ordinaria, 10 a\u00f1os, salvo que fueran expresamente ratificados al concluir ese periodo, caso en el cual podr\u00e1n durar un periodo m\u00e1s.<\/p>\n\n\n\n<p class=\"wp-block-paragraph\"><strong>Casos individuales expuestos<\/strong><\/p>\n\n\n\n<p class=\"wp-block-paragraph\">Los Magistrados, Estela Fuentes Jim\u00e9nez, Jos\u00e9 Arturo de la Rosa Pe\u00f1a, Ernesto Schwebell Cabrera y Arturo Gonz\u00e1lez Jim\u00e9nez propuestos o para la ratificaci\u00f3n o nuevo nombramiento de cargos, no obstante desde hace dos a\u00f1os, al Congreso de la CDMX la sociedad civil mediante un escrito, no aval\u00f3 sus candidaturas para Magistrados de la Sala Superior Especializada Anticorrupci\u00f3n del Tribunal de Justicia Administrativa de la Ciudad de M\u00e9xico.<\/p>\n\n\n\n<p class=\"wp-block-paragraph\">Desde 2018, colectivas ciudadanas buscaron el respaldo de su postura a trav\u00e9s de C\u00e9sar Arnulfo Cravioto Romero, de la bancada de MORENA a trav\u00e9s de su coordinador.<\/p>\n\n\n\n<p class=\"wp-block-paragraph\">Como anteriormente ya se hab\u00edan propuesto los mismos nombramientos para ratificaci\u00f3n, la sociedad civil reiter\u00f3 su postura ante cada uno de los cargos:<\/p>\n\n\n\n<p class=\"wp-block-paragraph\">Para el caso de Magistrada de la Sala Superior Ponencia, donde se ha mencionado a Estela Fuentes Jim\u00e9nez para ocupar el lugar de la Magistrada Victoria Quiroz Pesquera en la Sala Superior, sin embargo, se hizo fuera de tiempo y de la Ley, ya que cuando Estela Fuentes fue nombrada en la citada Sala superior, en el mes de mayo del 2015, Quiroz todav\u00eda era legalmente magistrada y por tanto Fuentes ocup\u00f3 una plaza que no estaba vacante.<\/p>\n\n\n\n<p class=\"wp-block-paragraph\">&nbsp;\u201cFue nombrada Magistrada de Sala ordinaria en mayo del 2012 por su cercan\u00eda con Yasm\u00edn Esquivel, de quien fue compa\u00f1era de generaci\u00f3n, a pesar de que no cumpl\u00eda con los requisitos\u201d, expresaron.&nbsp;<\/p>\n\n\n\n<p class=\"wp-block-paragraph\">Adicionalmente cuando se design\u00f3 &nbsp;se desempe\u00f1aba como Jueza de lo penal en el Estado de M\u00e9xico, aunque el art\u00edculo 4to de la Ley Org\u00e1nica del citado Tribunal se\u00f1ala que para ser magistrado\/a hay que contar con una pr\u00e1ctica profesional y experiencia m\u00ednima de 5 a\u00f1os en materia administrativa y fiscal. Durante la comparecencia de Fuentes ante la Comisi\u00f3n de Procuraci\u00f3n y Administraci\u00f3n de Justicia de la Asamblea, la entonces aspirante a Magistrada fue cuestionada sobre recursos y procedimientos administrativos y en ning\u00fan momento acert\u00f3\u201d.<\/p>\n\n\n\n<p class=\"wp-block-paragraph\">Mientras que para el cargo de Magistrado de la Sala Superior Ponencia, que ocupa Jos\u00e9 Arturo de la Rosa Pe\u00f1a, fue nombrado magistrado de Sala Ordinaria en el mes de agosto del 2012, despu\u00e9s de haber sido Secretario de Acuerdos y Secretario General de Acuerdos, este \u00faltimo cargo con la hoy Ministra de la Suprema Corte de Justicia de la Naci\u00f3n, la doctora Yasm\u00edn Esquivel Mossa en la presidencia del Tribunal.<\/p>\n\n\n\n<p class=\"wp-block-paragraph\">En este caso, a diferencia de los otros nombrados en el per\u00edodo de Esquivel Mossa, De la Rosa Pe\u00f1a s\u00ed hab\u00eda estado laborando en el Tribunal; no obstante su nombramiento se debi\u00f3 a su apoyo a la magistrada Esquivel desde la llegada de esta \u00faltima al Tribunal, por la cercan\u00eda que construy\u00f3 con la propia Presidenta y a la supuesta intervenci\u00f3n a su favor del Secretario de Gobierno, a petici\u00f3n expresa de Esquivel.&nbsp;<\/p>\n\n\n\n<p class=\"wp-block-paragraph\">Sin embargo, su nombramiento fue irregular e ilegal porque se hizo sin que mediara dictamen por parte de las comisiones en la entonces Asamblea Legislativa del Distrito Federal, dado que fue hecho directamente por el Pleno de la Asamblea, precisamente por la supuesta intervenci\u00f3n del entonces Secretario de Gobierno H\u00e9ctor Serrano.<\/p>\n\n\n\n<p class=\"wp-block-paragraph\">Entre las actividades de la Rosa, mencionan que fue el encargado de desechar alrededor de 54 demandas de vecinos de Coyoac\u00e1n, que en su oposici\u00f3n los parqu\u00edmetros hab\u00edan acudido al Tribunal a demandar la nulidad de esos actos de autoridad.<\/p>\n\n\n\n<p class=\"wp-block-paragraph\">No obstante, manipul\u00f3 el proceso e ilegalmente no se turnaron a los dem\u00e1s magistrados y esto permiti\u00f3 que De la Rosa desechara todos los juicios alegando que los y las vecinas demandantes no ten\u00edan inter\u00e9s legal. Trascendi\u00f3 entonces que dicha acci\u00f3n De la Rosa la realiz\u00f3 obedeciendo indicaciones de la presidenta, del entonces Secretario de Gobierno, H\u00e9ctor Serrano, y del entonces Delegado en Coyoac\u00e1n, Mauricio Toledo.<\/p>\n\n\n\n<p class=\"wp-block-paragraph\">Durante su gesti\u00f3n se menciona que tom\u00f3 decisiones pol\u00e9micas en los casos de la Torre Mitikah y de la Acci\u00f3n P\u00fablica presentada en contra de la construcci\u00f3n de dos niveles excedentes del inmueble ubicado en la calle de Toledo n\u00famero 39 en la Colonia Ju\u00e1rez4.<\/p>\n\n\n\n<p class=\"wp-block-paragraph\">Mientras que para el cargo de Magistrado de la Segunda Sala Ordinaria Ponencia 4, donde Ernesto Schwebell Cabrera fue nombrado en 2014 como magistrado del Tribunal de lo Contencioso Administrativo despu\u00e9s de haber sido Director Jur\u00eddico del Registro P\u00fablico de la Propiedad, el colectivo se\u00f1ala que dicho nombramiento fue otorgado debido a su cercan\u00eda con el entonces Consejero Jur\u00eddico, Ram\u00f3n Amieva, un claro ejemplo de conflicto de intereses, ya que el Tribunal es responsable de analizar la legalidad o ilegalidad de las resoluciones que en materia administrativa dicten las autoridades del citado Registro.&nbsp;<\/p>\n\n\n\n<p class=\"wp-block-paragraph\">De Arturo Gonz\u00e1lez Jim\u00e9nez, Magistrado de la Tercera Sala Ordinaria Ponencia 8, se\u00f1alan que no cumple con el requisito de gozar de buena reputaci\u00f3n y haberse distinguido por su honorabilidad, competencia y excelencia profesional en el ejercicio de la actividad jur\u00eddica que menciona la fracci\u00f3n V. del art\u00edculo 39 de la Ley Org\u00e1nica del Tribunal de Justicia Administrativa.<\/p>\n\n\n\n<p class=\"wp-block-paragraph\">Entre las actividades profesionales de Gonz\u00e1lez Jim\u00e9nez se encuentra que fue magistrado del Tribunal de lo Contencioso desde 2014 y en el 2016 fue se\u00f1alado por el delegado en Xochimilco, Avelino M\u00e9ndez Rangel, de haber revertido la clausura de una tienda Chedraui Tulyehualco, a pesar de que la sala quinta de la propia instituci\u00f3n hab\u00eda ordenado reposici\u00f3n de sellos.<\/p>\n\n\n\n<p class=\"wp-block-paragraph\">Adem\u00e1s fue Coordinador de Evaluaci\u00f3n de la Contralor\u00eda General del Distrito Federal, cargo al que renunci\u00f3 despu\u00e9s de haber sido detenido por dar positivo en un alcohol\u00edmetro en marzo del 2014, conducta en la que reincidi\u00f3 ya que hab\u00eda sido detenido en la misma circunstancia en el mes de enero de ese mismo a\u00f1o, en medio de un peque\u00f1o esc\u00e1ndalo que se document\u00f3 en la prensa. Su nombramiento, se dice que fue gracias a su supuesta cercan\u00eda con el entonces Consejero Jur\u00eddico, Jos\u00e9 Ram\u00f3n Amieva, pasando por alto sus antecedentes. &nbsp;<\/p>\n\n\n\n<p class=\"wp-block-paragraph\">Actualmente, se encuentran vacantes varias Ponencias de las Salas Ordinarias del Tribunal y una de la Sala Superior. Se han mandado por parte de la Jefa de Gobierno, Claudia Sheinbaum, algunas propuestas para ocupar los cargos. Las Ponencias vacantes corresponden a: &#8211; Ponencia 1 y 3 de la Primera Sala Ordinaria. &#8211; Ponencia 6 de la Segunda Sala Ordinaria. &#8211; Ponencia 12 y 13 de la Cuarta Sala Ordinaria. &#8211; Ponencia 15 de la Quinta Sala Ordinaria y Ponencia 5 de la Sala Superior<\/p>\n\n\n\n<p class=\"wp-block-paragraph\">Mencionaron que dos de esas ponencias se encuentran en litigio, ya que Margarita Mar\u00eda Isabel Espino Del Castillo Barr\u00f3n, de la Ponencia 11 de la Cuarta Sala Ordinaria y el Magistrado Carlos Manuel Rebolledo Busto (Ponencia 2 de la Primer Sala) est\u00e1 en curso fueron ilegalmente separados, interpusieron juicios de amparo.<\/p>\n\n\n\n<p class=\"wp-block-paragraph\">En el primer caso, ya obtuvo resoluci\u00f3n favorable y mientras que con Rebolledo Bustos, de nombrarse a las personas propuestas podr\u00eda haber responsabilidad. Por lo que los colectivos de la sociedad civil expresaron que indebidamente el Tribunal inform\u00f3 al Gobierno que esas ponencias est\u00e1n vacantes.&nbsp;<\/p>\n\n\n\n<p class=\"wp-block-paragraph\">Organizaciones: La Voz de Polanco AC; Suma Urbana AC; Ruta C\u00edvica AC; Ciudadan\u00eda 19S COPACO San \u00c1ngel; COPACO San \u00c1ngel Inn; Proyecto Vecinal Barranca de Barrilaco; El Rosedal Unido AC; Granadas Resiliente; 06600 Plataforma Vecinal; Observatorio la colonia Ju\u00e1rez.&nbsp;<\/p>\n\n\n\n<p class=\"wp-block-paragraph\">Y los ciudadanos Ma. Teresa De las Rivas (COPACO Polanco Chapultepec); Ma. Teresa Ruiz Mart\u00ednez (COPACO Polanco Reforma); Josefina MacGregor A; M\u00f3nica Tapia A; Lorena Zamora Gonz\u00e1lez (Alcald\u00eda Coyoac\u00e1n); Luis Zambrano; Cristina Barros; C\u00e9sar Jim\u00e9nez; Marcela \u00c1lvarez Mardones; F\u00e1tima Caba\u00f1as; Francisco Escamilla; Ana Leticia Reyes; Josefina Viveros; Lillian Liberman; Elba Correa Guerra; Viviana Correa Guerra; D\u00e9borah Guerra Mart\u00ednez; Juan Eduardo L\u00f3pez Vargas; Iv\u00e1n Guerra; Paul O\u00b4Hea Flores; Rebeca Herrera Naranjo; Eduardo Barraza; Carlos P\u00e9rez Vel\u00e1zquez; Antonio Mart\u00ednez Pastor; Carlos Mu\u00f1oz Villareal; Naxhelli Ruiz; Oswaldo Mendoza Santana; Susana Kanahuati Reyes; Mario Alberto Rodr\u00edguez S\u00e1nchez (Socio Fundador de Urbaniquitektur CDMX, SA de CV), Luc\u00eda Siller Rodr\u00edguez (Alcald\u00eda Coyoac\u00e1n); Isidro L\u00f3pez Pe\u00f1afiel; Jos\u00e9 Adolfo Tovar Mandujano (Vecino de Tlalpan Centro); Mar\u00eda Elena de Jes\u00fas Echegoyen Arenaza (Vecina activa de San \u00c1ngel); Arq Ma Eugenia Gonz\u00e1lez; Alberto P\u00e9rez Cano; Sa\u00fal Alejandro Rosado Garc\u00eda (COPACO Los Morales Secci\u00f3n Palmas); Sergio Gonz\u00e1lez; Rebeca Moreno Sandoval; Laura Freyermuth; Mar\u00eda del Carmen Carolina Am\u00e9zquita Ben\u00edtez y Mtra. Sandra Rosas G. &nbsp;&nbsp;PARA MAYOR INFORMACI\u00d3N: contacto@lavozdepolanco.org omaritere@lavozdepolanco.org<\/p>\n","protected":false},"excerpt":{"rendered":"<p>Vecinas y vecinos piden participar en el proceso de elecci\u00f3n de nuevos magistrados y magistradas, porque es mandato de ley<\/p>\n","protected":false},"author":3,"featured_media":29033,"comment_status":"open","ping_status":"open","sticky":false,"template":"","format":"standard","meta":{"_monsterinsights_skip_tracking":false,"footnotes":""},"categories":[691,54],"tags":[],"class_list":["post-29032","post","type-post","status-publish","format-standard","has-post-thumbnail","category-691","category-mujeres"],"_links":{"self":[{"href":"https:\/\/redsemlac.com\/semmexico\/wp-json\/wp\/v2\/posts\/29032","targetHints":{"allow":["GET"]}}],"collection":[{"href":"https:\/\/redsemlac.com\/semmexico\/wp-json\/wp\/v2\/posts"}],"about":[{"href":"https:\/\/redsemlac.com\/semmexico\/wp-json\/wp\/v2\/types\/post"}],"author":[{"embeddable":true,"href":"https:\/\/redsemlac.com\/semmexico\/wp-json\/wp\/v2\/users\/3"}],"replies":[{"embeddable":true,"href":"https:\/\/redsemlac.com\/semmexico\/wp-json\/wp\/v2\/comments?post=29032"}],"version-history":[{"count":0,"href":"https:\/\/redsemlac.com\/semmexico\/wp-json\/wp\/v2\/posts\/29032\/revisions"}],"wp:featuredmedia":[{"embeddable":true,"href":"https:\/\/redsemlac.com\/semmexico\/wp-json\/wp\/v2\/media\/29033"}],"wp:attachment":[{"href":"https:\/\/redsemlac.com\/semmexico\/wp-json\/wp\/v2\/media?parent=29032"}],"wp:term":[{"taxonomy":"category","embeddable":true,"href":"https:\/\/redsemlac.com\/semmexico\/wp-json\/wp\/v2\/categories?post=29032"},{"taxonomy":"post_tag","embeddable":true,"href":"https:\/\/redsemlac.com\/semmexico\/wp-json\/wp\/v2\/tags?post=29032"}],"curies":[{"name":"wp","href":"https:\/\/api.w.org\/{rel}","templated":true}]}}