{"id":29024,"date":"2020-11-27T01:11:22","date_gmt":"2020-11-27T01:11:22","guid":{"rendered":"https:\/\/redsemlac.com\/semmexico\/?p=29024"},"modified":"2023-07-21T16:38:56","modified_gmt":"2023-07-21T21:38:56","slug":"hombres-se-masturban-frente-a-regidora-de-durango-en-foro-virtual","status":"publish","type":"post","link":"https:\/\/redsemlac.com\/semmexico\/hombres-se-masturban-frente-a-regidora-de-durango-en-foro-virtual\/","title":{"rendered":"Hombres se masturban frente a regidora de Durango en foro virtual"},"content":{"rendered":"\n<p class=\"wp-block-paragraph\">El Sol de M\u00e9xico<\/p>\n\n\n\n<p class=\"wp-block-paragraph\">Paulina Monreal Castillo, regidora en el estado de Durango, denunci\u00f3 mediante su cuenta de Twitter c\u00f3mo fue v\u00edctima de un ataque de violencia pol\u00edtica de g\u00e9nero mientras participaba en un foro sobre la erradicaci\u00f3n de la violencia contra las mujeres.<\/p>\n\n\n\n<p class=\"wp-block-paragraph\">El ataque contra Monreal Castillo ocurri\u00f3 el 24 de noviembre cuando se encontraba en una transmisi\u00f3n de zoom participando en el foro, posteriormente ingresaron unos j\u00f3venes y utilizaron sus c\u00e1maras para masturbarse y lanzar insultos contra la regidora en el chat.<\/p>\n\n\n\n<p class=\"wp-block-paragraph\">\u00abLos insultos no son \u00fanicamente para m\u00ed, son para todas las mujeres que hemos tomado la determinaci\u00f3n de salirnos de la esfera en que los hombres creen que pertenecemos\u00bb, sostuvo la funcionaria.<\/p>\n\n\n\n<p class=\"wp-block-paragraph\">Otra de las v\u00edctimas fue Ana Luz S\u00e1nchez, promotora de Derechos Humanos en la Comisi\u00f3n Nacional de Derechos Humanos. De la misma manera, utiliz\u00f3 Twitter para denunciar los hechos.<\/p>\n\n\n\n<p class=\"wp-block-paragraph\">\u00abQu\u00e9 iron\u00eda. Estaba exponiendo en un foro sobre violencia hacia la mujer y varios hombres empezaron a decirnos putas y a masturbarse frente a la c\u00e1mara. Esto es ser mujer en M\u00e9xico\u00bb, denunci\u00f3.<\/p>\n\n\n\n<p class=\"wp-block-paragraph\">Tras la denuncia, Javier Castrell\u00f3n, secretario de Seguridad P\u00fablica del estado de Durango, conden\u00f3 el ataque, asegur\u00f3 haber estado en contacto con ellas y anunci\u00f3 que la polic\u00eda cibern\u00e9tica de Durango ya investiga el caso.<\/p>\n","protected":false},"excerpt":{"rendered":"<p>El Sol de M\u00e9xico Paulina Monreal Castillo, regidora en el estado de Durango, denunci\u00f3 mediante su cuenta de Twitter c\u00f3mo fue v\u00edctima de un ataque de violencia pol\u00edtica de g\u00e9nero mientras participaba en un foro sobre la erradicaci\u00f3n de la violencia contra las mujeres. El ataque contra Monreal Castillo ocurri\u00f3 el 24 de noviembre cuando [&hellip;]<\/p>\n","protected":false},"author":3,"featured_media":29025,"comment_status":"open","ping_status":"open","sticky":false,"template":"","format":"standard","meta":{"_monsterinsights_skip_tracking":false,"footnotes":""},"categories":[691,47],"tags":[],"class_list":["post-29024","post","type-post","status-publish","format-standard","has-post-thumbnail","category-691","category-no-mas-impunidad"],"_links":{"self":[{"href":"https:\/\/redsemlac.com\/semmexico\/wp-json\/wp\/v2\/posts\/29024","targetHints":{"allow":["GET"]}}],"collection":[{"href":"https:\/\/redsemlac.com\/semmexico\/wp-json\/wp\/v2\/posts"}],"about":[{"href":"https:\/\/redsemlac.com\/semmexico\/wp-json\/wp\/v2\/types\/post"}],"author":[{"embeddable":true,"href":"https:\/\/redsemlac.com\/semmexico\/wp-json\/wp\/v2\/users\/3"}],"replies":[{"embeddable":true,"href":"https:\/\/redsemlac.com\/semmexico\/wp-json\/wp\/v2\/comments?post=29024"}],"version-history":[{"count":0,"href":"https:\/\/redsemlac.com\/semmexico\/wp-json\/wp\/v2\/posts\/29024\/revisions"}],"wp:featuredmedia":[{"embeddable":true,"href":"https:\/\/redsemlac.com\/semmexico\/wp-json\/wp\/v2\/media\/29025"}],"wp:attachment":[{"href":"https:\/\/redsemlac.com\/semmexico\/wp-json\/wp\/v2\/media?parent=29024"}],"wp:term":[{"taxonomy":"category","embeddable":true,"href":"https:\/\/redsemlac.com\/semmexico\/wp-json\/wp\/v2\/categories?post=29024"},{"taxonomy":"post_tag","embeddable":true,"href":"https:\/\/redsemlac.com\/semmexico\/wp-json\/wp\/v2\/tags?post=29024"}],"curies":[{"name":"wp","href":"https:\/\/api.w.org\/{rel}","templated":true}]}}