{"id":29021,"date":"2020-11-27T01:08:19","date_gmt":"2020-11-27T01:08:19","guid":{"rendered":"https:\/\/redsemlac.com\/semmexico\/?p=29021"},"modified":"2023-07-21T16:38:56","modified_gmt":"2023-07-21T21:38:56","slug":"familia-principal-institucion-de-seguridad-social-segun-gobierno-federal","status":"publish","type":"post","link":"https:\/\/redsemlac.com\/semmexico\/familia-principal-institucion-de-seguridad-social-segun-gobierno-federal\/","title":{"rendered":"Familia, principal instituci\u00f3n de seguridad social, seg\u00fan gobierno federal"},"content":{"rendered":"\n<ul class=\"wp-block-list\"><li>AMLO presenta Gu\u00eda \u00c9tica para la Transformaci\u00f3n de M\u00e9xico<\/li><\/ul>\n\n\n\n<p class=\"wp-block-paragraph\">SemM\u00e9xico. Cd. de M\u00e9xico. 26 de noviembre 2020&nbsp;\u2013 La familia es la principal instituci\u00f3n de seguridad social en el pa\u00eds, es uno de los 20 principios y valores que forman parte de la Gu\u00eda \u00c9tica para la Transformaci\u00f3n de M\u00e9xico, basada en un documento elaborado a mediados del Siglo XX por el pol\u00edtico y escritor Alfonso Reyes, que present\u00f3 este jueves el presidente de M\u00e9xico, Andr\u00e9s Manuel L\u00f3pez Obrador.<\/p>\n\n\n\n<p class=\"wp-block-paragraph\">A la crisis econ\u00f3mica o material que existe en el pa\u00eds, se&nbsp;&nbsp;agrega una crisis por p\u00e9rdida de valores culturales, morales, espirituales, dijo el titular del Poder Ejecutivo Federal, durante su habitual conferencia en Palacio Nacional, quien aclar\u00f3 que&nbsp;esta gu\u00eda naci\u00f3 a partir de una \u201cdegradaci\u00f3n de la vida p\u00fablica\u201d, por lo que para enfrentar \u00e9sta, adem\u00e1s de las acciones que mejoren las condiciones materiales, es necesario impulsar los valores y el bienestar del alma.<\/p>\n\n\n\n<p class=\"wp-block-paragraph\">Durante su presentaci\u00f3n de esta gu\u00eda \u00e9tica, su proyecto&nbsp;&nbsp;inici\u00f3 el 26 de noviembre de 2018, por petici\u00f3n del presidente, por lo que una comisi\u00f3n especial lanz\u00f3 una convocatoria para establecer el di\u00e1logo y en dos a\u00f1os se llevaron a cabo al menos&nbsp;50 foros sobre temas de \u00e9tica.<\/p>\n\n\n\n<p class=\"wp-block-paragraph\">De este documento se imprimir\u00e1n ocho millones de copias que se distribuir\u00e1n entre adultos mayores, para que en sus tiempos libres lo comenten con su familia.<\/p>\n\n\n\n<p class=\"wp-block-paragraph\">En la presentaci\u00f3n de la referida gu\u00eda lee que \u201cEl comportamiento apegado a normas \u00e9ticas es indispensable para vivir en armon\u00eda con nuestra conciencia y para el bienestar y buen funcionamiento de las parejas, las familias y las amistades, las vecindades y multifamiliares, los barrios, las ciudades, los ejidos, las comunidades, las organizaciones civiles, las empresas, las instituciones, los pa\u00edses y hasta la comunidad internacional.<\/p>\n\n\n\n<p class=\"wp-block-paragraph\">En cambio, el abandono de tales normas conduce m\u00e1s temprano que tarde a las conductas antisociales, al desprecio a la ley, a la destrucci\u00f3n de la paz y a la desintegraci\u00f3n en todos los niveles de la sociedad\u201d.<\/p>\n\n\n\n<p class=\"wp-block-paragraph\">Tiene el prop\u00f3sito de reducir la acci\u00f3n de perseguir los delitos. Se trata de una referencia para&nbsp;la reflexi\u00f3n, se emplear\u00e1 como un acuerdo y no de la imposici\u00f3n, de acuerdo a sus creadores.<\/p>\n\n\n\n<p class=\"wp-block-paragraph\">Los 20 principios y valores que contiene la ley son los siguientes:<\/p>\n\n\n\n<p class=\"wp-block-paragraph\">1.-Respeto a la diferencia: evitemos imponer \u201cnuestro mundo\u201d al mundo de los dem\u00e1s.<\/p>\n\n\n\n<p class=\"wp-block-paragraph\">2.-De la vida: no hay nada m\u00e1s valioso que la vida, la libertad y seguridad de las personas.<\/p>\n\n\n\n<p class=\"wp-block-paragraph\">3.-De la dignidad: no se debe humillar a nadie.<\/p>\n\n\n\n<p class=\"wp-block-paragraph\">4.-De la libertad: la paz y libertad son inseparables. Nadie puede estar en paz sin libertad.<\/p>\n\n\n\n<p class=\"wp-block-paragraph\">5.-Del amor: el amor al pr\u00f3jimo es la esencia del humanismo.<\/p>\n\n\n\n<p class=\"wp-block-paragraph\">6.-Del sufrimiento y el placer: no hay mayor alegr\u00eda que la felicidad de los dem\u00e1s.<\/p>\n\n\n\n<p class=\"wp-block-paragraph\">7.-Del pasado y futuro: quien no sabe de d\u00f3nde viene, dif\u00edcilmente sabe a d\u00f3nde va.<\/p>\n\n\n\n<p class=\"wp-block-paragraph\">8.-De la gratitud: el agradecimiento es la mayor virtud en una persona.<\/p>\n\n\n\n<p class=\"wp-block-paragraph\">9.-Del perd\u00f3n: el perd\u00f3n libera a quien lo otorga y a quien lo recibe.<\/p>\n\n\n\n<p class=\"wp-block-paragraph\">10.-De la redenci\u00f3n: no se debe enfrentar el mal con el mal.<\/p>\n\n\n\n<p class=\"wp-block-paragraph\">11.-De la igualdad: la buena ley de moderar la opulencia y la indigencia; no puede haber trato igual entre desiguales.<\/p>\n\n\n\n<p class=\"wp-block-paragraph\">12.-De la verdad, la palabra y la confianza: no mentir, no robar y no traicionar.<\/p>\n\n\n\n<p class=\"wp-block-paragraph\">13.-De la fraternidad: ser fraterno es hacer propios los problemas de los dem\u00e1s.<\/p>\n\n\n\n<p class=\"wp-block-paragraph\">14.-De las leyes y la justicia: al margen de la ley, nada; por encima de la ley, nadie. Todo por la raz\u00f3n y el derecho; nada por la fuerza.<\/p>\n\n\n\n<p class=\"wp-block-paragraph\">15.-De la autoridad y el poder: el poder s\u00f3lo tiene sentido y se convierte en virtud cuando se pone al servicio de los dem\u00e1s.<\/p>\n\n\n\n<p class=\"wp-block-paragraph\">16.-Del trabajo: hay una satisfacci\u00f3n al tener uno y disfrutarlo.<\/p>\n\n\n\n<p class=\"wp-block-paragraph\">17.-De la riqueza: no es m\u00e1s rico el que tiene m\u00e1s sino el m\u00e1s generoso.<\/p>\n\n\n\n<p class=\"wp-block-paragraph\">18.-De los acuerdos: que los compromisos se cumplan.<\/p>\n\n\n\n<p class=\"wp-block-paragraph\">19.-De la familia: es la principal instituci\u00f3n de seguridad social en el pa\u00eds.<\/p>\n\n\n\n<p class=\"wp-block-paragraph\">20.- De los animales, las plantas y las cosas: al cuidar el aire, agua, tierra, plantas, animales y cosas, nos cuidamos todos.<\/p>\n\n\n\n<p class=\"wp-block-paragraph\">Sobre la familia, adem\u00e1s, dice que es la c\u00e9lula b\u00e1sica de la sociedad, la primera escuela, el primer dispensario m\u00e9dico y, en nuestro pa\u00eds, un n\u00facleo de ayuda mutua que acoge a los individuos en circunstancias adversas, como se ha evidenciado en la pandemia que enfrentamos hoy en d\u00eda. En periodos de crisis econ\u00f3mica muchas familias se convierten en centros productivos y en atenuantes del desempleo, y cuando ocurren cat\u00e1strofes como huracanes y terremotos, muchos hogares acogen a personas o a familias enteras que han resultado damnificadas.&nbsp;<\/p>\n\n\n\n<p class=\"wp-block-paragraph\">Aunque se suele representar en una sola de sus formas \u2013se a\u00f1ade&#8211;, la de una pareja con hijos, la familia es una unidad muy variable y sin un modelo \u00fanico. \u201cEn este \u00e1mbito de convivencia y vida cotidiana pueden caber una sola persona o muchas, individuos con o sin parentesco sangu\u00edneo o matrimonial, del mismo sexo o sexo diferente\u201d.<\/p>\n\n\n\n<p class=\"wp-block-paragraph\">Independientemente de c\u00f3mo se conforme, la familia debe regirse por las mismas consideraciones \u00e9ticas que el resto de la sociedad: respeto a la dignidad, libertad, igualdad y fraternidad.<\/p>\n\n\n\n<p class=\"wp-block-paragraph\">Esta gu\u00eda instruye lo siguiente: \u201cTrata a los integrantes de tu familia con el respeto y la dignidad que merecen, busca una repartici\u00f3n justa y equitativa del trabajo dom\u00e9stico, respeta la individualidad y la autonom\u00eda de cada uno de tus familiares en funci\u00f3n de su edad y aptitudes, evita las actitudes autoritarias, violentas y arbitrarias y procura resolver los conflictos mediante el di\u00e1logo\u201d.<\/p>\n","protected":false},"excerpt":{"rendered":"<p>AMLO presenta Gu\u00eda \u00c9tica para la Transformaci\u00f3n de M\u00e9xico SemM\u00e9xico. Cd. de M\u00e9xico. 26 de noviembre 2020&nbsp;\u2013 La familia es la principal instituci\u00f3n de seguridad social en el pa\u00eds, es uno de los 20 principios y valores que forman parte de la Gu\u00eda \u00c9tica para la Transformaci\u00f3n de M\u00e9xico, basada en un documento elaborado a [&hellip;]<\/p>\n","protected":false},"author":3,"featured_media":29022,"comment_status":"open","ping_status":"open","sticky":false,"template":"","format":"standard","meta":{"_monsterinsights_skip_tracking":false,"footnotes":""},"categories":[691,51],"tags":[],"class_list":["post-29021","post","type-post","status-publish","format-standard","has-post-thumbnail","category-691","category-ejecutivo"],"_links":{"self":[{"href":"https:\/\/redsemlac.com\/semmexico\/wp-json\/wp\/v2\/posts\/29021","targetHints":{"allow":["GET"]}}],"collection":[{"href":"https:\/\/redsemlac.com\/semmexico\/wp-json\/wp\/v2\/posts"}],"about":[{"href":"https:\/\/redsemlac.com\/semmexico\/wp-json\/wp\/v2\/types\/post"}],"author":[{"embeddable":true,"href":"https:\/\/redsemlac.com\/semmexico\/wp-json\/wp\/v2\/users\/3"}],"replies":[{"embeddable":true,"href":"https:\/\/redsemlac.com\/semmexico\/wp-json\/wp\/v2\/comments?post=29021"}],"version-history":[{"count":0,"href":"https:\/\/redsemlac.com\/semmexico\/wp-json\/wp\/v2\/posts\/29021\/revisions"}],"wp:featuredmedia":[{"embeddable":true,"href":"https:\/\/redsemlac.com\/semmexico\/wp-json\/wp\/v2\/media\/29022"}],"wp:attachment":[{"href":"https:\/\/redsemlac.com\/semmexico\/wp-json\/wp\/v2\/media?parent=29021"}],"wp:term":[{"taxonomy":"category","embeddable":true,"href":"https:\/\/redsemlac.com\/semmexico\/wp-json\/wp\/v2\/categories?post=29021"},{"taxonomy":"post_tag","embeddable":true,"href":"https:\/\/redsemlac.com\/semmexico\/wp-json\/wp\/v2\/tags?post=29021"}],"curies":[{"name":"wp","href":"https:\/\/api.w.org\/{rel}","templated":true}]}}