{"id":29017,"date":"2020-11-27T01:06:28","date_gmt":"2020-11-27T01:06:28","guid":{"rendered":"https:\/\/redsemlac.com\/semmexico\/?p=29017"},"modified":"2023-07-21T16:38:57","modified_gmt":"2023-07-21T21:38:57","slug":"se-acredita-violencia-politica-en-razon-de-genero-ejercida-por-una-mujer-contra-otras-dos-en-san-jacinto-amilpas-oaxaca","status":"publish","type":"post","link":"https:\/\/redsemlac.com\/semmexico\/se-acredita-violencia-politica-en-razon-de-genero-ejercida-por-una-mujer-contra-otras-dos-en-san-jacinto-amilpas-oaxaca\/","title":{"rendered":"Se acredita violencia pol\u00edtica en raz\u00f3n de g\u00e9nero ejercida por una mujer contra otras dos en San Jacinto Amilpas, OAXACA"},"content":{"rendered":"\n<p class=\"wp-block-paragraph\">El Tribunal Electoral del Poder Judicial de la federaci\u00f3n corrigi\u00f3 a la Sala Xalapa, que lo hab\u00eda desechado<\/p>\n\n\n\n<p class=\"wp-block-paragraph\">Se juzgara en Oaxaca, al alcalde Oswaldo Garc\u00eda Jarqu\u00edn, haber ofendido a ex directora del Instituto Municipal de la Mujer de la ciudad capital&nbsp;<\/p>\n\n\n\n<p class=\"wp-block-paragraph\">SemM\u00e9xico, OAXACA, Oax., 26 de noviembre, 2020.- En sesi\u00f3n de resolutiva no presencial, la Sala Superior del Tribunal Electoral del Poder Judicial de la Federaci\u00f3n (TEPJF), acredit\u00f3 la violencia pol\u00edtica en raz\u00f3n de g\u00e9nero ejercida por la presidenta municipal de San Jacinto Amilpas, Oaxaca, contra M\u00f3nica Bel\u00e9n Morales Bernal y Gisela Lilia P\u00e9rez Garc\u00eda, regidoras de Equidad de G\u00e9nero y de Hacienda, respectivamente.<\/p>\n\n\n\n<p class=\"wp-block-paragraph\">En el an\u00e1lisis del expediente promovido por las agraviadas, las magistradas y los magistrados determinaron que \u201csin importar quien ejerza la violencia de g\u00e9nero, sean hombres o mujeres, en este caso, de acuerdo con las pruebas aplicadas, s\u00ed se configura la violencia pol\u00edtica de g\u00e9nero y se acreditaron los actos denunciados\u201d.<\/p>\n\n\n\n<p class=\"wp-block-paragraph\">En consecuencia, la Sala Superior orden\u00f3 a las autoridades responsables ofrecer una disculpa p\u00fablica a las concejales y anunciarlo en un medio de comunicaci\u00f3n impreso para conocimiento de la ciudadan\u00eda.<\/p>\n\n\n\n<p class=\"wp-block-paragraph\">Adem\u00e1s, pidi\u00f3 vincular al Tribunal Electoral del Estado de Oaxaca (TEEO) para que vigile se cumpla con el pago a las actoras las cantidades a las que tiene derecho por concepto de dietas y las remuneraciones adeudadas.<\/p>\n\n\n\n<p class=\"wp-block-paragraph\">En esta sentencia, el Pleno orden\u00f3 que se garantice que las regidoras puedan ingresar de manera libre al Ayuntamiento para desempe\u00f1ar sus cargos y sean convocadas debidamente a las sesiones de cabildo, encabezado por la alcaldesa, Yolanda Santos Monta\u00f1o.<\/p>\n\n\n\n<p class=\"wp-block-paragraph\">Desde enero de 2019, fecha en que se instal\u00f3 el ayuntamiento, las agraviadas han sido excluidas por Santos Monta\u00f1o, tampoco han recibido el pago de dietas, y no las convocan a las sesiones de cabildo, adem\u00e1s de que se ejerci\u00f3 violencia pol\u00edtica en raz\u00f3n de g\u00e9nero.<\/p>\n\n\n\n<p class=\"wp-block-paragraph\">El Tribunal local declar\u00f3 fundados los agravios cometidos por la presidenta municipal, el s\u00edndico, el regidor de Obras, la regidora de Educaci\u00f3n y Cultura y el regidor de Bienestar Social, todos del Ayuntamiento de San Jacinto Amilpas, ubicado a 20 minutos del centro hist\u00f3rico de la ciudad de Oaxaca.<\/p>\n\n\n\n<p class=\"wp-block-paragraph\">&nbsp;Sin embargo, el pasado 30 de julio, la Sala Regional Xalapa modific\u00f3 la sentencia del Tribunal local al se\u00f1alar que las autoridades responsables no ejercieron violencia pol\u00edtica en raz\u00f3n de g\u00e9nero, por ello las ciudadanas inconformes consideraron que dicha Sala no juzg\u00f3 con perspectiva de g\u00e9nero y omiti\u00f3 valorar las pruebas ofrecidas vulnerando as\u00ed sus principios de certeza y seguridad jur\u00eddica.<\/p>\n\n\n\n<p class=\"wp-block-paragraph\">ORGANO ELECTORAL FEDERAL DA LA RAZ\u00d3N A EX FUNCIONARIA QUE DENUNCI\u00d3 VIOLENCIA POLITICA&nbsp;&nbsp;<\/p>\n\n\n\n<p class=\"wp-block-paragraph\">La Sala Xalapa del Tribunal Electoral del Poder Judicial de la Federaci\u00f3n (TEPJF) orden\u00f3 al Tribunal local y al Instituto Estatal Electoral y de Participaci\u00f3n Ciudadana de Oaxaca (IEEPCO) resolver el proceso contra el alcalde de la ciudad de Oaxaca, Oswaldo Garc\u00eda Jarqu\u00edn, por violencia pol\u00edtica contra la mujer en raz\u00f3n de g\u00e9nero hacia la ex directora del Instituto Municipal de la Mujer, Jaquelina Escamilla Villanueva.<\/p>\n\n\n\n<p class=\"wp-block-paragraph\">La resoluci\u00f3n debe emitirse en un plazo de siete d\u00edas, a partir del Tribunal Electoral de Oaxaca reciba la notificaci\u00f3n.<\/p>\n\n\n\n<p class=\"wp-block-paragraph\">En declaraciones a la prensa, la agraviada resalt\u00f3 que su caso es relevante para todas servidoras p\u00fablicas; a partir de que ellas, tambi\u00e9n \u00abpueden acudir a las autoridades electorales a denunciar actos de violencia pol\u00edtica contra la mujer en raz\u00f3n de g\u00e9nero\u00bb. A seis meses de su destituci\u00f3n del cargo municipal, Escamilla Villanueva sostuvo que no ha recibido medidas cautelares o de protecci\u00f3n satisfactorias.<\/p>\n","protected":false},"excerpt":{"rendered":"<p>El Tribunal Electoral del Poder Judicial de la federaci\u00f3n corrigi\u00f3 a la Sala Xalapa, que lo hab\u00eda desechado Se juzgara en Oaxaca, al alcalde Oswaldo Garc\u00eda Jarqu\u00edn, haber ofendido a ex directora del Instituto Municipal de la Mujer de la ciudad capital&nbsp; SemM\u00e9xico, OAXACA, Oax., 26 de noviembre, 2020.- En sesi\u00f3n de resolutiva no presencial, [&hellip;]<\/p>\n","protected":false},"author":3,"featured_media":29019,"comment_status":"open","ping_status":"open","sticky":false,"template":"","format":"standard","meta":{"_monsterinsights_skip_tracking":false,"footnotes":""},"categories":[691,51],"tags":[],"class_list":["post-29017","post","type-post","status-publish","format-standard","has-post-thumbnail","category-691","category-ejecutivo"],"_links":{"self":[{"href":"https:\/\/redsemlac.com\/semmexico\/wp-json\/wp\/v2\/posts\/29017","targetHints":{"allow":["GET"]}}],"collection":[{"href":"https:\/\/redsemlac.com\/semmexico\/wp-json\/wp\/v2\/posts"}],"about":[{"href":"https:\/\/redsemlac.com\/semmexico\/wp-json\/wp\/v2\/types\/post"}],"author":[{"embeddable":true,"href":"https:\/\/redsemlac.com\/semmexico\/wp-json\/wp\/v2\/users\/3"}],"replies":[{"embeddable":true,"href":"https:\/\/redsemlac.com\/semmexico\/wp-json\/wp\/v2\/comments?post=29017"}],"version-history":[{"count":0,"href":"https:\/\/redsemlac.com\/semmexico\/wp-json\/wp\/v2\/posts\/29017\/revisions"}],"wp:featuredmedia":[{"embeddable":true,"href":"https:\/\/redsemlac.com\/semmexico\/wp-json\/wp\/v2\/media\/29019"}],"wp:attachment":[{"href":"https:\/\/redsemlac.com\/semmexico\/wp-json\/wp\/v2\/media?parent=29017"}],"wp:term":[{"taxonomy":"category","embeddable":true,"href":"https:\/\/redsemlac.com\/semmexico\/wp-json\/wp\/v2\/categories?post=29017"},{"taxonomy":"post_tag","embeddable":true,"href":"https:\/\/redsemlac.com\/semmexico\/wp-json\/wp\/v2\/tags?post=29017"}],"curies":[{"name":"wp","href":"https:\/\/api.w.org\/{rel}","templated":true}]}}