{"id":29011,"date":"2020-11-26T21:13:21","date_gmt":"2020-11-26T21:13:21","guid":{"rendered":"https:\/\/redsemlac.com\/semmexico\/?p=29011"},"modified":"2023-07-21T16:38:57","modified_gmt":"2023-07-21T21:38:57","slug":"en-yucatan-fiscal-interino-pretende-reducir-accion-de-la-unidad-de-feminicidios","status":"publish","type":"post","link":"https:\/\/redsemlac.com\/semmexico\/en-yucatan-fiscal-interino-pretende-reducir-accion-de-la-unidad-de-feminicidios\/","title":{"rendered":"En Yucat\u00e1n Fiscal Interino pretende reducir acci\u00f3n de la Unidad de Feminicidios"},"content":{"rendered":"\n<p class=\"wp-block-paragraph\">&nbsp;En el 25N protestan asociaciones civiles y acad\u00e9micas<\/p>\n\n\n\n<p class=\"wp-block-paragraph\">Un grave retroceso en las acciones para acabar con el feminicidio&nbsp;<\/p>\n\n\n\n<p class=\"wp-block-paragraph\">Elda Montiel&nbsp;<\/p>\n\n\n\n<p class=\"wp-block-paragraph\">SemM\u00e9xico. M\u00e9rida, Yucat\u00e1n. 26 de noviembre 2020.- En el marco&nbsp;internacional de la eliminaci\u00f3n de las violencias contra las mujeres por el 25 de noviembre, cuando justo se aprovecha esta fecha para favorecer y reforzar acciones en favor de los derechos de las mujeres, asociaciones civiles y de mujeres acad\u00e9micas le hicieron llegar al gobernador una carta donde exigen se d\u00e9 marcha atr\u00e1s a la reducci\u00f3n del personal en la Unidad de Feminicidios de la Fiscal\u00eda General del Estado.&nbsp;<\/p>\n\n\n\n<p class=\"wp-block-paragraph\">Consideran un retroceso en la lucha a favor de las mujeres en Yucat\u00e1n que el Fiscal Interino, Rafael Pinz\u00f3n Miguel, realice cambios en la Fiscal\u00eda que afectan la investigaci\u00f3n y judicializaci\u00f3n de los casos de feminicidios al reducir en un tercio al personal y pretender que la Unidad de Feminicidios sea reubicada en la Unidad de Investigaci\u00f3n y Litigaci\u00f3n Especializada en Delitos de Homicidio.<\/p>\n\n\n\n<p class=\"wp-block-paragraph\">Decisi\u00f3n que calificaron de unilateral sin consultar al Comit\u00e9 T\u00e9cnico de An\u00e1lisis del Delito de Feminicidio conformado por todas las dependencias y organizaciones civiles vinculadas con el tema.&nbsp;<\/p>\n\n\n\n<p class=\"wp-block-paragraph\">En su escrito, se\u00f1alan que estas modificaciones se dieron a conocer en redes sociales por el Fiscal Interino, que afectan la justa investigaci\u00f3n y judicializaci\u00f3n de los casos de feminicidio y esperan que esclarezca estas modificaciones e informe en base a qu\u00e9 criterios y, sobre todo, con base en qu\u00e9 plan de acci\u00f3n corresponde dicha decisi\u00f3n.<\/p>\n\n\n\n<p class=\"wp-block-paragraph\">Precisaron que la Unidad de Feminicidios tiene la obligaci\u00f3n de intervenir en todos los casos de las mujeres que aparecen muertas y la aplicaci\u00f3n&nbsp;del propio Protocolo la que marca, cu\u00e1les muertes califican como Feminicidio; adem\u00e1s esta unidad tiene la obligaci\u00f3n de darle seguimiento a la judicializaci\u00f3n de la carpeta, la imputaci\u00f3n y el acompa\u00f1amiento de los juicios, es decir, sigue todo el proceso de investigaci\u00f3n hasta el final.<\/p>\n\n\n\n<p class=\"wp-block-paragraph\">Se\u00f1alaron que fueron las asociaciones civiles las que presionaron para que se reconociera como delito el feminicidio, con un sinf\u00edn de altibajos, a pesar de que en el estado eran asesinadas mujeres de todas las edades desde el 2007, pero como no exist\u00eda como \u201cdelito\u201d los actores pol\u00edticos se jactaban de que no hab\u00eda feminicidios en Yucat\u00e1n.&nbsp;<\/p>\n\n\n\n<p class=\"wp-block-paragraph\">Es en el 2012 cuando se tipifica el delito sin ser grave y se reclasifica como grave en el 2014. En el 2011 se aprueba el protocolo de investigaci\u00f3n, y el 25 de noviembre de 2017 tras las marchas por el feminicidio de Gaby Molina, las causales se incrementan a ocho.&nbsp;<\/p>\n\n\n\n<p class=\"wp-block-paragraph\">En julio del 2016 se instala el Comit\u00e9 T\u00e9cnico de An\u00e1lisis y Evaluaci\u00f3n de Protocolo de Actuaci\u00f3n Ministerial, pericial y policial en el delito de Feminicidio en Yucat\u00e1n.&nbsp;<\/p>\n\n\n\n<p class=\"wp-block-paragraph\">&nbsp;Entre varias estrategias legales para abordar el feminicidio, se realizaron modificaciones en el C\u00f3digo Penal de Yucat\u00e1n, en la Ley de Acceso a las Mujeres a una vida libre de Violencia y en la Ley para la Igualdad entre Mujeres y Hombres.&nbsp;<\/p>\n\n\n\n<p class=\"wp-block-paragraph\">Se\u00f1alan que la Fiscal\u00eda no neg\u00f3 la reestructuraci\u00f3n, lo que sorprende que el Fiscal en su calidad de interino lo realice a d\u00edas de nombrarse un nuevo titular de la Fiscal\u00eda, adem\u00e1s sin realizar una evaluaci\u00f3n y presentar un Plan de acci\u00f3n estructural que muestre la congruencia y pertinencia de sus decisiones.<\/p>\n\n\n\n<p class=\"wp-block-paragraph\">Firman: POR UNA VIDA LIBRE DE VIOLENCIA: Mar\u00eda Eugenia N\u00fa\u00f1ez Zapata (AMISY); Layda Rodr\u00edguez Torres (Mujeres sin maquillaje); Irene Pi\u00f1a Alberto (Mujeres Yucatecas AC); Rita Farjat (Mujeres todas); Leticia Murua Beltr\u00e1n (APIS, AC); Lydia Laucirica Guanche (Mujeres AC); Dra. Mar\u00eda Candelaria Muy Novelo. (Centro Cultural y de Derechos Humanos Casa Colibr\u00ed, Valladolid, Yucat\u00e1n); Adelaida Salas (Observatorio Nacional de Feminicidios); Milagros Herrero Buchanan (REMUDEPA); Bertha Elena Mungu\u00eda (CASDE); Nancy Walker Olvera \u2013 KOKAY; Teresa Campos (CONCV); Ligia Vera Gamboa (Acad\u00e9mica universitaria); Gina Villag\u00f3mez Vald\u00e9s (Acad\u00e9mica universitaria); Roc\u00edo Quintal L\u00f3pez (Acad\u00e9mica universitaria); Rosal\u00eda L\u00f3pez Castro: Abogadas Violeta Yucat\u00e1n; Silvina Contreras Capetillo. M\u00e9dicas Verde Violeta Glendi G\u00f3ngora. M\u00e9dicas Feministas Yucat\u00e1n.<\/p>\n","protected":false},"excerpt":{"rendered":"<p>&nbsp;En el 25N protestan asociaciones civiles y acad\u00e9micas Un grave retroceso en las acciones para acabar con el feminicidio&nbsp; Elda Montiel&nbsp; SemM\u00e9xico. M\u00e9rida, Yucat\u00e1n. 26 de noviembre 2020.- En el marco&nbsp;internacional de la eliminaci\u00f3n de las violencias contra las mujeres por el 25 de noviembre, cuando justo se aprovecha esta fecha para favorecer y reforzar [&hellip;]<\/p>\n","protected":false},"author":3,"featured_media":29012,"comment_status":"open","ping_status":"open","sticky":false,"template":"","format":"standard","meta":{"_monsterinsights_skip_tracking":false,"footnotes":""},"categories":[200,691,54],"tags":[],"class_list":["post-29011","post","type-post","status-publish","format-standard","has-post-thumbnail","category-16-dias-de-activismo-para-saber","category-691","category-mujeres"],"_links":{"self":[{"href":"https:\/\/redsemlac.com\/semmexico\/wp-json\/wp\/v2\/posts\/29011","targetHints":{"allow":["GET"]}}],"collection":[{"href":"https:\/\/redsemlac.com\/semmexico\/wp-json\/wp\/v2\/posts"}],"about":[{"href":"https:\/\/redsemlac.com\/semmexico\/wp-json\/wp\/v2\/types\/post"}],"author":[{"embeddable":true,"href":"https:\/\/redsemlac.com\/semmexico\/wp-json\/wp\/v2\/users\/3"}],"replies":[{"embeddable":true,"href":"https:\/\/redsemlac.com\/semmexico\/wp-json\/wp\/v2\/comments?post=29011"}],"version-history":[{"count":0,"href":"https:\/\/redsemlac.com\/semmexico\/wp-json\/wp\/v2\/posts\/29011\/revisions"}],"wp:featuredmedia":[{"embeddable":true,"href":"https:\/\/redsemlac.com\/semmexico\/wp-json\/wp\/v2\/media\/29012"}],"wp:attachment":[{"href":"https:\/\/redsemlac.com\/semmexico\/wp-json\/wp\/v2\/media?parent=29011"}],"wp:term":[{"taxonomy":"category","embeddable":true,"href":"https:\/\/redsemlac.com\/semmexico\/wp-json\/wp\/v2\/categories?post=29011"},{"taxonomy":"post_tag","embeddable":true,"href":"https:\/\/redsemlac.com\/semmexico\/wp-json\/wp\/v2\/tags?post=29011"}],"curies":[{"name":"wp","href":"https:\/\/api.w.org\/{rel}","templated":true}]}}