{"id":29008,"date":"2020-11-26T21:10:14","date_gmt":"2020-11-26T21:10:14","guid":{"rendered":"https:\/\/redsemlac.com\/semmexico\/?p=29008"},"modified":"2023-07-21T16:38:57","modified_gmt":"2023-07-21T21:38:57","slug":"en-tabasco-inundados-en-el-valle-de-mexico-racionados","status":"publish","type":"post","link":"https:\/\/redsemlac.com\/semmexico\/en-tabasco-inundados-en-el-valle-de-mexico-racionados\/","title":{"rendered":"En Tabasco, Inundados. En el Valle de M\u00e9xico, Racionados"},"content":{"rendered":"\n<p class=\"wp-block-paragraph\"><strong>R \u00c1 F A G A<\/strong><\/p>\n\n\n\n<p class=\"wp-block-paragraph\"><strong>JORGE HERRERA VALENZUELA<\/strong><\/p>\n\n\n\n<p class=\"wp-block-paragraph\">SemM\u00e9xico, Ciudad de M\u00e9xico, 26 de noviembre 2020.- Hace muchos a\u00f1os en un concurso de oratoria celebrado en el Anfiteatro Sim\u00f3n Bol\u00edvar, de la Escuela Nacional Preparatoria uno de la UNAM, el estudiante Carlos Hidalgo Cort\u00e9s asever\u00f3 con mucha firmeza que \u201cM\u00e9xico es un pa\u00eds de contrastes\u201d. Me vino a la mente esa frase, porque en este pand\u00e9mico 2020 hay miles de familias que llevan un mes con el agua hasta el cuello, han perdido sus casas y lo que en ella hab\u00eda, carecen de alimentos y de atenci\u00f3n m\u00e9dica, mientras que en la Ciudad de M\u00e9xico se anunci\u00f3 el lunes pasado que alrededor de 585,000 personas padecer\u00e1n restricci\u00f3n en el suministro de agua desde el s\u00e1bado 28 de este mes hasta las dos primeras semanas de enero de 2021.<\/p>\n\n\n\n<p class=\"wp-block-paragraph\">Esa es la realidad que estamos viviendo. En varios municipios de Tabasco, que ya no es un Ed\u00e9n, se desfog\u00f3 el agua una presa y la autoridad presidencial orden\u00f3 que no se inundar\u00e1 la capital, Villahermosa. Como dicen en mi pueblo, sali\u00f3 peor el remedio que la enfermedad. Lo importante ser\u00e1 que los gobiernos (federal, estatal y municipal) hagan obras materiales para que no se repitan esas inundaciones anuales. Es hora de trabajar, no de criticar.<\/p>\n\n\n\n<p class=\"wp-block-paragraph\">En el Sureste las y los tabasque\u00f1os al igual que pobladores de Chiapas y de Veracruz padecen serios problemas, las lluvias rebasaron r\u00edos y presas, en tanto que en el Sistema Cutzamala las pocas lluvias dejaron semivac\u00edas las presas y por ello se aplicar\u00e1 un programa restrictivo en la diaria dotaci\u00f3n del indispensable l\u00edquido.&nbsp;<\/p>\n\n\n\n<p class=\"wp-block-paragraph\">Para atender las necesidades de los habitantes de 13 Alcald\u00edas de la Capital Mexicana y de 13 municipios mexiquenses, se inform\u00f3 oficialmente, se requieren 675.2 hect\u00f3metros c\u00fabicos de agua y hay un d\u00e9ficit de 140.7. Cada hect\u00f3metro equivale a un mill\u00f3n de metros c\u00fabicos.&nbsp;&nbsp;El agua procede de las presas ubicadas en Villa Victoria y Valle de Bravo, Estado de M\u00e9xico, y El Bosque, que se encuentra al sur de la ciudad H. Zit\u00e1cuaro, Michoac\u00e1n.<\/p>\n\n\n\n<p class=\"wp-block-paragraph\"><strong>44 HORAS SIN AGUA, SEMANALMENTE<\/strong><\/p>\n\n\n\n<p class=\"wp-block-paragraph\">De acuerdo con el proyecto, que se convertir\u00e1 en programa, la reducci\u00f3n en el abastecimiento de agua potable, en las Alcald\u00edas capitalinas y en los 13 Municipios mexiquenses, incluida la capital choricera, T<strong>oluca<\/strong>, se sujetar\u00e1n a los siguientes d\u00edas y horarios:&nbsp;<strong>martes, de las 00 horas a las 12:00; s\u00e1bados, las 24 horas y domingos de las 00 a las 08:00.&nbsp;<\/strong>Es decir que la gente debe prevenirse para el lapso mayor que es de la media noche del viernes a las 8 de la ma\u00f1ana del domingo.<\/p>\n\n\n\n<p class=\"wp-block-paragraph\">La informaci\u00f3n se\u00f1ala que la reducci\u00f3n, los martes abarcar\u00e1 medio d\u00eda y se regulizar\u00e1 el suministro lunes, mi\u00e9rcoles, jueves y viernes. El Sistema de Aguas de la Ciudad de M\u00e9xico, SACM, pondr\u00e1 a disposici\u00f3n de los usuarios 545 pipas y 59 garzas a efecto de atender la demanda, llamando al tel\u00e9fono&nbsp;<strong>55 5654 3210<\/strong>. Esperemos que si haya quien conteste\u2026 El abastecimiento seguramente no implicar\u00e1 pago alguno.<\/p>\n\n\n\n<p class=\"wp-block-paragraph\"><strong>ALCAD\u00cdAS Y MUNICIPIOS<\/strong><\/p>\n\n\n\n<p class=\"wp-block-paragraph\">Quedan fuera del programa tres demarcaciones: la superpoblada&nbsp;<strong>Gustavo A. Madero<\/strong>, la tur\u00edstica&nbsp;<strong>Xochimilco&nbsp;<\/strong>y la m\u00e1s alejada de la Plaza de la Constituci\u00f3n, el Z\u00f3calo, una de las tres rurales,&nbsp;<strong>Milpa Alta<\/strong>, la de los tradicionales moles rojos y los tamalitos. Parcialmente se aplicar\u00e1 la reducci\u00f3n en las sure\u00f1as&nbsp;<strong>Tlalpan y Magdalena Contreras.<\/strong>&nbsp;En la primera, la zona de Ajusco Medio, Padierna y la colonia Miguel Hidalgo;&nbsp;&nbsp;San Nicol\u00e1s Totolapan, en la segunda.&nbsp;&nbsp;<\/p>\n\n\n\n<p class=\"wp-block-paragraph\">Las once restantes son:&nbsp;<strong>\u00c1lvaro Obreg\u00f3n, Azcapotzalco, Benito Ju\u00e1rez, Coyoac\u00e1n, Cuauht\u00e9moc, Cuajimalpa, Iztapalapa, Iztacalco, Miguel Hidalgo, Venustiano Carranza y Tl\u00e1huac.<\/strong><\/p>\n\n\n\n<p class=\"wp-block-paragraph\">Adem\u00e1s de Toluca, la medida oficial afectar\u00e1 a los municipios de&nbsp;<strong>Atizap\u00e1n de Zaragoza, Huixquilucan, Naucalpan de Ju\u00e1rez, Nicol\u00e1s Romero, Tlalnepantla de Baz, Cuautitl\u00e1n Izcalli, Coacalco, Tultitl\u00e1n, Ecatepec de Morelos, Tec\u00e1mac, San Agust\u00edn Acolman y Ocoyoacac<\/strong>.<\/p>\n\n\n\n<p class=\"wp-block-paragraph\"><strong>SUGERENCIAS A LOS USUARIOS<\/strong><\/p>\n\n\n\n<p class=\"wp-block-paragraph\">Enterados de lo anterior, la Comisi\u00f3n Nacional del Agua, la respectiva del Estado de M\u00e9xico y el Sistema de Aguas de la Ciudad de M\u00e9xico, hacen las siguientes recomendaciones o sugerencias, con el prop\u00f3sito de que se reduzca el consumo de agua:&nbsp;<\/p>\n\n\n\n<p class=\"wp-block-paragraph\">1.- Detectar y reparar las fugas en los sanitarios y en accesorios hidr\u00e1ulicos.<\/p>\n\n\n\n<p class=\"wp-block-paragraph\">2.- Captar y reutilizar el agua de la regadera.&nbsp;<strong>Ba\u00f1arse en cinco minutos<\/strong>.&nbsp;<\/p>\n\n\n\n<p class=\"wp-block-paragraph\">3.- Reutilizar el agua de la lavadora.<\/p>\n\n\n\n<p class=\"wp-block-paragraph\">4.- Usar un vaso de agua para lavarse los dientes.<\/p>\n\n\n\n<p class=\"wp-block-paragraph\">5.- Evitar el riego, con agua potable, de los jardines.<\/p>\n\n\n\n<p class=\"wp-block-paragraph\">A eso agregue que para lavar el autom\u00f3vil, el patio de la casa y la banqueta, no gaste m\u00e1s de una cubeta de 10 litros.&nbsp;<strong>Y procure<\/strong>&nbsp;<strong>captar y utilizar agua de lluvia.<\/strong><\/p>\n\n\n\n<p class=\"wp-block-paragraph\">Nada se apunt\u00f3 respecto a las fugas de agua en la v\u00eda p\u00fablica.<\/p>\n\n\n\n<p class=\"wp-block-paragraph\"><strong>jherrerav@live.com.mx<\/strong><\/p>\n","protected":false},"excerpt":{"rendered":"<p>R \u00c1 F A G A JORGE HERRERA VALENZUELA SemM\u00e9xico, Ciudad de M\u00e9xico, 26 de noviembre 2020.- Hace muchos a\u00f1os en un concurso de oratoria celebrado en el Anfiteatro Sim\u00f3n Bol\u00edvar, de la Escuela Nacional Preparatoria uno de la UNAM, el estudiante Carlos Hidalgo Cort\u00e9s asever\u00f3 con mucha firmeza que \u201cM\u00e9xico es un pa\u00eds de [&hellip;]<\/p>\n","protected":false},"author":3,"featured_media":29009,"comment_status":"open","ping_status":"open","sticky":false,"template":"","format":"standard","meta":{"_monsterinsights_skip_tracking":false,"footnotes":""},"categories":[691,94,35,107],"tags":[],"class_list":["post-29008","post","type-post","status-publish","format-standard","has-post-thumbnail","category-691","category-jorge-herrera-valenzuela","category-opinion","category-rafaga"],"_links":{"self":[{"href":"https:\/\/redsemlac.com\/semmexico\/wp-json\/wp\/v2\/posts\/29008","targetHints":{"allow":["GET"]}}],"collection":[{"href":"https:\/\/redsemlac.com\/semmexico\/wp-json\/wp\/v2\/posts"}],"about":[{"href":"https:\/\/redsemlac.com\/semmexico\/wp-json\/wp\/v2\/types\/post"}],"author":[{"embeddable":true,"href":"https:\/\/redsemlac.com\/semmexico\/wp-json\/wp\/v2\/users\/3"}],"replies":[{"embeddable":true,"href":"https:\/\/redsemlac.com\/semmexico\/wp-json\/wp\/v2\/comments?post=29008"}],"version-history":[{"count":0,"href":"https:\/\/redsemlac.com\/semmexico\/wp-json\/wp\/v2\/posts\/29008\/revisions"}],"wp:featuredmedia":[{"embeddable":true,"href":"https:\/\/redsemlac.com\/semmexico\/wp-json\/wp\/v2\/media\/29009"}],"wp:attachment":[{"href":"https:\/\/redsemlac.com\/semmexico\/wp-json\/wp\/v2\/media?parent=29008"}],"wp:term":[{"taxonomy":"category","embeddable":true,"href":"https:\/\/redsemlac.com\/semmexico\/wp-json\/wp\/v2\/categories?post=29008"},{"taxonomy":"post_tag","embeddable":true,"href":"https:\/\/redsemlac.com\/semmexico\/wp-json\/wp\/v2\/tags?post=29008"}],"curies":[{"name":"wp","href":"https:\/\/api.w.org\/{rel}","templated":true}]}}