{"id":29005,"date":"2020-11-26T21:08:16","date_gmt":"2020-11-26T21:08:16","guid":{"rendered":"https:\/\/redsemlac.com\/semmexico\/?p=29005"},"modified":"2023-07-21T16:38:57","modified_gmt":"2023-07-21T21:38:57","slug":"claudia-sheinbaum-mando-iniciativa-para-crear-programa-de-atencion-integral-a-victimas-de-trata","status":"publish","type":"post","link":"https:\/\/redsemlac.com\/semmexico\/claudia-sheinbaum-mando-iniciativa-para-crear-programa-de-atencion-integral-a-victimas-de-trata\/","title":{"rendered":"Claudia Sheinbaum mand\u00f3 iniciativa para crear programa de atenci\u00f3n integral a v\u00edctimas de trata"},"content":{"rendered":"\n<p class=\"wp-block-paragraph\">La capital del pa\u00eds entre las primeras cinco entidades con cifras altas en este delito<\/p>\n\n\n\n<p class=\"wp-block-paragraph\">En el 95 por ciento de los casos son mujeres explotadas sexualmente<\/p>\n\n\n\n<p class=\"wp-block-paragraph\">Elda Montiel<\/p>\n\n\n\n<p class=\"wp-block-paragraph\">SemM\u00e9xico, Ciudad de M\u00e9xico, 26 de noviembre, 2020.- La jefa de gobierno, Claudia Sheinbaum, envi\u00f3 al Congreso de la Ciudad de M\u00e9xico, una iniciativa de Ley para la Protecci\u00f3n, Atenci\u00f3n y Asistencia a la V\u00edctimas de Trata de Personas que define qu\u00e9 instancias ser\u00e1n competentes para elaborar pol\u00edticas en la materia y crea un Programa de Atenci\u00f3n Integral a V\u00edctimas para la Ciudad de M\u00e9xico.<\/p>\n\n\n\n<p class=\"wp-block-paragraph\">Cabe recordar que tan s\u00f3lo en el 2019 la capital del pa\u00eds ha sido se\u00f1alada tanto por el Observatorio Ciudadano de la Ciudad de M\u00e9xico (OCMX) como la Comisi\u00f3n Nacional de Derechos Humanos, (CNDH), en su Diagn\u00f3stico sobre la Situaci\u00f3n de Trata de Personas en M\u00e9xico 2019, como uno de los cinco estados que concentran el 55 por ciento de denuncias por trata de personas, en el periodo de 2012 al 2017, que fue de cinco mil 245 v\u00edctimas.<\/p>\n\n\n\n<p class=\"wp-block-paragraph\">Adem\u00e1s, el Observatorio destaca que en el primer cuatrimestre de 2019 la Ciudad de M\u00e9xico se posicion\u00f3 en el primer lugar a nivel nacional con una tasa hist\u00f3rica de 0.70 carpetas de investigaci\u00f3n por cada 100 mil habitantes.<\/p>\n\n\n\n<p class=\"wp-block-paragraph\">Adem\u00e1s, las alcald\u00edas de Cuauht\u00e9moc, Benito Ju\u00e1rez, Iztapalapa y Miguel Hidalgo se encuentran entre los 152 municipios a nivel nacional que reportan el mayor n\u00famero de casos.&nbsp;<\/p>\n\n\n\n<p class=\"wp-block-paragraph\">Las principales v\u00edctimas en un 95 por ciento son mujeres y ni\u00f1as, y el 70 por ciento de los casos son explotaci\u00f3n sexual y el 17 por ciento son explotaci\u00f3n laboral.&nbsp;<\/p>\n\n\n\n<p class=\"wp-block-paragraph\">Esto quiere decir que hombres, mujeres, ni\u00f1as y ni\u00f1os son explotados sexual o laboralmente en la Ciudad de M\u00e9xico, por lo que la iniciativa de ley establece que el delito de trata de personas atenta contra los derechos humanos \u00abpues atentan contra la vida, dignidad, integridad, salud, seguridad y libertad de las v\u00edctimas, y est\u00e1n s\u00f3lo detr\u00e1s de los delitos por narcotr\u00e1fico y venta de armas\u00bb.<\/p>\n\n\n\n<p class=\"wp-block-paragraph\">Se precisa que el programa no s\u00f3lo atender\u00e1 a las v\u00edctimas directas de trata de personas, sino a v\u00edctimas indirectas, personas ofendidas y testigos \u00abcon enfoque diferencial, especializado, intercultural, de derechos humanos y perspectiva de g\u00e9nero\u201d.<\/p>\n\n\n\n<p class=\"wp-block-paragraph\">La iniciativa de Ley establece la participaci\u00f3n de la Comisi\u00f3n Ejecutiva de Atenci\u00f3n a V\u00edctimas, la Comisi\u00f3n de B\u00fasqueda de Personas y el Sistema Integral de Derechos Humanos, adem\u00e1s de incorporar a la Secretar\u00eda de Pueblos y Barrios Originarios y Comunidades Ind\u00edgenas Residentes.&nbsp;<\/p>\n","protected":false},"excerpt":{"rendered":"<p>La capital del pa\u00eds entre las primeras cinco entidades con cifras altas en este delito En el 95 por ciento de los casos son mujeres explotadas sexualmente Elda Montiel SemM\u00e9xico, Ciudad de M\u00e9xico, 26 de noviembre, 2020.- La jefa de gobierno, Claudia Sheinbaum, envi\u00f3 al Congreso de la Ciudad de M\u00e9xico, una iniciativa de Ley [&hellip;]<\/p>\n","protected":false},"author":3,"featured_media":29006,"comment_status":"open","ping_status":"open","sticky":false,"template":"","format":"standard","meta":{"_monsterinsights_skip_tracking":false,"footnotes":""},"categories":[691,51],"tags":[],"class_list":["post-29005","post","type-post","status-publish","format-standard","has-post-thumbnail","category-691","category-ejecutivo"],"_links":{"self":[{"href":"https:\/\/redsemlac.com\/semmexico\/wp-json\/wp\/v2\/posts\/29005","targetHints":{"allow":["GET"]}}],"collection":[{"href":"https:\/\/redsemlac.com\/semmexico\/wp-json\/wp\/v2\/posts"}],"about":[{"href":"https:\/\/redsemlac.com\/semmexico\/wp-json\/wp\/v2\/types\/post"}],"author":[{"embeddable":true,"href":"https:\/\/redsemlac.com\/semmexico\/wp-json\/wp\/v2\/users\/3"}],"replies":[{"embeddable":true,"href":"https:\/\/redsemlac.com\/semmexico\/wp-json\/wp\/v2\/comments?post=29005"}],"version-history":[{"count":0,"href":"https:\/\/redsemlac.com\/semmexico\/wp-json\/wp\/v2\/posts\/29005\/revisions"}],"wp:featuredmedia":[{"embeddable":true,"href":"https:\/\/redsemlac.com\/semmexico\/wp-json\/wp\/v2\/media\/29006"}],"wp:attachment":[{"href":"https:\/\/redsemlac.com\/semmexico\/wp-json\/wp\/v2\/media?parent=29005"}],"wp:term":[{"taxonomy":"category","embeddable":true,"href":"https:\/\/redsemlac.com\/semmexico\/wp-json\/wp\/v2\/categories?post=29005"},{"taxonomy":"post_tag","embeddable":true,"href":"https:\/\/redsemlac.com\/semmexico\/wp-json\/wp\/v2\/tags?post=29005"}],"curies":[{"name":"wp","href":"https:\/\/api.w.org\/{rel}","templated":true}]}}