{"id":2898,"date":"2018-02-22T20:21:28","date_gmt":"2018-02-22T20:21:28","guid":{"rendered":"https:\/\/redsemlac.com\/semmexico\/?p=2898"},"modified":"2023-07-21T14:30:47","modified_gmt":"2023-07-21T19:30:47","slug":"realizan-misa-de-cuerpo-presente-le-sobreviven-su-esposo-y-tres-hijos","status":"publish","type":"post","link":"https:\/\/redsemlac.com\/semmexico\/realizan-misa-de-cuerpo-presente-le-sobreviven-su-esposo-y-tres-hijos\/","title":{"rendered":"Realizan misa de cuerpo presente. Le sobreviven su esposo y tres hijos"},"content":{"rendered":"\n<p class=\"wp-block-paragraph\">Magaly Rodriguez<br>\nSemM\u00e9xico, Chilpancingo, Gro., 22 febrero 2018.- Con una misa de cuerpo presente y al ritmo de marichi, despiden a Antonia Jaimes Moctezuma, precandidata del Partido de la Revoluci\u00f3n Democr\u00e1tica (PRD) a la diputaci\u00f3n por el distrito local 25, asesinada el mediod\u00eda de este mi\u00e9rcoles por hombres desconocidos en el interior de su negocio, ubicado en Chilapa de \u00c1lvarez, en la regi\u00f3n de la monta\u00f1a baja del estado de Guerrero.<\/p>\n\n\n\n<p class=\"wp-block-paragraph\">El reloj marcaba las 15:06 horas y, de pronto, el silencio caracter\u00edstico de las iglesias se rompi\u00f3 en el interior de la catedral de Chilapa. \u201cMi gusto es, y qui\u00e9n me lo quitar\u00e1. Solamente Dios del cielo me lo quita. Mi gusto es\u201d, se escuch\u00f3 cada vez m\u00e1s y m\u00e1s cerca. El sacerdote se acerc\u00f3 a la puerta. El f\u00e9retro con el cuerpo de la excandidata ha llegado.<\/p>\n\n\n\n<p class=\"wp-block-paragraph\">Para esa hora, la catedral de Chilapa ya se encuentra pr\u00e1cticamente a toda su capacidad. El cortejo f\u00fanebre entra. El ata\u00fad es llevado por los tres hijos de Antonia Jaimes, jovencitos que en sus rostros llevan las huellas del llanto y del dolor. Son las 15:08 horas cuando inicia la liturgia de cuerpo presente en honor de la mujer asesinada.<\/p>\n\n\n\n<p class=\"wp-block-paragraph\">Luego de casi una hora, la ceremonia religiosa celebrada por dos ministros termina. La gente se arremolina al frente; ah\u00ed esta Mois\u00e9s Acevedo, Moy, esposo de To\u00f1ita, como era conocida por sus amigos, familiares y seguidores. La fila se torna larga y lenta; quieren darle el p\u00e9same. \u00c9l recibe a todos con el rostro desencajado. El p\u00e9same se va transmitiendo al padre, a los hijos Alan Mois\u00e9s y Aldo, a las hermanas, al resto de la familia. El llanto a flor de piel vuelve a surgir.<\/p>\n\n\n\n<p class=\"wp-block-paragraph\">Las notas tristes del marichi que entona un vals vuelven a sonar; en tanto, ya con el f\u00e9retro afuera, se escuchan aplausos y porras, con las que comienza el recorrido hacia el pante\u00f3n municipal, donde Antonia ser\u00eda sepultada.<\/p>\n\n\n\n<p class=\"wp-block-paragraph\">Jaimes Moctezuma militaba desde hace a\u00f1os en las filas del PRD. Perteneci\u00f3 a la Coalici\u00f3n de Organizaciones Democr\u00e1ticas Urbanas y Campesinas (CODUC), que encabeza el diputado local con licencia, Sebasti\u00e1n de la Rosa Pel\u00e1ez, a la cual, renunci\u00f3 hace ya poco m\u00e1s de un a\u00f1o. Fungi\u00f3 como regidora de comercio durante el periodo 2012-2015.<br>\nSe sum\u00f3 a la corriente denominada Movimiento Alternativo Social (MAS), creada el 6 de diciembre de 2015 por Bernardo Ortega Jim\u00e9nez, dos veces diputado local, ex presidente municipal de Quechultenango y actual aspirante de nueva cuenta, a la diputaci\u00f3n local.<\/p>\n\n\n\n<p class=\"wp-block-paragraph\">Ortega Jim\u00e9nez es hermano de los supuestos jefes de la banda delincuencial \u201cLos Ardillos\u201d, que se disputan el control de la zona de la Monta\u00f1a y parte de la zona Centro, lo que ha generado la imparable cadena de ejecuciones en los municipios de Chilapa y Zitlala, principalmente.<\/p>\n\n\n\n<p class=\"wp-block-paragraph\">Este jueves, en Iguala, en una reuni\u00f3n con el grupo de Coordinaci\u00f3n Guerrero, la Marina y el Ej\u00e9rcito para el operativo que se implementar\u00e1 en la festividad del D\u00eda de la Bandera, el 24 de febrero, el mandatario estatal H\u00e9ctor Astudillo Flores desliz\u00f3 que el caso de Chilapa est\u00e1 vinculado a la delincuencia organizada.<\/p>\n\n\n\n<p class=\"wp-block-paragraph\">\u00abYo creo que lo primero es dialogar (con los partidos pol\u00edticos) y ubicar zonas de riesgo. Hay lugares donde la delincuencia organizada no se est\u00e1 tocando el coraz\u00f3n para actuar, pero independientemente de esto de ninguna manera estoy dando a entender que lo de Chilapa tiene que ver con eso. Pero el caso de Chilapa est\u00e1 vinculado \u00edntimamente a los grupos de la delincuencia organizada\u00bb, sostuvo el mandatario.<\/p>\n\n\n\n<p class=\"wp-block-paragraph\">El llanto desgarrador se vuelve a escuchar, al tiempo que el ata\u00fad comienza a bajar hacia la fosa. El marichi toca y toca. Quien diga que los hombres no lloran, no han visto a unos hijos perder a su madre ni a un esposo a quien le han asesinado a su esposa. Los tres se abrazan y lloran, las hermanas gritan, los amigos dicen que no es posible, que no se vale. En el ambiente se respira dolor e impotencia. To\u00f1ita es despedida con aplausos.<\/p>\n\n\n\n<p class=\"wp-block-paragraph\">SEM\/mr\/gl<\/p>\n","protected":false},"excerpt":{"rendered":"<p>Magaly Rodriguez SemM\u00e9xico, Chilpancingo, Gro., 22 febrero 2018.- Con una misa de cuerpo presente y al ritmo de marichi, despiden a Antonia Jaimes Moctezuma, precandidata del Partido de la Revoluci\u00f3n Democr\u00e1tica (PRD) a la diputaci\u00f3n por el distrito local 25, asesinada el mediod\u00eda de este mi\u00e9rcoles por hombres desconocidos en el interior de su negocio, [&hellip;]<\/p>\n","protected":false},"author":3,"featured_media":2899,"comment_status":"open","ping_status":"open","sticky":false,"template":"","format":"standard","meta":{"_monsterinsights_skip_tracking":false,"footnotes":""},"categories":[689,33],"tags":[],"class_list":["post-2898","post","type-post","status-publish","format-standard","has-post-thumbnail","category-689","category-elecciones-2018"],"_links":{"self":[{"href":"https:\/\/redsemlac.com\/semmexico\/wp-json\/wp\/v2\/posts\/2898","targetHints":{"allow":["GET"]}}],"collection":[{"href":"https:\/\/redsemlac.com\/semmexico\/wp-json\/wp\/v2\/posts"}],"about":[{"href":"https:\/\/redsemlac.com\/semmexico\/wp-json\/wp\/v2\/types\/post"}],"author":[{"embeddable":true,"href":"https:\/\/redsemlac.com\/semmexico\/wp-json\/wp\/v2\/users\/3"}],"replies":[{"embeddable":true,"href":"https:\/\/redsemlac.com\/semmexico\/wp-json\/wp\/v2\/comments?post=2898"}],"version-history":[{"count":0,"href":"https:\/\/redsemlac.com\/semmexico\/wp-json\/wp\/v2\/posts\/2898\/revisions"}],"wp:featuredmedia":[{"embeddable":true,"href":"https:\/\/redsemlac.com\/semmexico\/wp-json\/wp\/v2\/media\/2899"}],"wp:attachment":[{"href":"https:\/\/redsemlac.com\/semmexico\/wp-json\/wp\/v2\/media?parent=2898"}],"wp:term":[{"taxonomy":"category","embeddable":true,"href":"https:\/\/redsemlac.com\/semmexico\/wp-json\/wp\/v2\/categories?post=2898"},{"taxonomy":"post_tag","embeddable":true,"href":"https:\/\/redsemlac.com\/semmexico\/wp-json\/wp\/v2\/tags?post=2898"}],"curies":[{"name":"wp","href":"https:\/\/api.w.org\/{rel}","templated":true}]}}