{"id":2892,"date":"2018-02-25T20:17:20","date_gmt":"2018-02-25T20:17:20","guid":{"rendered":"https:\/\/redsemlac.com\/semmexico\/?p=2892"},"modified":"2023-07-21T14:30:47","modified_gmt":"2023-07-21T19:30:47","slug":"en-cinco-dias-son-asesinadas-dos-precandidatas-por-el-distrito-25-del-estado-de-guerrero","status":"publish","type":"post","link":"https:\/\/redsemlac.com\/semmexico\/en-cinco-dias-son-asesinadas-dos-precandidatas-por-el-distrito-25-del-estado-de-guerrero\/","title":{"rendered":"En cinco d\u00edas son asesinadas dos precandidatas por el distrito 25 del estado de Guerrero"},"content":{"rendered":"\n<p class=\"wp-block-paragraph\">Redacci\u00f3n<br>\nSemM\u00e9xico, Cd. de M\u00e9xico, 25 febrero 2018.- Este domingo fue encontrada sin vida la precandidata a diputada por el Distrito 25 por el PRI, Dulce Nayeli Rebaja Pedro, presuntamente los hechos ocurrieron desde ayer s\u00e1bado cuando ella y un familiar regresaban del acto de la toma de protesta como coordinadora regional del Movimiento Territorial en Chilapa de \u00c1lvarez, Guerrero.<\/p>\n\n\n\n<p class=\"wp-block-paragraph\">Con el asesinato de Dulce Nayeli Rebaja Pedro, suman dos las precandidatas asesinadas en la misma localidad en solo cinco d\u00edas, ambas aspirantes por el mismo distrito electoral, el 25, en el Estado de Guerrero. El asesinato de Antonia Jaimes Moctezuma ocurri\u00f3 en el pasado mi\u00e9rcoles 21 de febrero, cuando se encontraba en un restaurante de la misma poblaci\u00f3n.<\/p>\n\n\n\n<p class=\"wp-block-paragraph\">De acuerdo medios locales, este domingo por la ma\u00f1ana se localizaron los cuerpos sin vida de la reci\u00e9n nombrada Coordinadora Regional del Movimiento Territorial, Dulce Nayeli Rebaja Pedro, y su primo Crescencio Rebaja Bello, quien era polic\u00eda estatal.<\/p>\n\n\n\n<p class=\"wp-block-paragraph\">Los cuerpos fueron encontrados en la camioneta Nissan, tipo Frontier de color blanco y placas de circulaci\u00f3n HF-097-50 del Estado de Guerrero.<\/p>\n\n\n\n<p class=\"wp-block-paragraph\">Este s\u00e1bado, hab\u00eda sido localizado el cuerpo de Francisco Rebaja Juanico, t\u00edo de la precandidata y quien fue asesinado dentro de su veh\u00edculo en la poblaci\u00f3n de Chilapa, hasta el momento se desconoce el paradero de Mar\u00eda del Refugio Rebaja, tambi\u00e9n t\u00eda de la precandidata que viajaba en la camioneta tipo Nissan color vino. Los dos hab\u00edan acompa\u00f1ado a Dulce Nayeli Rebaja Pedro al acto de toma de protesta.<\/p>\n\n\n\n<p class=\"wp-block-paragraph\">De acuerdo con las primeras versiones, la precandidata y su primo habr\u00edan sido secuestrados desde la tarde de este s\u00e1bado, sus cuerpos fueron localizados sobre la batea de la camioneta esta ma\u00f1ana de domingo y ambos presentaban impactos de bala.<\/p>\n\n\n\n<p class=\"wp-block-paragraph\">Dulce Nayeli Rebaja Pedro era licenciada, hab\u00eda sido directora del \u00e1rea de Investigaci\u00f3n y Evaluaci\u00f3n de la Secretar\u00eda de Asuntos Ind\u00edgenas y Comunidades Afromexicanas, y anteriormente Coordinadora de Turismo y Naturaleza de la CDI, entre 2014 y 2015, esto seg\u00fan el curr\u00edculo consultado en Internet.<\/p>\n\n\n\n<p class=\"wp-block-paragraph\">SEM\/sje<\/p>\n","protected":false},"excerpt":{"rendered":"<p>Redacci\u00f3n SemM\u00e9xico, Cd. de M\u00e9xico, 25 febrero 2018.- Este domingo fue encontrada sin vida la precandidata a diputada por el Distrito 25 por el PRI, Dulce Nayeli Rebaja Pedro, presuntamente los hechos ocurrieron desde ayer s\u00e1bado cuando ella y un familiar regresaban del acto de la toma de protesta como coordinadora regional del Movimiento Territorial [&hellip;]<\/p>\n","protected":false},"author":3,"featured_media":2893,"comment_status":"open","ping_status":"open","sticky":false,"template":"","format":"standard","meta":{"_monsterinsights_skip_tracking":false,"footnotes":""},"categories":[689,33],"tags":[],"class_list":["post-2892","post","type-post","status-publish","format-standard","has-post-thumbnail","category-689","category-elecciones-2018"],"_links":{"self":[{"href":"https:\/\/redsemlac.com\/semmexico\/wp-json\/wp\/v2\/posts\/2892","targetHints":{"allow":["GET"]}}],"collection":[{"href":"https:\/\/redsemlac.com\/semmexico\/wp-json\/wp\/v2\/posts"}],"about":[{"href":"https:\/\/redsemlac.com\/semmexico\/wp-json\/wp\/v2\/types\/post"}],"author":[{"embeddable":true,"href":"https:\/\/redsemlac.com\/semmexico\/wp-json\/wp\/v2\/users\/3"}],"replies":[{"embeddable":true,"href":"https:\/\/redsemlac.com\/semmexico\/wp-json\/wp\/v2\/comments?post=2892"}],"version-history":[{"count":0,"href":"https:\/\/redsemlac.com\/semmexico\/wp-json\/wp\/v2\/posts\/2892\/revisions"}],"wp:featuredmedia":[{"embeddable":true,"href":"https:\/\/redsemlac.com\/semmexico\/wp-json\/wp\/v2\/media\/2893"}],"wp:attachment":[{"href":"https:\/\/redsemlac.com\/semmexico\/wp-json\/wp\/v2\/media?parent=2892"}],"wp:term":[{"taxonomy":"category","embeddable":true,"href":"https:\/\/redsemlac.com\/semmexico\/wp-json\/wp\/v2\/categories?post=2892"},{"taxonomy":"post_tag","embeddable":true,"href":"https:\/\/redsemlac.com\/semmexico\/wp-json\/wp\/v2\/tags?post=2892"}],"curies":[{"name":"wp","href":"https:\/\/api.w.org\/{rel}","templated":true}]}}