{"id":28861,"date":"2020-11-24T22:15:04","date_gmt":"2020-11-24T22:15:04","guid":{"rendered":"https:\/\/redsemlac.com\/semmexico\/?p=28861"},"modified":"2023-07-21T16:39:02","modified_gmt":"2023-07-21T21:39:02","slug":"nosvanaverjuntas-2","status":"publish","type":"post","link":"https:\/\/redsemlac.com\/semmexico\/nosvanaverjuntas-2\/","title":{"rendered":"#NosVanAVerJuntas"},"content":{"rendered":"\n<p class=\"wp-block-paragraph\"><strong>Guadalupe Ramos<\/strong><br><\/p>\n\n\n\n<p class=\"wp-block-paragraph\">SemMexico, Guadalajara, Jalisco, 24 de noviembre 2020.-El Observatorio Ciudadano Nacional del Feminicidio emprendi\u00f3 la campa\u00f1a #NOSVANAVERJUNTAS que busca visibilizar la violencia feminicida y exigir justicia para madres y familiares de v\u00edctimas de feminicidio en M\u00e9xico.<\/p>\n\n\n\n<p class=\"wp-block-paragraph\">#NOSVANAVERJUNTAS nace para reconocer la labor incansable por la memoria, verdad y justicia de las madres y familias de v\u00edctimas de feminicidio.<\/p>\n\n\n\n<p class=\"wp-block-paragraph\">El micrositio #NOSVANAVERJUNTAS, realizado con el apoyo del Programa de Ayuda Directa del Gobierno de Australia y la Uni\u00f3n Europea, busca mostrar las historias de diversas mujeres: las que ya no est\u00e1n y las que luchan por ellas.&nbsp; El micrositio condensa parte del trabajo que ha realizado el OCNF en 24 estados de la Rep\u00fablica, durante 4 mil&nbsp; 745 d\u00edas de labor de manera ininterrumpida y desinteresada en la documentaci\u00f3n, la investigaci\u00f3n, el cambio normativo, la mejora de protocolos de investigaci\u00f3n para el delito del feminicidio y procedimientos para el otorgamiento de \u00f3rdenes de protecci\u00f3n, as\u00ed como en acciones comunitarias y el acompa\u00f1amiento de casos, entre otras acciones.<\/p>\n\n\n\n<p class=\"wp-block-paragraph\">Los casos emblem\u00e1ticos que el Observatorio ha acompa\u00f1ado, muestran la falta de una debida diligencia y perspectiva de g\u00e9nero y constantemente han denunciado la violencia institucional a la que se enfrentan las v\u00edctimas y sus familias cuando acuden en b\u00fasqueda de protecci\u00f3n, investigaci\u00f3n y justicia.<\/p>\n\n\n\n<p class=\"wp-block-paragraph\">En esta lucha por la justicia, las familias v\u00edctimas de los feminicidios han caminado con dignidad y coraje hasta lograr la justicia, pese a la adversidad, las enfermedades, incluso han perdido su empleo y en muchos casos hasta la vida. Estas familias han logrado cruzar el muro de la impunidad para transformarse de v\u00edctimas a defensoras. Junto con las familias, el Observatorio ha logrado sentencias hist\u00f3ricas que impactan positivamente en los casos de otras mujeres y que de aplicarse podr\u00edan garantizar de manera pronta el acceso a la justicia.<\/p>\n\n\n\n<p class=\"wp-block-paragraph\">Es por esto que la campa\u00f1a #NOSVANAVERJUNTAS surge como un tributo al valor de las mujeres asesinadas a partir de la reconstrucci\u00f3n de su memoria. Es, tambi\u00e9n, un reconocimiento a la labor incansable de sus familias, particularmente de las madres, quienes contribuyen a transformar sus realidades y se convierten en el motor y veh\u00edculo hacia la verdad y la justicia. Asimismo, busca ser un espacio para sumar a m\u00e1s personas en este camino; para que formemos parte de esta comunidad que visibiliza y contribuye a erradicar la violencia feminicida en M\u00e9xico. Cada d\u00eda son asesinadas en M\u00e9xico 11 mujeres. De enero a agosto de 2020 han sido asesinadas 2,532 mujeres y solo 626 casos han sido investigados como feminicidio. En Jalisco, han sido asesinadas 270 mujeres de enero a noviembre. Es por esto que diversos colectivas feministas en Jalisco como la Red Yo Voy 8 de marzo se unen al reclamo de las familias y las acompa\u00f1an este mi\u00e9rcoles 25 de noviembre, d\u00eda internacional por la eliminaci\u00f3n de las violencias contra las mujeres a la concentraci\u00f3n en contra de los feminicidios. La cita es a las 11 de la ma\u00f1ana en plaza de armas de Guadalajara.&nbsp;<\/p>\n\n\n\n<p class=\"wp-block-paragraph\">Y virtualmente invitan tambi\u00e9n a unirse a la campa\u00f1a&nbsp;&nbsp;#NOSVANAVERJUNTAS, con una exigencia clara al Estado para que pare la violencia feminicida contra las mujeres, ni\u00f1as y adolescentes.&nbsp;<\/p>\n\n\n\n<p class=\"wp-block-paragraph\">medium.com\/dra-lupitaramos<\/p>\n\n\n\n<p class=\"wp-block-paragraph\">@dralupitaramosp<\/p>\n","protected":false},"excerpt":{"rendered":"<p>Guadalupe Ramos SemMexico, Guadalajara, Jalisco, 24 de noviembre 2020.-El Observatorio Ciudadano Nacional del Feminicidio emprendi\u00f3 la campa\u00f1a #NOSVANAVERJUNTAS que busca visibilizar la violencia feminicida y exigir justicia para madres y familiares de v\u00edctimas de feminicidio en M\u00e9xico. #NOSVANAVERJUNTAS nace para reconocer la labor incansable por la memoria, verdad y justicia de las madres y familias [&hellip;]<\/p>\n","protected":false},"author":3,"featured_media":28862,"comment_status":"open","ping_status":"open","sticky":false,"template":"","format":"standard","meta":{"_monsterinsights_skip_tracking":false,"footnotes":""},"categories":[691,36,110,91],"tags":[],"class_list":["post-28861","post","type-post","status-publish","format-standard","has-post-thumbnail","category-691","category-columnistas","category-la-opinion-columnas","category-lupita-ramos-ponce"],"_links":{"self":[{"href":"https:\/\/redsemlac.com\/semmexico\/wp-json\/wp\/v2\/posts\/28861","targetHints":{"allow":["GET"]}}],"collection":[{"href":"https:\/\/redsemlac.com\/semmexico\/wp-json\/wp\/v2\/posts"}],"about":[{"href":"https:\/\/redsemlac.com\/semmexico\/wp-json\/wp\/v2\/types\/post"}],"author":[{"embeddable":true,"href":"https:\/\/redsemlac.com\/semmexico\/wp-json\/wp\/v2\/users\/3"}],"replies":[{"embeddable":true,"href":"https:\/\/redsemlac.com\/semmexico\/wp-json\/wp\/v2\/comments?post=28861"}],"version-history":[{"count":0,"href":"https:\/\/redsemlac.com\/semmexico\/wp-json\/wp\/v2\/posts\/28861\/revisions"}],"wp:featuredmedia":[{"embeddable":true,"href":"https:\/\/redsemlac.com\/semmexico\/wp-json\/wp\/v2\/media\/28862"}],"wp:attachment":[{"href":"https:\/\/redsemlac.com\/semmexico\/wp-json\/wp\/v2\/media?parent=28861"}],"wp:term":[{"taxonomy":"category","embeddable":true,"href":"https:\/\/redsemlac.com\/semmexico\/wp-json\/wp\/v2\/categories?post=28861"},{"taxonomy":"post_tag","embeddable":true,"href":"https:\/\/redsemlac.com\/semmexico\/wp-json\/wp\/v2\/tags?post=28861"}],"curies":[{"name":"wp","href":"https:\/\/api.w.org\/{rel}","templated":true}]}}