{"id":28852,"date":"2020-11-24T20:33:21","date_gmt":"2020-11-24T20:33:21","guid":{"rendered":"https:\/\/redsemlac.com\/semmexico\/?p=28852"},"modified":"2023-07-21T16:39:02","modified_gmt":"2023-07-21T21:39:02","slug":"el-canto-de-las-nereidas","status":"publish","type":"post","link":"https:\/\/redsemlac.com\/semmexico\/el-canto-de-las-nereidas\/","title":{"rendered":"El canto de las nereidas"},"content":{"rendered":"\n<p class=\"wp-block-paragraph\">BELLAS Y AIROSAS&nbsp;<\/p>\n\n\n\n<p class=\"wp-block-paragraph\">Noviembre 25. D\u00eda Internacional de la Eliminaci\u00f3n de la Violencia contra la Mujer<\/p>\n\n\n\n<p class=\"wp-block-paragraph\">Elvira Hern\u00e1ndez Carballido<\/p>\n\n\n\n<p class=\"wp-block-paragraph\">Aunque ellas ya no est\u00e9n \u2014no puedes decir desaparecidas, muertas, asesinadas, botadas, quemadas, violadas, convertidas en n\u00famero, sin nombre, sin voz, sin rostro\u2014 te asomas a la ventana, subes a la parte m\u00e1s alta de la casa, miras al cielo en el que ya no crees. Evocas esa leyenda de esas diosas del mar que pueden convertirse en agua, viento, le\u00f3n o fuego. Les dices que est\u00e1s esper\u00e1ndolas. Entonas muy bajito una melod\u00eda en especial, sobre todo la estrofa donde se aconseja que para llorar es mejor frente al mar.<\/p>\n\n\n\n<p class=\"wp-block-paragraph\">Fue la canci\u00f3n que pusiste una y otra vez durante ese d\u00eda, el m\u00e1s triste de tu vida, cuando escuchaste como un eco esa terrible noticia. Te sentiste tan desarmada, tan sola. Trataste de no sentir m\u00e1s dolor invent\u00e1ndole una historia a cada nube. Hubieras querido solamente flotar y dormir para siempre.&nbsp;<\/p>\n\n\n\n<p class=\"wp-block-paragraph\">\u00bfC\u00f3mo se le dice a una madre que debe enterrar a su hija muerta? \u00bfC\u00f3mo se le llama a la mujer que se siente hu\u00e9rfana sin el cari\u00f1o de su hermana, amiga, alumna, conocida, desconocida, mujer muerta-asesinada-desaparecida?&nbsp;<\/p>\n\n\n\n<p class=\"wp-block-paragraph\">De nada sirve eternizar en tu piel la ropa de luto, pero empiezas a maquillarte a tu modo. No, no quieres ser la m\u00e1s hermosa, es un rito que traza las marcas que van prepararte para otra batalla: La sombra en el p\u00e1rpado, los l\u00edmites de la desolaci\u00f3n. La l\u00ednea negra en el ojo, el llanto oscuro. El rojo en los labios, el grito de guerra. En cada trazo que afina tu rostro, la consigna de ni una m\u00e1s.<\/p>\n\n\n\n<p class=\"wp-block-paragraph\">Ya te despintar\u00e1s con el algod\u00f3n de alguna nube o frente al mar, cuando esto acabe, cuando la encuentres a ella, a tantas m\u00e1s, cuando los golpes terminen, las violaciones no existan, el feminicidio desaparezca.&nbsp;&nbsp;Y ese d\u00eda que vayas en busca del mar recordar\u00e1s las historias compartidas, las que faltaron por contar, las que ellas se llevaron. Esos cuentos de ninfas marinas, de rituales para ofrecer el alma a las diosas del mar. Recordar\u00e1s a las nereidas porque ellas te acompa\u00f1an cuando hay penas en tu coraz\u00f3n, dan buenos consejos, te proveen de recuerdos y hasta saben llorar contigo. Hacen el coro m\u00e1s bello de sollozos, son \u00e1ngeles del mar que consuelan, sirenas del cielo que transforman cada l\u00e1grima en un pu\u00f1o en alto.&nbsp;<\/p>\n\n\n\n<p class=\"wp-block-paragraph\">Entonces el cielo se exhibe ante ti totalmente esplendoroso. Le buscas formas a las nubes. Aprietas tus labios pintados de rojo. Si pudieras transformarte en agua, viento, le\u00f3n, fuego\u2026 Una diosa de mar que se acurruca en el cielo. Descubres que una nube tiene forma de nereidas que se abrazan. Te unes a su coro:&nbsp;Que ninguna pu\u00f1alada m\u00e1s nos convierta en cascadas te\u00f1idas de rojo. Ning\u00fan grito nos debilite, ning\u00fan insulto nos paralice. Que ninguna bala perfore nuestra alma. Que nadie me siga y tape mi boca.&nbsp;&nbsp;Que nadie me jale y me lleve a la fuerza. Que sus patadas se detengan. Que su odio se esfume. Respiro y no. Despierto y no. Por las que duermen eternamente. Por las que despertamos cada d\u00eda al grito de ni una menos. Que un canto de nereidas nos d\u00e9 la fuerza debida, la sensibilidad necesaria, la voz que les duela cuando nos lastiman, aunque no me conozcas, aunque quieran convertirme en cifra, porque existo, aunque ya no estoy, pero soy, somos, seremos, canto de nereidas que agitan todos los cielos, que te empapan como mil mares para resistir<\/p>\n","protected":false},"excerpt":{"rendered":"<p>BELLAS Y AIROSAS&nbsp; Noviembre 25. D\u00eda Internacional de la Eliminaci\u00f3n de la Violencia contra la Mujer Elvira Hern\u00e1ndez Carballido Aunque ellas ya no est\u00e9n \u2014no puedes decir desaparecidas, muertas, asesinadas, botadas, quemadas, violadas, convertidas en n\u00famero, sin nombre, sin voz, sin rostro\u2014 te asomas a la ventana, subes a la parte m\u00e1s alta de la [&hellip;]<\/p>\n","protected":false},"author":3,"featured_media":28853,"comment_status":"open","ping_status":"open","sticky":false,"template":"","format":"standard","meta":{"_monsterinsights_skip_tracking":false,"footnotes":""},"categories":[691,110,35],"tags":[],"class_list":["post-28852","post","type-post","status-publish","format-standard","has-post-thumbnail","category-691","category-la-opinion-columnas","category-opinion"],"_links":{"self":[{"href":"https:\/\/redsemlac.com\/semmexico\/wp-json\/wp\/v2\/posts\/28852","targetHints":{"allow":["GET"]}}],"collection":[{"href":"https:\/\/redsemlac.com\/semmexico\/wp-json\/wp\/v2\/posts"}],"about":[{"href":"https:\/\/redsemlac.com\/semmexico\/wp-json\/wp\/v2\/types\/post"}],"author":[{"embeddable":true,"href":"https:\/\/redsemlac.com\/semmexico\/wp-json\/wp\/v2\/users\/3"}],"replies":[{"embeddable":true,"href":"https:\/\/redsemlac.com\/semmexico\/wp-json\/wp\/v2\/comments?post=28852"}],"version-history":[{"count":0,"href":"https:\/\/redsemlac.com\/semmexico\/wp-json\/wp\/v2\/posts\/28852\/revisions"}],"wp:featuredmedia":[{"embeddable":true,"href":"https:\/\/redsemlac.com\/semmexico\/wp-json\/wp\/v2\/media\/28853"}],"wp:attachment":[{"href":"https:\/\/redsemlac.com\/semmexico\/wp-json\/wp\/v2\/media?parent=28852"}],"wp:term":[{"taxonomy":"category","embeddable":true,"href":"https:\/\/redsemlac.com\/semmexico\/wp-json\/wp\/v2\/categories?post=28852"},{"taxonomy":"post_tag","embeddable":true,"href":"https:\/\/redsemlac.com\/semmexico\/wp-json\/wp\/v2\/tags?post=28852"}],"curies":[{"name":"wp","href":"https:\/\/api.w.org\/{rel}","templated":true}]}}