{"id":28845,"date":"2020-11-24T20:00:44","date_gmt":"2020-11-24T20:00:44","guid":{"rendered":"https:\/\/redsemlac.com\/semmexico\/?p=28845"},"modified":"2023-07-21T16:39:02","modified_gmt":"2023-07-21T21:39:02","slug":"amlo-ofrece-atender-denuncia-de-la-periodista-soledad-jarquin-edgar","status":"publish","type":"post","link":"https:\/\/redsemlac.com\/semmexico\/amlo-ofrece-atender-denuncia-de-la-periodista-soledad-jarquin-edgar\/","title":{"rendered":"AMLO ofrece atender denuncia de la periodista Soledad Jarqu\u00edn Edgar"},"content":{"rendered":"\n<p class=\"wp-block-paragraph\">*En la ma\u00f1anera la periodista oaxaque\u00f1a relat\u00f3 los obst\u00e1culos que ha enfrentado para encontrar justicia por el asesinato de su hija, la foto periodista Mar\u00eda de Sol Cruz Jarqu\u00edn.&nbsp;<\/p>\n\n\n\n<p class=\"wp-block-paragraph\">Redacci\u00f3n&nbsp;<\/p>\n\n\n\n<p class=\"wp-block-paragraph\">SemM\u00e9xico. Cd. de M\u00e9xico. 24 de noviembre de 2020.- El presidente Andr\u00e9s Manuel L\u00f3pez Obrador ofreci\u00f3 esta ma\u00f1ana durante la conferencia atender la denuncia de la periodista Soledad Jarqu\u00edn Edgar sobre el asesinato de su hija Mar\u00eda del Sol Cruz Jarqu\u00edn ocurrido el 2 de junio de 2018.<\/p>\n\n\n\n<p class=\"wp-block-paragraph\">La periodista Soledad Jarqu\u00edn relat\u00f3 al presidente la cantidad de obst\u00e1culos que ha enfrentado desde entonces para que se haga justicia por el asesinato de su hija que trabajaba en la \u00a0Secretar\u00eda de Asuntos Ind\u00edgenas\u00a0del gobierno de Oaxaca encabezada por Francisco Javier Montero y que fue enviada\u00a0\u00a0a Juchit\u00e1n para apoyar la campa\u00f1a de Hageo Montero bajo amenaza de que si no lo hac\u00eda perder\u00eda su trabajo.\u00a0<\/p>\n\n\n\n<p class=\"wp-block-paragraph\">Despu\u00e9s de estos a\u00f1os, Soledad Jarqu\u00edn Edgar ha acudido a diversas dependencias en busca de justicia pero ha encontrado solo negligencia y burocracia, lo que no ha permitido capturar a los responsables de este asesinato.\u00a0<\/p>\n\n\n\n<p class=\"wp-block-paragraph\">\u201cEran armas de alto calibre, mi hija recibi\u00f3 10 balazos, no qued\u00f3 nada de mi hija. Por eso vengo se\u00f1or presidente a pedirle que nos ayude a m\u00ed y a las madres cuyas hijas han sido v\u00edctimas de feminicidio, vengo a pedirle que ponga un alto al feminicidio\u201d dijo Soledad Jarqu\u00edn en la conferencia matutina.\u00a0<\/p>\n\n\n\n<p class=\"wp-block-paragraph\">El presidente Andr\u00e9s Manuel le ofreci\u00f3 que este mismo d\u00eda se atender\u00eda su denuncia y que la recibir\u00e1 personalmente la Secretaria de Gobernaci\u00f3n Olga S\u00e1nchez Cordero y destac\u00f3 que es importante terminar con el mal trato que reciben las mujeres.\u00a0Dijo que ma\u00f1ana en el marco del D\u00eda Internacional para la Eliminaci\u00f3n de la Violencia contra las Mujeres y la Ni\u00f1as,  S\u00e1nchez Cordero expondr\u00e1 los avances y resultados en la materia. <\/p>\n","protected":false},"excerpt":{"rendered":"<p>*En la ma\u00f1anera la periodista oaxaque\u00f1a relat\u00f3 los obst\u00e1culos que ha enfrentado para encontrar justicia por el asesinato de su hija, la foto periodista Mar\u00eda de Sol Cruz Jarqu\u00edn.&nbsp; Redacci\u00f3n&nbsp; SemM\u00e9xico. Cd. de M\u00e9xico. 24 de noviembre de 2020.- El presidente Andr\u00e9s Manuel L\u00f3pez Obrador ofreci\u00f3 esta ma\u00f1ana durante la conferencia atender la denuncia de [&hellip;]<\/p>\n","protected":false},"author":3,"featured_media":28846,"comment_status":"open","ping_status":"open","sticky":false,"template":"","format":"standard","meta":{"_monsterinsights_skip_tracking":false,"footnotes":""},"categories":[691,51],"tags":[],"class_list":["post-28845","post","type-post","status-publish","format-standard","has-post-thumbnail","category-691","category-ejecutivo"],"_links":{"self":[{"href":"https:\/\/redsemlac.com\/semmexico\/wp-json\/wp\/v2\/posts\/28845","targetHints":{"allow":["GET"]}}],"collection":[{"href":"https:\/\/redsemlac.com\/semmexico\/wp-json\/wp\/v2\/posts"}],"about":[{"href":"https:\/\/redsemlac.com\/semmexico\/wp-json\/wp\/v2\/types\/post"}],"author":[{"embeddable":true,"href":"https:\/\/redsemlac.com\/semmexico\/wp-json\/wp\/v2\/users\/3"}],"replies":[{"embeddable":true,"href":"https:\/\/redsemlac.com\/semmexico\/wp-json\/wp\/v2\/comments?post=28845"}],"version-history":[{"count":0,"href":"https:\/\/redsemlac.com\/semmexico\/wp-json\/wp\/v2\/posts\/28845\/revisions"}],"wp:featuredmedia":[{"embeddable":true,"href":"https:\/\/redsemlac.com\/semmexico\/wp-json\/wp\/v2\/media\/28846"}],"wp:attachment":[{"href":"https:\/\/redsemlac.com\/semmexico\/wp-json\/wp\/v2\/media?parent=28845"}],"wp:term":[{"taxonomy":"category","embeddable":true,"href":"https:\/\/redsemlac.com\/semmexico\/wp-json\/wp\/v2\/categories?post=28845"},{"taxonomy":"post_tag","embeddable":true,"href":"https:\/\/redsemlac.com\/semmexico\/wp-json\/wp\/v2\/tags?post=28845"}],"curies":[{"name":"wp","href":"https:\/\/api.w.org\/{rel}","templated":true}]}}