{"id":28841,"date":"2020-11-24T17:49:13","date_gmt":"2020-11-24T17:49:13","guid":{"rendered":"https:\/\/redsemlac.com\/semmexico\/?p=28841"},"modified":"2023-07-21T16:39:02","modified_gmt":"2023-07-21T21:39:02","slug":"llamado-del-gobierno-a-las-fuerzas-de-seguridad-publica-a-garantizar-la-seguridad-de-las-mujeres","status":"publish","type":"post","link":"https:\/\/redsemlac.com\/semmexico\/llamado-del-gobierno-a-las-fuerzas-de-seguridad-publica-a-garantizar-la-seguridad-de-las-mujeres\/","title":{"rendered":"Llamado del gobierno a las fuerzas de seguridad p\u00fablica a garantizar la seguridad de las mujeres"},"content":{"rendered":"\n<p class=\"wp-block-paragraph\">A la sociedad le piden escuchar las protestas de las mujeres ante la violencia y no dejarse sorprender por infiltraciones que pretenden desacreditar los movimientos feministas.&nbsp;<\/p>\n\n\n\n<p class=\"wp-block-paragraph\">Elda Montiel&nbsp;<\/p>\n\n\n\n<p class=\"wp-block-paragraph\">SemM\u00e9xico. Cd. de M\u00e9xico. 24 de noviembre 2020.- En v\u00edsperas del D\u00eda Internacional de la Eliminaci\u00f3n de la Violencia contra la Mujer y los 16 d\u00edas de activismo, el gobierno de la Cuarta Transformaci\u00f3n hace un llamado a todas las fuerzas de seguridad p\u00fablica \u2013federales, estatales y municipales\u2013 a que en lo cotidiano garanticen la seguridad de las mujeres y las ni\u00f1as, as\u00ed como a brindar la protecci\u00f3n necesaria en cualquier manifestaci\u00f3n por sus derechos.<\/p>\n\n\n\n<p class=\"wp-block-paragraph\">Tambien exhortan a la sociedad a escuchar las protestas de las mujeres y las problem\u00e1ticas que enfrentan en una arraigada cultura machista que prevalece y de la cual se aprovechan otras personas que se infiltran en las manifestaciones para desacreditar y estigmatizar los movimientos feministas y encabezados por mujeres, lo cual coloca fuera de la escena p\u00fablica el problema de la violencia, la discriminaci\u00f3n y las desigualdades que enfrentan.<\/p>\n\n\n\n<p class=\"wp-block-paragraph\">En un comunicado oficial la Secretar\u00eda de Seguridad y Protecci\u00f3n Ciudadana (SSPC), el Instituto Nacional de las Mujeres (Inmujeres) y la Comisi\u00f3n Nacional para Prevenir y Erradicar la Violencia contra las Mujeres (Conavim) reconocen las leg\u00edtimas demandas de las mujeres de vivir libres de violencias y de que se garanticen todos y cada uno de sus derechos, incluido su derecho a la libre manifestaci\u00f3n en condiciones de seguridad.<\/p>\n\n\n\n<p class=\"wp-block-paragraph\">Reconoce como gobierno que no puede haber paz mientras no se garantice la vida, la integridad y la seguridad de las mujeres y las ni\u00f1as, y hacen un llamado a la ciudadan\u00eda para que reflexionen y tomen acci\u00f3n contra este problema que lacera la vida de las mujeres, de las familias, las comunidades y nuestro pa\u00eds.&nbsp;&nbsp;<\/p>\n\n\n\n<p class=\"wp-block-paragraph\">Enfatizan que la intervenci\u00f3n de las fuerzas de seguridad p\u00fablica se realice con el compromiso de cumplir a cabalidad su papel fundamental en la protecci\u00f3n de la vida, la integridad, la libertad y la seguridad de las personas.<\/p>\n\n\n\n<p class=\"wp-block-paragraph\">Luego de se\u00f1alar que el gobierno actual es de transformaciones y bajo ese esp\u00edritu de cambio, por primera vez, nuestro pa\u00eds cuenta con una Ley Nacional del Uso de la Fuerza con enfoque de derechos humanos, que adem\u00e1s incluye la perspectiva de g\u00e9nero.<\/p>\n\n\n\n<p class=\"wp-block-paragraph\">Aseguran que el gobierno actual escucha el llamado urgente de las mujeres y se compromete a garantizar sus derechos humanos.&nbsp;<\/p>\n\n\n\n<p class=\"wp-block-paragraph\">Que se&nbsp;&nbsp;trabaja diariamente para mejorar y fortalecer la coordinaci\u00f3n interinstitucional, con el fin de atender las causas estructurales de las violencias que viven, con el fin de dar las respuestas que nos exigen.<\/p>\n\n\n\n<p class=\"wp-block-paragraph\">Afirman que en el marco del Grupo Intersecretarial de Estrategias contra las Violencias hacia las Mujeres, Ni\u00f1as y Adolescentes (GIEV), encabezado por la Secretar\u00eda de Gobernaci\u00f3n, en pocos meses se ha logrado coordinar la respuesta de instituciones p\u00fablicas federales, estatales, de los municipios y alcald\u00edas de la Ciudad de M\u00e9xico, para contribuir a erradicar las violencias e informar a la sociedad mensualmente, conforme a las instrucciones del presidente Andr\u00e9s Manuel L\u00f3pez Obrador.<\/p>\n","protected":false},"excerpt":{"rendered":"<p>A la sociedad le piden escuchar las protestas de las mujeres ante la violencia y no dejarse sorprender por infiltraciones que pretenden desacreditar los movimientos feministas.&nbsp; Elda Montiel&nbsp; SemM\u00e9xico. Cd. de M\u00e9xico. 24 de noviembre 2020.- En v\u00edsperas del D\u00eda Internacional de la Eliminaci\u00f3n de la Violencia contra la Mujer y los 16 d\u00edas de [&hellip;]<\/p>\n","protected":false},"author":3,"featured_media":28842,"comment_status":"open","ping_status":"open","sticky":false,"template":"","format":"standard","meta":{"_monsterinsights_skip_tracking":false,"footnotes":""},"categories":[691,51],"tags":[],"class_list":["post-28841","post","type-post","status-publish","format-standard","has-post-thumbnail","category-691","category-ejecutivo"],"_links":{"self":[{"href":"https:\/\/redsemlac.com\/semmexico\/wp-json\/wp\/v2\/posts\/28841","targetHints":{"allow":["GET"]}}],"collection":[{"href":"https:\/\/redsemlac.com\/semmexico\/wp-json\/wp\/v2\/posts"}],"about":[{"href":"https:\/\/redsemlac.com\/semmexico\/wp-json\/wp\/v2\/types\/post"}],"author":[{"embeddable":true,"href":"https:\/\/redsemlac.com\/semmexico\/wp-json\/wp\/v2\/users\/3"}],"replies":[{"embeddable":true,"href":"https:\/\/redsemlac.com\/semmexico\/wp-json\/wp\/v2\/comments?post=28841"}],"version-history":[{"count":0,"href":"https:\/\/redsemlac.com\/semmexico\/wp-json\/wp\/v2\/posts\/28841\/revisions"}],"wp:featuredmedia":[{"embeddable":true,"href":"https:\/\/redsemlac.com\/semmexico\/wp-json\/wp\/v2\/media\/28842"}],"wp:attachment":[{"href":"https:\/\/redsemlac.com\/semmexico\/wp-json\/wp\/v2\/media?parent=28841"}],"wp:term":[{"taxonomy":"category","embeddable":true,"href":"https:\/\/redsemlac.com\/semmexico\/wp-json\/wp\/v2\/categories?post=28841"},{"taxonomy":"post_tag","embeddable":true,"href":"https:\/\/redsemlac.com\/semmexico\/wp-json\/wp\/v2\/tags?post=28841"}],"curies":[{"name":"wp","href":"https:\/\/api.w.org\/{rel}","templated":true}]}}