{"id":28836,"date":"2020-11-24T16:25:39","date_gmt":"2020-11-24T16:25:39","guid":{"rendered":"https:\/\/redsemlac.com\/semmexico\/?p=28836"},"modified":"2023-07-21T16:39:03","modified_gmt":"2023-07-21T21:39:03","slug":"acapulco-realizara-jornada-de-activismo-para-eliminar-la-violencia-contra-las-mujeres","status":"publish","type":"post","link":"https:\/\/redsemlac.com\/semmexico\/acapulco-realizara-jornada-de-activismo-para-eliminar-la-violencia-contra-las-mujeres\/","title":{"rendered":"Acapulco realizar\u00e1 jornada de activismo para eliminar la violencia contra las mujeres"},"content":{"rendered":"\n<p class=\"wp-block-paragraph\">Redacci\u00f3n <\/p>\n\n\n\n<p class=\"wp-block-paragraph\">SemM\u00e9xico\/ Ceprovysa. Chilpancingo, Guerrero. Noviembre 24-2020.-&nbsp; La activista y Feminista Marcela Lagarde participar\u00e1 con el tema \u00abAlerta de Violencia de G\u00e9nero y como tratarla desde el \u00e1mbito Municipal\u00bb, en la Jornada 16 D\u00edas de Activismo contra la Violencia de G\u00e9nero del 25 de Noviembre al 10 de Diciembre en Acapulco.<\/p>\n\n\n\n<p class=\"wp-block-paragraph\">La Jornada \u00ab16 D\u00edas contra la Violencia de G\u00e9nero\u00bb incluye informaci\u00f3n sobre los signos de violencia de g\u00e9nero que se han presentado durante la Pandemia por COVID 19, a fin de tomar acciones de prevenci\u00f3n, inform\u00f3 la&nbsp; Directora del Instituto Municipal de la Mujer, Marisol Wences Mina.<\/p>\n\n\n\n<p class=\"wp-block-paragraph\">Entre los temas que abordar\u00e1n en Conferencias Virtuales, est\u00e1n la atenci\u00f3n a la Violencia de G\u00e9nero desde la academia, el activismo y la administraci\u00f3n P\u00fablica.<\/p>\n\n\n\n<p class=\"wp-block-paragraph\">Asimismo presentar\u00e1n al arte, el cine y la escritura como alternativas para expresar emociones.<\/p>\n\n\n\n<p class=\"wp-block-paragraph\">En la presentaci\u00f3n de la Jornada, estuvieron las Regidoras Alva Patricia Batani Giles y Liliana Quijano Buitr\u00f3n. La Secretaria de Desarrollo Social, Milly Janet Ram\u00edrez Olmedo, as\u00ed como la Directora de Salud en el Municipio de Acapulco, Roxana Tapia Carbajal.<\/p>\n","protected":false},"excerpt":{"rendered":"<p>Redacci\u00f3n SemM\u00e9xico\/ Ceprovysa. Chilpancingo, Guerrero. Noviembre 24-2020.-&nbsp; La activista y Feminista Marcela Lagarde participar\u00e1 con el tema \u00abAlerta de Violencia de G\u00e9nero y como tratarla desde el \u00e1mbito Municipal\u00bb, en la Jornada 16 D\u00edas de Activismo contra la Violencia de G\u00e9nero del 25 de Noviembre al 10 de Diciembre en Acapulco. La Jornada \u00ab16 D\u00edas [&hellip;]<\/p>\n","protected":false},"author":3,"featured_media":28838,"comment_status":"open","ping_status":"open","sticky":false,"template":"","format":"standard","meta":{"_monsterinsights_skip_tracking":false,"footnotes":""},"categories":[200,691],"tags":[],"class_list":["post-28836","post","type-post","status-publish","format-standard","has-post-thumbnail","category-16-dias-de-activismo-para-saber","category-691"],"_links":{"self":[{"href":"https:\/\/redsemlac.com\/semmexico\/wp-json\/wp\/v2\/posts\/28836","targetHints":{"allow":["GET"]}}],"collection":[{"href":"https:\/\/redsemlac.com\/semmexico\/wp-json\/wp\/v2\/posts"}],"about":[{"href":"https:\/\/redsemlac.com\/semmexico\/wp-json\/wp\/v2\/types\/post"}],"author":[{"embeddable":true,"href":"https:\/\/redsemlac.com\/semmexico\/wp-json\/wp\/v2\/users\/3"}],"replies":[{"embeddable":true,"href":"https:\/\/redsemlac.com\/semmexico\/wp-json\/wp\/v2\/comments?post=28836"}],"version-history":[{"count":0,"href":"https:\/\/redsemlac.com\/semmexico\/wp-json\/wp\/v2\/posts\/28836\/revisions"}],"wp:featuredmedia":[{"embeddable":true,"href":"https:\/\/redsemlac.com\/semmexico\/wp-json\/wp\/v2\/media\/28838"}],"wp:attachment":[{"href":"https:\/\/redsemlac.com\/semmexico\/wp-json\/wp\/v2\/media?parent=28836"}],"wp:term":[{"taxonomy":"category","embeddable":true,"href":"https:\/\/redsemlac.com\/semmexico\/wp-json\/wp\/v2\/categories?post=28836"},{"taxonomy":"post_tag","embeddable":true,"href":"https:\/\/redsemlac.com\/semmexico\/wp-json\/wp\/v2\/tags?post=28836"}],"curies":[{"name":"wp","href":"https:\/\/api.w.org\/{rel}","templated":true}]}}