{"id":2883,"date":"2018-03-07T20:11:00","date_gmt":"2018-03-07T20:11:00","guid":{"rendered":"https:\/\/redsemlac.com\/semmexico\/?p=2883"},"modified":"2023-07-21T14:30:46","modified_gmt":"2023-07-21T19:30:46","slug":"de-2017-a-la-fecha-18-personas-funcionarias-y-candidatas-asesinadas","status":"publish","type":"post","link":"https:\/\/redsemlac.com\/semmexico\/de-2017-a-la-fecha-18-personas-funcionarias-y-candidatas-asesinadas\/","title":{"rendered":"De 2017 a la fecha, 18 personas funcionarias y candidatas asesinadas"},"content":{"rendered":"\n<p class=\"wp-block-paragraph\">Michelle Bucio<br>\nSemM\u00e9xico, Cd. de M\u00e9xico, 7 marzo 2018.- Difundir el mapa de riesgo para la elecci\u00f3n en Guerrero es una estrategia para inhibir el voto, y muestra que el gobierno estatal no tiene la capacidad de garantizar la seguridad en cinco de siete regiones de la entidad, denunci\u00f3 la candidata al Senado por el Partido de la Revoluci\u00f3n Democr\u00e1tica (PRD), Beatriz Mojica Morga.<\/p>\n\n\n\n<p class=\"wp-block-paragraph\">En conferencia de prensa, realizada este martes en el Instituto Nacional Electoral (INE), la aspirante dijo que la difusi\u00f3n del diagn\u00f3stico parece \u201cuna amenaza velada\u201d por parte del gobernador H\u00e9ctor Astudillo Flores, porque no se presenta una estrategia que garantice la seguridad de las personas que acudan a las urnas. Por ello, dijo que es necesario que este \u00f3rgano electoral intervenga para que se pueda generar una estrategia conjunta. <\/p>\n\n\n\n<p class=\"wp-block-paragraph\">\u201cLo que s\u00ed no quisi\u00e9ramos que pasara, es que solo unos cuantos candidatos pudieran entrar a la regi\u00f3n, unos s\u00ed y otros no, garantizando solamente el tr\u00e1nsito de unos y de otros no. Esa es nuestra mayor preocupaci\u00f3n; cualquier estrategia debe contemplar a todos los partidos y a todas las candidatas\u201d, explic\u00f3 Mojica Morga. <\/p>\n\n\n\n<p class=\"wp-block-paragraph\">Desde 2017 y hasta la fecha, 13 personas funcionarias y candidatas han sido asesinadas en diferentes regiones de Guerrero; en lo que va de 2018, un total de cinco personas han sido ejecutadas, abund\u00f3 la perredista. <\/p>\n\n\n\n<p class=\"wp-block-paragraph\">De acuerdo con el mapa de riesgo electoral, presentado por el gobernador de Guerrero, la delincuencia organizada controla las regiones de Tierra Caliente, la Zona Centro del estado, la Norte, la Monta\u00f1a y Acapulco; mientras que clasifica como zonas blancas y seguras la Costa Grande y la Costa Chica; sin embargo, a decir de la aspirante perredista, tres de los cinco homicidios de candidatas\/os en este a\u00f1o se han registrado en la Costa Grande. <\/p>\n\n\n\n<p class=\"wp-block-paragraph\">Por su parte, el representante del PRD ante el INE, Camerino Eleazar M\u00e1rquez Madrid, advirti\u00f3 que este reconocimiento del gobernador sobre el control de la delincuencia organizada en el estado de Guerrero, solo pone en evidencia un \u201cestado fallido\u201d. <\/p>\n\n\n\n<p class=\"wp-block-paragraph\">\u201cLo que estamos [haciendo] en realidad es reconociendo un estado fallido, un estado de derecho que no existe y territorios en manos de poderes f\u00e1cticos vinculados al crimen organizado, que est\u00e1 pr\u00e1cticamente reconocido en el dicho de Astudillo Flores. Est\u00e1 reconociendo que en gran parte de su territorio donde \u00e9l es gobernador, no impera la ley, porque lo que est\u00e1 diciendo es que no hay libertad de tr\u00e1nsito, no hay libertad de expresi\u00f3n, no hay condiciones democr\u00e1ticas para realizar el proceso electoral en unas condiciones normales\u201d, se\u00f1al\u00f3 el representante. <\/p>\n\n\n\n<p class=\"wp-block-paragraph\">SEM\/mb\/gl<\/p>\n","protected":false},"excerpt":{"rendered":"<p>Michelle Bucio SemM\u00e9xico, Cd. de M\u00e9xico, 7 marzo 2018.- Difundir el mapa de riesgo para la elecci\u00f3n en Guerrero es una estrategia para inhibir el voto, y muestra que el gobierno estatal no tiene la capacidad de garantizar la seguridad en cinco de siete regiones de la entidad, denunci\u00f3 la candidata al Senado por el [&hellip;]<\/p>\n","protected":false},"author":3,"featured_media":2884,"comment_status":"open","ping_status":"open","sticky":false,"template":"","format":"standard","meta":{"_monsterinsights_skip_tracking":false,"footnotes":""},"categories":[689,33],"tags":[],"class_list":["post-2883","post","type-post","status-publish","format-standard","has-post-thumbnail","category-689","category-elecciones-2018"],"_links":{"self":[{"href":"https:\/\/redsemlac.com\/semmexico\/wp-json\/wp\/v2\/posts\/2883","targetHints":{"allow":["GET"]}}],"collection":[{"href":"https:\/\/redsemlac.com\/semmexico\/wp-json\/wp\/v2\/posts"}],"about":[{"href":"https:\/\/redsemlac.com\/semmexico\/wp-json\/wp\/v2\/types\/post"}],"author":[{"embeddable":true,"href":"https:\/\/redsemlac.com\/semmexico\/wp-json\/wp\/v2\/users\/3"}],"replies":[{"embeddable":true,"href":"https:\/\/redsemlac.com\/semmexico\/wp-json\/wp\/v2\/comments?post=2883"}],"version-history":[{"count":0,"href":"https:\/\/redsemlac.com\/semmexico\/wp-json\/wp\/v2\/posts\/2883\/revisions"}],"wp:featuredmedia":[{"embeddable":true,"href":"https:\/\/redsemlac.com\/semmexico\/wp-json\/wp\/v2\/media\/2884"}],"wp:attachment":[{"href":"https:\/\/redsemlac.com\/semmexico\/wp-json\/wp\/v2\/media?parent=2883"}],"wp:term":[{"taxonomy":"category","embeddable":true,"href":"https:\/\/redsemlac.com\/semmexico\/wp-json\/wp\/v2\/categories?post=2883"},{"taxonomy":"post_tag","embeddable":true,"href":"https:\/\/redsemlac.com\/semmexico\/wp-json\/wp\/v2\/tags?post=2883"}],"curies":[{"name":"wp","href":"https:\/\/api.w.org\/{rel}","templated":true}]}}