{"id":28812,"date":"2020-11-23T22:50:58","date_gmt":"2020-11-23T22:50:58","guid":{"rendered":"https:\/\/redsemlac.com\/semmexico\/?p=28812"},"modified":"2023-07-21T16:39:03","modified_gmt":"2023-07-21T21:39:03","slug":"importante-incluir-la-perspectiva-de-genero-en-la-adaptacion-al-cambio-climatico","status":"publish","type":"post","link":"https:\/\/redsemlac.com\/semmexico\/importante-incluir-la-perspectiva-de-genero-en-la-adaptacion-al-cambio-climatico\/","title":{"rendered":"Importante incluir la perspectiva de g\u00e9nero en la adaptaci\u00f3n al cambio clim\u00e1tico"},"content":{"rendered":"\n<ul class=\"wp-block-list\"><li>Firma la GIZ y el BID acuerdo para una recuperaci\u00f3n verde e incluyente<\/li><li>Foro reuni\u00f3 a 40 panelistas, hombres y &nbsp;mujeres<\/li><\/ul>\n\n\n\n<p class=\"wp-block-paragraph\">Atenea Mej\u00eda<\/p>\n\n\n\n<p class=\"wp-block-paragraph\">SemM\u00e9xico. Cd. de M\u00e9xico, 23 noviembre, 2020.- La directora de Conversa Creativa, organizaci\u00f3n civil que se dedica a la investigaci\u00f3n aplicada al financiamiento, Adriana Abard\u00eda Mart\u00ednez explic\u00f3 que para contar con bancos de proyectos sostenibles es importante tomar en cuenta la perspectiva de g\u00e9nero, la adaptaci\u00f3n al cambio clim\u00e1tico, as\u00ed como otros temas sociales.<\/p>\n\n\n\n<p class=\"wp-block-paragraph\">Lo anterior lo explic\u00f3 durante su participaci\u00f3n en el Foro Virtual: Financiamiento para una Recuperaci\u00f3n Verde e Incluyente, organizado por la Cooperaci\u00f3n Alemana de Desarrollo (GIZ por sus siglas en alem\u00e1n), en el que se trataron temas para revertir el cambio clim\u00e1tico.<\/p>\n\n\n\n<p class=\"wp-block-paragraph\">Abard\u00eda Mart\u00ednez particip\u00f3 en el panel E-Learning para la Preparaci\u00f3n de Proyectos de Inversi\u00f3n Exitosa, en el que explic\u00f3 que como Conversa Creativa impulsaron un micrositio web para el aprendizaje en el participaron 674 personas, de las cuales 352 fueron funcionarias &nbsp;de gobiernos municipales, estatales y federales.<\/p>\n\n\n\n<p class=\"wp-block-paragraph\">Adriana fund\u00f3 Conversa Creativa en 2013, con la finalidad de mejorar las condiciones de inversi\u00f3n sustentable p\u00fablica y privada en M\u00e9xico, desde entonces, trabajan para generar herramientas, conocimiento aplicado e interacci\u00f3n entre sectores p\u00fablico, privado y social. El equipo de trabajo de este organismo est\u00e1 conformado por un grupo amplio de mujeres.<\/p>\n\n\n\n<p class=\"wp-block-paragraph\">En el marco de este mismo Foro la GIZ M\u00e9xico y el Banco Interamericano de Desarrollo (BID) firmaron un acuerdo para la impulsar el Laboratorio de Innovaci\u00f3n financiera M\u00e9xico que tiene como objetivo velar por las fianzas sostenibles y atender la agenda de cambio clim\u00e1tico, ah\u00ed la directora residente de la Cooperaci\u00f3n Alemana en este pa\u00eds, afirm\u00f3 que \u201ces urgente que la recuperaci\u00f3n econ\u00f3mica sea verde e incluyente\u201d.<\/p>\n\n\n\n<p class=\"wp-block-paragraph\">Ante esta premisa, en el centro de atenci\u00f3n est\u00e1n los peque\u00f1os negocios y sectores que generan empleos, as\u00ed como la econom\u00eda solidaria, sectores que requieren especialmente nuevos modelos de financiamiento.<\/p>\n\n\n\n<p class=\"wp-block-paragraph\">El objetivo de este acuerdo es unir esfuerzos con las contrapartes mexicanas y apoyar el desarrollo de innovaciones y soluciones sostenibles, \u201cpara hacer realidad un mundo en armon\u00eda con el medio ambiente y con mejores oportunidades para mujeres y hombres de nuestras comunidades\u201d, enfatiz\u00f3 Br\u00f6mmelmeier.<\/p>\n\n\n\n<p class=\"wp-block-paragraph\">Por su parte, Bianca Corona, Asesora T\u00e9cnica de programa Water and Wastewater Companies for Climate Mitigation (WaCCliM) &#8211; GIZ M\u00e9xico, quien particip\u00f3 en el panel GIZ y la Recuperaci\u00f3n Verde (Green Recovery), afirm\u00f3 que el COVID tendr\u00e1 impactos a largo plazo, pone en peligro el logro de la agenda 2030, esta pandemia no s\u00f3lo debe entenderse como una crisis de salud, sino tambi\u00e9n como un s\u00edntoma actual que afecta el planeta mismo.<\/p>\n\n\n\n<p class=\"wp-block-paragraph\">Explic\u00f3 que la GIZ entiende por recuperaci\u00f3n verde aquellas medidas financiadas por el sector p\u00fablico y\/o privado que no s\u00f3lo contribuyen a atender las consecuencias sociales, econ\u00f3micas, ecol\u00f3gicas y pol\u00edticas inmediatas derivadas por la crisis del COVID19, sino que considera reformas estructurales y de cambio transformativo hacia la sostenibilidad, resiliencia, neutralidad clim\u00e1tica a lo largo de la reactivaci\u00f3n econ\u00f3mica y social.<\/p>\n\n\n\n<p class=\"wp-block-paragraph\">Dijo que las medidas prioritarias dentro del sector para lograr grandes impactos y apoyar una recuperaci\u00f3n verde est\u00e1 mejorar la eficiencia energ\u00e9tica en el suministro de agua y el saneamiento, as\u00ed como generar energ\u00eda renovable, apoyar la resiliencia de operaciones y acompa\u00f1ar a las empresas de servicios de agua y saneamiento en su transformaci\u00f3n digital.<\/p>\n\n\n\n<p class=\"wp-block-paragraph\">Por su parte Yuriana Gonz\u00e1lez, Asesora T\u00e9cnica Alianza Mexicana Alemana de Cambio Clim\u00e1tico &#8211; GIZ M\u00e9xico, explic\u00f3 que esta instituci\u00f3n est\u00e1 desarrollando un curso virtual de financiamiento clim\u00e1tico para los municipios del pa\u00eds, cuyo objetivo es crear capacidades en materia de financiamiento clim\u00e1tico municipal para el dise\u00f1o, implementaci\u00f3n y evaluaci\u00f3n de proyectos.<\/p>\n\n\n\n<p class=\"wp-block-paragraph\">El curso ser\u00e1 gratuito, de 8 m\u00f3dulos, durar\u00e1 3 meses, con 3 lecciones semanales y estar\u00e1 listo a partir de abril de 2021 y ser\u00e1 coordinado entre la GIZ y la SEMARNAT.<\/p>\n\n\n\n<p class=\"wp-block-paragraph\">Agreg\u00f3 que la proyecto Alianza Mexicana de Cambio Clim\u00e1tico ha desarrollado una gu\u00eda de financiamiento clim\u00e1tico para las entidades federativas en M\u00e9xico (2018), \u00e9sta es una herramienta para guiar a los gobiernos de los estados en el desarrollo de una arquitectura financiera que coadyuve a la implementaci\u00f3n de su pol\u00edtica.<\/p>\n\n\n\n<p class=\"wp-block-paragraph\">Dijo que est\u00e1 enfocada exclusivamente al financiamiento clim\u00e1tico estatal dando pasos a seguir sobre las alternativas viables en t\u00e9rminos de experiencia, facultades y costos, orientada al desarrollo y ruta de implementaci\u00f3n de dos veh\u00edculos financieros:&nbsp; Anexo transversal en el Presupuesto de Egresos del Estado y Fondos Ambientales o de cambio clim\u00e1tico.<\/p>\n\n\n\n<p class=\"wp-block-paragraph\">El Foro Virtual: Financiamiento para una Recuperaci\u00f3n Verde e Incluyente, se desarroll\u00f3 durante dos d\u00edas, donde hubo 18 paneles con expertas y expertos en financiamiento sostenible, en \u00e9stas mesas participaron 40 personas. Se hizo visible que, en temas ambientales y financiamiento verde, hay un cumulo de expertas.<\/p>\n","protected":false},"excerpt":{"rendered":"<p>Firma la GIZ y el BID acuerdo para una recuperaci\u00f3n verde e incluyente Foro reuni\u00f3 a 40 panelistas, hombres y &nbsp;mujeres Atenea Mej\u00eda SemM\u00e9xico. Cd. de M\u00e9xico, 23 noviembre, 2020.- La directora de Conversa Creativa, organizaci\u00f3n civil que se dedica a la investigaci\u00f3n aplicada al financiamiento, Adriana Abard\u00eda Mart\u00ednez explic\u00f3 que para contar con bancos [&hellip;]<\/p>\n","protected":false},"author":3,"featured_media":28813,"comment_status":"open","ping_status":"open","sticky":false,"template":"","format":"standard","meta":{"_monsterinsights_skip_tracking":false,"footnotes":""},"categories":[691,54],"tags":[],"class_list":["post-28812","post","type-post","status-publish","format-standard","has-post-thumbnail","category-691","category-mujeres"],"_links":{"self":[{"href":"https:\/\/redsemlac.com\/semmexico\/wp-json\/wp\/v2\/posts\/28812","targetHints":{"allow":["GET"]}}],"collection":[{"href":"https:\/\/redsemlac.com\/semmexico\/wp-json\/wp\/v2\/posts"}],"about":[{"href":"https:\/\/redsemlac.com\/semmexico\/wp-json\/wp\/v2\/types\/post"}],"author":[{"embeddable":true,"href":"https:\/\/redsemlac.com\/semmexico\/wp-json\/wp\/v2\/users\/3"}],"replies":[{"embeddable":true,"href":"https:\/\/redsemlac.com\/semmexico\/wp-json\/wp\/v2\/comments?post=28812"}],"version-history":[{"count":0,"href":"https:\/\/redsemlac.com\/semmexico\/wp-json\/wp\/v2\/posts\/28812\/revisions"}],"wp:featuredmedia":[{"embeddable":true,"href":"https:\/\/redsemlac.com\/semmexico\/wp-json\/wp\/v2\/media\/28813"}],"wp:attachment":[{"href":"https:\/\/redsemlac.com\/semmexico\/wp-json\/wp\/v2\/media?parent=28812"}],"wp:term":[{"taxonomy":"category","embeddable":true,"href":"https:\/\/redsemlac.com\/semmexico\/wp-json\/wp\/v2\/categories?post=28812"},{"taxonomy":"post_tag","embeddable":true,"href":"https:\/\/redsemlac.com\/semmexico\/wp-json\/wp\/v2\/tags?post=28812"}],"curies":[{"name":"wp","href":"https:\/\/api.w.org\/{rel}","templated":true}]}}