{"id":28807,"date":"2020-11-23T22:48:06","date_gmt":"2020-11-23T22:48:06","guid":{"rendered":"https:\/\/redsemlac.com\/semmexico\/?p=28807"},"modified":"2023-07-21T16:39:03","modified_gmt":"2023-07-21T21:39:03","slug":"con-guardia-nacional-y-policias-federal-y-estatales-desalojaron-planton-en-defensa-del-agua","status":"publish","type":"post","link":"https:\/\/redsemlac.com\/semmexico\/con-guardia-nacional-y-policias-federal-y-estatales-desalojaron-planton-en-defensa-del-agua\/","title":{"rendered":"Con Guardia Nacional y polic\u00edas federal y estatales desalojaron plant\u00f3n en defensa del agua"},"content":{"rendered":"\n<p class=\"wp-block-paragraph\">Integrantes de los ejidos acudir\u00e1n a la CNDH y a la Corte Interamericana<\/p>\n\n\n\n<p class=\"wp-block-paragraph\">La represi\u00f3n es una traici\u00f3n de AMLO y busc\u00f3 desalojar paraterminar el acueducto&nbsp; para agua a la&nbsp; termoel\u00e9ctrica de Huexca<\/p>\n\n\n\n<p class=\"wp-block-paragraph\">Estrella Pedroza<\/p>\n\n\n\n<p class=\"wp-block-paragraph\">La madrugada de este lunes elementos de la Guardia Nacional y polic\u00edas&nbsp; federales&nbsp; y estatales&nbsp; desalojaron a ejidatarias y ejidatarios&nbsp; del plant\u00f3n de San Pedro Apatlaco, situado a las orillas del R\u00edo Cuautla en el municipio de Ciudad Ayala, para concluir el acueducto que llevar\u00e1 agua a la termoel\u00e9ctrica de Huexca.<\/p>\n\n\n\n<p class=\"wp-block-paragraph\">Con ello el gobierno federal busca poner en marcha la planta de ciclo combinado que producir\u00e1 energ\u00eda, seg\u00fan el Proyecto Integral Morelos (PIM)- que consta de un gasoducto, un acueducto y dos termoel\u00e9ctricas- una en la primera fase- y que cruza los estados de Tlaxcala, Puebla y Morelos.<\/p>\n\n\n\n<p class=\"wp-block-paragraph\">Las y los&nbsp; ejidatarios que montaban guardia en el campamento, instalado a finales de agosto del 2016 en defensa del agua del R\u00edo Cuautla, fueron sorprendidos a las 2:25 de la ma\u00f1ana por 50 patrullas de la Guardia Nacional, de la Polic\u00eda Federal y de la Polic\u00eda&nbsp; Estatal y decenas de elementos.<\/p>\n\n\n\n<p class=\"wp-block-paragraph\">\u201cLlegaron y nos pidieron que sali\u00e9ramos porque iban a desalojar el plant\u00f3n\u201d, narr\u00f3&nbsp; Martha L\u00f3pez Gaspar, quien con su esposo se encontraba montando guardia.<\/p>\n\n\n\n<p class=\"wp-block-paragraph\">Al verse rodeados -porque cerraron las cuatro entradas y salidas a la zona- no opusieron resistencia alguna y empezaron a sacar sus pertenencias.<\/p>\n\n\n\n<p class=\"wp-block-paragraph\">Los elementos de la Guardia Nacional desmontaron las dos zonas del plant\u00f3n \u2013 debido a que a las orillas en ambos lados del r\u00edo se instal\u00f3 un campamento-.<\/p>\n\n\n\n<p class=\"wp-block-paragraph\">Adem\u00e1s, cercaron con l\u00e1minas alrededor del r\u00edo e ingresaron maquinaria para iniciar las obras de conclusi\u00f3n del acueducto.<\/p>\n\n\n\n<p class=\"wp-block-paragraph\">Lo anterior , ocurri\u00f3 a pesar de que est\u00e1n&nbsp; vigentes varios amparos y cuatro de ellos&nbsp; iniciados por quienes protestas y se oponen a esta obra&nbsp; en defensa del agua&nbsp; del municipio de Ciudad Ayala, del estado de Morelos.<\/p>\n\n\n\n<p class=\"wp-block-paragraph\">Los amparos que a\u00fan est\u00e1n vigentes iniciados por los ejidos de Ciudad Ayala son: Valle de Vel\u00e1zquez, Abelardo L. Rodr\u00edguez, Tenextepango y Moyotepec.<\/p>\n\n\n\n<p class=\"wp-block-paragraph\">Por lo que integrantes del Frente de Pueblos en&nbsp; Defensa de la Tierra , el&nbsp; Agua y el Aire&nbsp; Morelos, Tlaxcala y Puebla FPDTAyAMTP denunciaron :<\/p>\n\n\n\n<p class=\"wp-block-paragraph\">\u201cEste desalojo es un acto de arbitrariedad y autoritarismo con&nbsp; el que que est\u00e1 actuando Andr\u00e9s Manuel L\u00f3pez Obrador, a\u00fan habiendo amparos vigentes de los ejidos\u201d, se lee en mensajes que difundieron v\u00eda redes sociales.<\/p>\n\n\n\n<p class=\"wp-block-paragraph\">Mara Franco , ejidataria de Ciudad Ayala,&nbsp; destac\u00f3:<\/p>\n\n\n\n<p class=\"wp-block-paragraph\">&nbsp;\u201cEs lamentable que el presidente despu\u00e9s de que&nbsp; prometi\u00f3 en campa\u00f1a cancelar la termoel\u00e9ctrica , mande a la Guardia Nacional&nbsp; es una traici\u00f3n al pueblo\u201d.<\/p>\n\n\n\n<p class=\"wp-block-paragraph\">En tanto, Juan Carlos Flores, abogado del Frente, destac\u00f3 que dar\u00e1n vista a las autoridades judiciales, sobre la violaciones cometidas a los amparos y particularmente al que marca suspensi\u00f3n&nbsp; provisional.<\/p>\n\n\n\n<p class=\"wp-block-paragraph\">Adem\u00e1s, se solicitar\u00e1 a la Comisi\u00f3n Nacional del Derechos Humanos (CNDH) que se dicten medidas cautelares y protecci\u00f3n para los manifestantes para evitar cualquier represi\u00f3n en su contra.&nbsp;<\/p>\n\n\n\n<p class=\"wp-block-paragraph\">Y se dar\u00e1 vista a la Corte Interamericana de Derechos Humanos (CIDH).<\/p>\n\n\n\n<p class=\"wp-block-paragraph\">Por ahora , los ejidatarios se est\u00e1n convocando para realizar protestas y actos de denuncia sobre la ilegalidad con la que actu\u00f3 el gobierno federal para desalojarlos.<\/p>\n","protected":false},"excerpt":{"rendered":"<p>Integrantes de los ejidos acudir\u00e1n a la CNDH y a la Corte Interamericana La represi\u00f3n es una traici\u00f3n de AMLO y busc\u00f3 desalojar paraterminar el acueducto&nbsp; para agua a la&nbsp; termoel\u00e9ctrica de Huexca Estrella Pedroza La madrugada de este lunes elementos de la Guardia Nacional y polic\u00edas&nbsp; federales&nbsp; y estatales&nbsp; desalojaron a ejidatarias y ejidatarios&nbsp; [&hellip;]<\/p>\n","protected":false},"author":3,"featured_media":28808,"comment_status":"open","ping_status":"open","sticky":false,"template":"","format":"standard","meta":{"_monsterinsights_skip_tracking":false,"footnotes":""},"categories":[691,51],"tags":[],"class_list":["post-28807","post","type-post","status-publish","format-standard","has-post-thumbnail","category-691","category-ejecutivo"],"_links":{"self":[{"href":"https:\/\/redsemlac.com\/semmexico\/wp-json\/wp\/v2\/posts\/28807","targetHints":{"allow":["GET"]}}],"collection":[{"href":"https:\/\/redsemlac.com\/semmexico\/wp-json\/wp\/v2\/posts"}],"about":[{"href":"https:\/\/redsemlac.com\/semmexico\/wp-json\/wp\/v2\/types\/post"}],"author":[{"embeddable":true,"href":"https:\/\/redsemlac.com\/semmexico\/wp-json\/wp\/v2\/users\/3"}],"replies":[{"embeddable":true,"href":"https:\/\/redsemlac.com\/semmexico\/wp-json\/wp\/v2\/comments?post=28807"}],"version-history":[{"count":0,"href":"https:\/\/redsemlac.com\/semmexico\/wp-json\/wp\/v2\/posts\/28807\/revisions"}],"wp:featuredmedia":[{"embeddable":true,"href":"https:\/\/redsemlac.com\/semmexico\/wp-json\/wp\/v2\/media\/28808"}],"wp:attachment":[{"href":"https:\/\/redsemlac.com\/semmexico\/wp-json\/wp\/v2\/media?parent=28807"}],"wp:term":[{"taxonomy":"category","embeddable":true,"href":"https:\/\/redsemlac.com\/semmexico\/wp-json\/wp\/v2\/categories?post=28807"},{"taxonomy":"post_tag","embeddable":true,"href":"https:\/\/redsemlac.com\/semmexico\/wp-json\/wp\/v2\/tags?post=28807"}],"curies":[{"name":"wp","href":"https:\/\/api.w.org\/{rel}","templated":true}]}}