{"id":28771,"date":"2020-11-23T16:19:28","date_gmt":"2020-11-23T16:19:28","guid":{"rendered":"https:\/\/redsemlac.com\/semmexico\/?p=28771"},"modified":"2023-07-21T16:39:04","modified_gmt":"2023-07-21T21:39:04","slug":"foro-internacional-para-denunciar-violencia-paramilitar-contra-mujeres-zapatistas","status":"publish","type":"post","link":"https:\/\/redsemlac.com\/semmexico\/foro-internacional-para-denunciar-violencia-paramilitar-contra-mujeres-zapatistas\/","title":{"rendered":"Foro internacional para denunciar violencia paramilitar contra mujeres zapatistas"},"content":{"rendered":"\n<p class=\"wp-block-paragraph\">Z\u00f3simo Camacho<\/p>\n\n\n\n<p class=\"wp-block-paragraph\">SemM\u00e9xico. Desde un lugar de la Selva Chiapaneca, 23 de noviembre, 2020.-Mujeres de Am\u00e9rica Latina, Europa y Oriente Medio organizan un foro internacional para denunciar la violencia paramilitar que padecen las mujeres zapatistas en M\u00e9xico. El encuentro virtual se llevar\u00e1 cabo el pr\u00f3ximo 25 de noviembre, cuando se conmemora el D\u00eda Internacional para parar&nbsp;&nbsp;la Violencia contra&nbsp;&nbsp;las Mujeres.<\/p>\n\n\n\n<p class=\"wp-block-paragraph\">Esta acci\u00f3n se realiza en el marco de los 16 d\u00edas de acci\u00f3n que inicia el 25 de noviembre y termina el 10 de diciembre. Los ataques paramilitares contra las comunidades zapatistas en Chiapas se han recrudecido en los \u00faltimos 2 meses.<\/p>\n\n\n\n<p class=\"wp-block-paragraph\">A la convocatoria del Centro de Derechos Humanos de la Mujer de Chiapas, Mujeres y la Sexta y Radio Zapote, se sumaron el Centro de Derechos Humanos Fray Bartolom\u00e9 de las Casas, el Movimiento de Mujeres del Kurdist\u00e1n, la Red de Feminismos Descoloniales, la Red Chilena sobre la Violencia cntra las Mujeres y, entre otras organizaciones, 25N de Colombia.<\/p>\n\n\n\n<p class=\"wp-block-paragraph\">Se esperan las presentaciones y&nbsp;&nbsp;ponencias de activistas como Melike Yasar, Rosy Rodr\u00edguez, Sylvia Marcos, M\u00e1rgara Mill\u00e1n, A\u00edda Hern\u00e1ndez, Marisol Culej, In\u00e9s G\u00f3mez Bautista, Savia Bona, Diana Itzu, Denise Caracol, Claudia Torres, Francisca Fern\u00e1ndez Droguett y Adriana Henao.<\/p>\n\n\n\n<p class=\"wp-block-paragraph\">Desde enlacezapatista.org, podr\u00e1n seguirse las transmisiones el pr\u00f3ximo mi\u00e9rcoles a las 16:00 horas de M\u00e9xico; las 17:00 horas de Colombia; las 19:00 horas de Chile, Argentina, Brasil y Uruguay, y las 23:00 horas de Europa.<\/p>\n","protected":false},"excerpt":{"rendered":"<p>Z\u00f3simo Camacho SemM\u00e9xico. Desde un lugar de la Selva Chiapaneca, 23 de noviembre, 2020.-Mujeres de Am\u00e9rica Latina, Europa y Oriente Medio organizan un foro internacional para denunciar la violencia paramilitar que padecen las mujeres zapatistas en M\u00e9xico. El encuentro virtual se llevar\u00e1 cabo el pr\u00f3ximo 25 de noviembre, cuando se conmemora el D\u00eda Internacional para [&hellip;]<\/p>\n","protected":false},"author":3,"featured_media":28772,"comment_status":"open","ping_status":"open","sticky":false,"template":"","format":"standard","meta":{"_monsterinsights_skip_tracking":false,"footnotes":""},"categories":[691,54],"tags":[],"class_list":["post-28771","post","type-post","status-publish","format-standard","has-post-thumbnail","category-691","category-mujeres"],"_links":{"self":[{"href":"https:\/\/redsemlac.com\/semmexico\/wp-json\/wp\/v2\/posts\/28771","targetHints":{"allow":["GET"]}}],"collection":[{"href":"https:\/\/redsemlac.com\/semmexico\/wp-json\/wp\/v2\/posts"}],"about":[{"href":"https:\/\/redsemlac.com\/semmexico\/wp-json\/wp\/v2\/types\/post"}],"author":[{"embeddable":true,"href":"https:\/\/redsemlac.com\/semmexico\/wp-json\/wp\/v2\/users\/3"}],"replies":[{"embeddable":true,"href":"https:\/\/redsemlac.com\/semmexico\/wp-json\/wp\/v2\/comments?post=28771"}],"version-history":[{"count":0,"href":"https:\/\/redsemlac.com\/semmexico\/wp-json\/wp\/v2\/posts\/28771\/revisions"}],"wp:featuredmedia":[{"embeddable":true,"href":"https:\/\/redsemlac.com\/semmexico\/wp-json\/wp\/v2\/media\/28772"}],"wp:attachment":[{"href":"https:\/\/redsemlac.com\/semmexico\/wp-json\/wp\/v2\/media?parent=28771"}],"wp:term":[{"taxonomy":"category","embeddable":true,"href":"https:\/\/redsemlac.com\/semmexico\/wp-json\/wp\/v2\/categories?post=28771"},{"taxonomy":"post_tag","embeddable":true,"href":"https:\/\/redsemlac.com\/semmexico\/wp-json\/wp\/v2\/tags?post=28771"}],"curies":[{"name":"wp","href":"https:\/\/api.w.org\/{rel}","templated":true}]}}