{"id":28768,"date":"2020-11-23T16:17:05","date_gmt":"2020-11-23T16:17:05","guid":{"rendered":"https:\/\/redsemlac.com\/semmexico\/?p=28768"},"modified":"2023-07-21T16:38:21","modified_gmt":"2023-07-21T21:38:21","slug":"insta-el-congreso-de-oaxaca-a-la-fiscali-investigue-y-busque-a-desaparecidas","status":"publish","type":"post","link":"https:\/\/redsemlac.com\/semmexico\/insta-el-congreso-de-oaxaca-a-la-fiscali-investigue-y-busque-a-desaparecidas\/","title":{"rendered":"Insta el Congreso de Oaxaca a la fiscal\u00eda investigue y busque a desaparecidas"},"content":{"rendered":"\n<p class=\"wp-block-paragraph\">Registro e investigaci\u00f3n civil se\u00f1ala que de 940 son 536 ni\u00f1as y adolescentes<\/p>\n\n\n\n<p class=\"wp-block-paragraph\">Urge a que informe, como es su deber, sobre la desaparici\u00f3n de 8 ni\u00f1as de entre 12 y 16 a\u00f1os<\/p>\n\n\n\n<p class=\"wp-block-paragraph\">Pide m\u00e9todos y protocolos con perspectiva de g\u00e9nero en la b\u00fasqueda<\/p>\n\n\n\n<p class=\"wp-block-paragraph\">Patricia Brise\u00f1o<\/p>\n\n\n\n<p class=\"wp-block-paragraph\">SemM\u00e9xico, OAXACA, Oax., 23 de noviembre 2020.- El Congreso de Oaxaca advirti\u00f3 el incremento de desapariciones de mujeres en la entidad, \u201csin que ninguna autoridad\u201d haga nada para frenar esta problem\u00e1tica.<\/p>\n\n\n\n<p class=\"wp-block-paragraph\">De acuerdo con el Poder Legislativo estatal desde el 2016 a la fecha, han desaparecido unas 940 mujeres de las cuales 536 son ni\u00f1as y adolescentes.<\/p>\n\n\n\n<p class=\"wp-block-paragraph\">Roc\u00edo Machuca Rojas, diputada e integrante de la Comisi\u00f3n de G\u00e9nero, expuso que, ante las repetidas denuncias sobre desapariciones hechas por las&nbsp;&nbsp;organizaciones civiles, fundadas&nbsp;&nbsp;en sus registros e investigaciones,&nbsp;&nbsp;el 57 por ciento de mujeres desaparecidas, de diciembre del 2016 a octubre del presente a\u00f1o, son ni\u00f1as y adolescentes, es decir, 536 .&nbsp;<\/p>\n\n\n\n<p class=\"wp-block-paragraph\">Tambi\u00e9n advirti\u00f3 que esas estad\u00edsticas se\u00f1alan que el 89 por ciento, es decir 477 casos, tienen entre 11 y 17 a\u00f1os de edad. \u00abS\u00f3lo en octubre pasado se contabiliz\u00f3 en la entidad, la desaparici\u00f3n de 20 mujeres\u201d.<\/p>\n\n\n\n<p class=\"wp-block-paragraph\">En este sentido, el Poder Legislativo oaxaque\u00f1o urgi\u00f3 a la Fiscal\u00eda General del estado de Oaxaca iniciar de manera diligente, exhaustiva y con perspectiva de g\u00e9nero las acciones de investigaci\u00f3n y b\u00fasqueda de todas las mujeres desaparecidas en la entidad.&nbsp;<\/p>\n\n\n\n<p class=\"wp-block-paragraph\">La propuesta de exhorto requiere al organismo aut\u00f3nomo informes detallados respecto al estado que guardan las investigaciones sobre la desaparici\u00f3n de Frida Pereira Ramos de 14 a\u00f1os; Paulina Karime Hurtado Echeverr\u00eda de 16 a\u00f1os; Jennifer Guadalupe Alonso Guti\u00e9rrez de 14 a\u00f1os; Dulce Virgen Jijada Solano de 24 a\u00f1os; Blanca Lizeth Mateos Santiago de 15 a\u00f1os; Valeria Guadalupe Ju\u00e1rez Rodr\u00edguez de 12 a\u00f1os; Zaira Leticia Morales Loyola de 29 a\u00f1os; e Ingrid Patricia P\u00e9rez Hern\u00e1ndez de 16 a\u00f1os.<\/p>\n\n\n\n<p class=\"wp-block-paragraph\">Los grupos parlamentarios debatieron en sesi\u00f3n ordinaria sobre \u201cla necesidad de que las autoridades competentes prioricen acciones y protocolos para otorgar justicia a las v\u00edctimas de este delito y sus familiares\u00bb. Diputadas y diputados coincidieron en la urgencia de poner un alto a este delito.<\/p>\n\n\n\n<p class=\"wp-block-paragraph\">DATO:<\/p>\n\n\n\n<p class=\"wp-block-paragraph\">La desaparici\u00f3n y no localizaci\u00f3n de ocho mil menores de edad en los \u00faltimos 14 a\u00f1os podr\u00eda estar ligada, en gran medida, a la delincuencia organizada, denunci\u00f3 en fecha reciente, Juan Mart\u00edn P\u00e9rez, director ejecutivo de la Red por los Derechos de la Infancia. (Redim).<\/p>\n\n\n\n<p class=\"wp-block-paragraph\">De 2006 hasta el 13 de noviembre de 2020, la Comisi\u00f3n de B\u00fasqueda de la Secretar\u00eda de Gobernaci\u00f3n registr\u00f3 10 mil 690 menores de 0 a 17 a\u00f1os en calidad de desaparecidos y no localizados.<\/p>\n","protected":false},"excerpt":{"rendered":"<p>Registro e investigaci\u00f3n civil se\u00f1ala que de 940 son 536 ni\u00f1as y adolescentes Urge a que informe, como es su deber, sobre la desaparici\u00f3n de 8 ni\u00f1as de entre 12 y 16 a\u00f1os Pide m\u00e9todos y protocolos con perspectiva de g\u00e9nero en la b\u00fasqueda Patricia Brise\u00f1o SemM\u00e9xico, OAXACA, Oax., 23 de noviembre 2020.- El Congreso [&hellip;]<\/p>\n","protected":false},"author":3,"featured_media":28769,"comment_status":"open","ping_status":"open","sticky":false,"template":"","format":"standard","meta":{"_monsterinsights_skip_tracking":false,"footnotes":""},"categories":[691,50],"tags":[],"class_list":["post-28768","post","type-post","status-publish","format-standard","has-post-thumbnail","category-691","category-congreso"],"_links":{"self":[{"href":"https:\/\/redsemlac.com\/semmexico\/wp-json\/wp\/v2\/posts\/28768","targetHints":{"allow":["GET"]}}],"collection":[{"href":"https:\/\/redsemlac.com\/semmexico\/wp-json\/wp\/v2\/posts"}],"about":[{"href":"https:\/\/redsemlac.com\/semmexico\/wp-json\/wp\/v2\/types\/post"}],"author":[{"embeddable":true,"href":"https:\/\/redsemlac.com\/semmexico\/wp-json\/wp\/v2\/users\/3"}],"replies":[{"embeddable":true,"href":"https:\/\/redsemlac.com\/semmexico\/wp-json\/wp\/v2\/comments?post=28768"}],"version-history":[{"count":0,"href":"https:\/\/redsemlac.com\/semmexico\/wp-json\/wp\/v2\/posts\/28768\/revisions"}],"wp:featuredmedia":[{"embeddable":true,"href":"https:\/\/redsemlac.com\/semmexico\/wp-json\/wp\/v2\/media\/28769"}],"wp:attachment":[{"href":"https:\/\/redsemlac.com\/semmexico\/wp-json\/wp\/v2\/media?parent=28768"}],"wp:term":[{"taxonomy":"category","embeddable":true,"href":"https:\/\/redsemlac.com\/semmexico\/wp-json\/wp\/v2\/categories?post=28768"},{"taxonomy":"post_tag","embeddable":true,"href":"https:\/\/redsemlac.com\/semmexico\/wp-json\/wp\/v2\/tags?post=28768"}],"curies":[{"name":"wp","href":"https:\/\/api.w.org\/{rel}","templated":true}]}}