{"id":28765,"date":"2020-11-23T16:11:03","date_gmt":"2020-11-23T16:11:03","guid":{"rendered":"https:\/\/redsemlac.com\/semmexico\/?p=28765"},"modified":"2023-07-21T16:38:21","modified_gmt":"2023-07-21T21:38:21","slug":"polonia-gas-pimienta-contra-las-mujeres-que-rechazan-las-limitaciones-en-el-acceso-al-aborto","status":"publish","type":"post","link":"https:\/\/redsemlac.com\/semmexico\/polonia-gas-pimienta-contra-las-mujeres-que-rechazan-las-limitaciones-en-el-acceso-al-aborto\/","title":{"rendered":"Polonia: gas pimienta contra las mujeres que rechazan las limitaciones en el acceso al aborto"},"content":{"rendered":"\n<p class=\"wp-block-paragraph\"><strong>Draginja Nadazdin<\/strong>, directora de Amnist\u00eda Internacional Polonia, pide&nbsp;&nbsp;a la polic\u00eda ponga fin al uso excesivo de la fuerza&nbsp;<\/p>\n\n\n\n<p class=\"wp-block-paragraph\">Est\u00e1 coartando la libre manifestaci\u00f3n y la libre expresi\u00f3n<\/p>\n\n\n\n<p class=\"wp-block-paragraph\">SemM\u00e9xico\/ Periodistas en Espa\u00f1ol, 23 de noviembre, 2020.- Amnist\u00eda Internacional informa de que las autoridades polacas est\u00e1n usando&nbsp;&nbsp;una serie de duras medidas para reprimir las protestas pac\u00edficas contra la sentencia del Tribunal Constitucional que limita gravemente el acceso al aborto en Polonia.<\/p>\n\n\n\n<p class=\"wp-block-paragraph\">Amnist\u00eda document\u00f3 el uso excesivo de la fuerza por parte de las autoridades, que incluye el uso de pulverizadores de pimienta, la criminalizaci\u00f3n de quienes se manifiestan pac\u00edficamente y la incitaci\u00f3n a la violencia, por parte de las autoridades, contra las personas que protestan.<\/p>\n\n\n\n<p class=\"wp-block-paragraph\">Como s\u00edntoma de la escalada, el mi\u00e9rcoles 18 de noviembre 2020, mientras las personas que participaban en la Huelga de las Mujeres se congregaban pac\u00edficamente frente al edificio de la televisi\u00f3n p\u00fablica en Varsovia, la polic\u00eda las acorral\u00f3 junto con periodistas que cubr\u00edan el evento y us\u00f3 pulverizadores de pimienta.<\/p>\n\n\n\n<p class=\"wp-block-paragraph\">\u00abAnte una prohibici\u00f3n casi total del aborto, la ciudadan\u00eda de Polonia se ha movilizado de forma impresionante. Sin embargo, no satisfechas con violar sus derechos reproductivos, las autoridades han aprovechado esta oportunidad para reprimir tambi\u00e9n su derecho a protestar pac\u00edficamente\u00bb, sostiene&nbsp;<strong>Nils Mui\u017enieks<\/strong>, director de Amnist\u00eda Internacional para Europa.<\/p>\n\n\n\n<p class=\"wp-block-paragraph\">A\u00f1ade que \u00abmujeres de todas las edades, desde ni\u00f1as hasta abuelas, se han unido a unas protestas en su abrumadora mayor\u00eda pac\u00edficas para reclamar sus derechos, por tanto, nos horroriza el uso excesivo de la fuerza por la polic\u00eda, las cargas desproporcionadas contra quienes protestan y los discursos de las autoridades que podr\u00edan animar a que se cometan m\u00e1s actos de violencia contra estas personas\u00bb.<\/p>\n\n\n\n<p class=\"wp-block-paragraph\"><strong>Draginja Nadazdin<\/strong>, directora de Amnist\u00eda Internacional Polonia, se ha dirigido a las autoridades polacas para que \u00abpongan fin al uso excesivo de la fuerza por la polic\u00eda y que retiren los desproporcionados cargos penales formulados contra personas que protestaban pac\u00edficamente. El derecho a la libertad de reuni\u00f3n pac\u00edfica ha de ser protegido y se ha de poner fin al ataque contra los derechos sexuales y reproductivos\u00bb.<\/p>\n","protected":false},"excerpt":{"rendered":"<p>Draginja Nadazdin, directora de Amnist\u00eda Internacional Polonia, pide&nbsp;&nbsp;a la polic\u00eda ponga fin al uso excesivo de la fuerza&nbsp; Est\u00e1 coartando la libre manifestaci\u00f3n y la libre expresi\u00f3n SemM\u00e9xico\/ Periodistas en Espa\u00f1ol, 23 de noviembre, 2020.- Amnist\u00eda Internacional informa de que las autoridades polacas est\u00e1n usando&nbsp;&nbsp;una serie de duras medidas para reprimir las protestas pac\u00edficas contra [&hellip;]<\/p>\n","protected":false},"author":3,"featured_media":28766,"comment_status":"open","ping_status":"open","sticky":false,"template":"","format":"standard","meta":{"_monsterinsights_skip_tracking":false,"footnotes":""},"categories":[691,53],"tags":[],"class_list":["post-28765","post","type-post","status-publish","format-standard","has-post-thumbnail","category-691","category-internacional"],"_links":{"self":[{"href":"https:\/\/redsemlac.com\/semmexico\/wp-json\/wp\/v2\/posts\/28765","targetHints":{"allow":["GET"]}}],"collection":[{"href":"https:\/\/redsemlac.com\/semmexico\/wp-json\/wp\/v2\/posts"}],"about":[{"href":"https:\/\/redsemlac.com\/semmexico\/wp-json\/wp\/v2\/types\/post"}],"author":[{"embeddable":true,"href":"https:\/\/redsemlac.com\/semmexico\/wp-json\/wp\/v2\/users\/3"}],"replies":[{"embeddable":true,"href":"https:\/\/redsemlac.com\/semmexico\/wp-json\/wp\/v2\/comments?post=28765"}],"version-history":[{"count":0,"href":"https:\/\/redsemlac.com\/semmexico\/wp-json\/wp\/v2\/posts\/28765\/revisions"}],"wp:featuredmedia":[{"embeddable":true,"href":"https:\/\/redsemlac.com\/semmexico\/wp-json\/wp\/v2\/media\/28766"}],"wp:attachment":[{"href":"https:\/\/redsemlac.com\/semmexico\/wp-json\/wp\/v2\/media?parent=28765"}],"wp:term":[{"taxonomy":"category","embeddable":true,"href":"https:\/\/redsemlac.com\/semmexico\/wp-json\/wp\/v2\/categories?post=28765"},{"taxonomy":"post_tag","embeddable":true,"href":"https:\/\/redsemlac.com\/semmexico\/wp-json\/wp\/v2\/tags?post=28765"}],"curies":[{"name":"wp","href":"https:\/\/api.w.org\/{rel}","templated":true}]}}