{"id":2876,"date":"2018-03-09T07:03:51","date_gmt":"2018-03-09T07:03:51","guid":{"rendered":"https:\/\/redsemlac.com\/semmexico\/?p=2876"},"modified":"2023-07-21T14:30:46","modified_gmt":"2023-07-21T19:30:46","slug":"garantizar-derechos-politicos-de-las-mujeres-tarea-del-observatorio","status":"publish","type":"post","link":"https:\/\/redsemlac.com\/semmexico\/garantizar-derechos-politicos-de-las-mujeres-tarea-del-observatorio\/","title":{"rendered":"Garantizar derechos pol\u00edticos de las mujeres, tarea del Observatorio"},"content":{"rendered":"\n<p class=\"wp-block-paragraph\"><a href=\"https:\/\/www.semmexico.com\/gallery-post.php?id=4235#\">Magaly Rodriguez<\/a><\/p>\n\n\n\n<p class=\"wp-block-paragraph\">SemM\u00e9xico, Chilpancingo, Gro., 9 marzo 2018.- El Instituto Electoral y Participaci\u00f3n Ciudadana (IEPC) del Estado de Guerrero vigilar\u00e1 que la paridad de g\u00e9nero en las candidaturas se cumpla, sostuvo el presidente de dicho \u00f3rgano, Jos\u00e9 Nazar\u00edn Vargas Armenta, tras rendir protesta como parte de Direcci\u00f3n Ejecutiva del Observatorio de Participaci\u00f3n Pol\u00edtica de las Mujeres Guerrerenses.<br><br>En el marco del D\u00eda Internacional de la Mujer, El gobernador del estado, H\u00e9ctor Astudillo Flores, tom\u00f3 la protesta a Jos\u00e9 Nazart\u00edn Vargas Armenta, Consejero Presidente del IEPC, Ren\u00e9 Patr\u00f3n Mu\u00f1oz, magistrado presidente del Tribunal Electoral del Estado (TEE), y a Mayra Gloribel Mart\u00ednez Pineda, titular de la Secretar\u00eda de la Mujer (Semujer), como parte de la directiva del observatorio.<br><br>En el acto efectuado este jueves, el presidente del IEPC explic\u00f3 que el prop\u00f3sito de este convenio es consolidar la paridad de g\u00e9nero, como una forma de fortalecer los derechos pol\u00edticos de las mujeres, en un esfuerzo necesario para seguir garantizando adem\u00e1s que su participaci\u00f3n sea en los mismos t\u00e9rminos de respeto que de los varones.<br><br>Clarific\u00f3 que el tema no es favorecer a alguno de los dos g\u00e9neros sino un esfuerzo por garantizar el respeto de la paridad de g\u00e9nero. Vargas Armenta recalc\u00f3 que, con este observatorio, estar\u00e1n pendientes de que el tema de las mujeres no sea solamente declarativo, sino generar estructuras que propicien el pleno respeto a la paridad de g\u00e9nero.<br><br>\u201cEn el caso concreto de lo que nos corresponde como \u00f3rgano electoral: estar pendientes del caso particular del que ya pronto habremos de arribar al proceso de los registros de las candidaturas, pues que se respete la paridad de g\u00e9nero, y el tema nuestro ser\u00e1 vigilar que se cumpla con la paridad el g\u00e9nero en el registro de candidatos\u201d, reiter\u00f3 el presidente del IEPC.<br><br>SEM\/mr\/gl<br><\/p>\n","protected":false},"excerpt":{"rendered":"<p>Magaly Rodriguez SemM\u00e9xico, Chilpancingo, Gro., 9 marzo 2018.- El Instituto Electoral y Participaci\u00f3n Ciudadana (IEPC) del Estado de Guerrero vigilar\u00e1 que la paridad de g\u00e9nero en las candidaturas se cumpla, sostuvo el presidente de dicho \u00f3rgano, Jos\u00e9 Nazar\u00edn Vargas Armenta, tras rendir protesta como parte de Direcci\u00f3n Ejecutiva del Observatorio de Participaci\u00f3n Pol\u00edtica de las [&hellip;]<\/p>\n","protected":false},"author":3,"featured_media":2877,"comment_status":"open","ping_status":"open","sticky":false,"template":"","format":"standard","meta":{"_monsterinsights_skip_tracking":false,"footnotes":""},"categories":[689,33],"tags":[],"class_list":["post-2876","post","type-post","status-publish","format-standard","has-post-thumbnail","category-689","category-elecciones-2018"],"_links":{"self":[{"href":"https:\/\/redsemlac.com\/semmexico\/wp-json\/wp\/v2\/posts\/2876","targetHints":{"allow":["GET"]}}],"collection":[{"href":"https:\/\/redsemlac.com\/semmexico\/wp-json\/wp\/v2\/posts"}],"about":[{"href":"https:\/\/redsemlac.com\/semmexico\/wp-json\/wp\/v2\/types\/post"}],"author":[{"embeddable":true,"href":"https:\/\/redsemlac.com\/semmexico\/wp-json\/wp\/v2\/users\/3"}],"replies":[{"embeddable":true,"href":"https:\/\/redsemlac.com\/semmexico\/wp-json\/wp\/v2\/comments?post=2876"}],"version-history":[{"count":0,"href":"https:\/\/redsemlac.com\/semmexico\/wp-json\/wp\/v2\/posts\/2876\/revisions"}],"wp:featuredmedia":[{"embeddable":true,"href":"https:\/\/redsemlac.com\/semmexico\/wp-json\/wp\/v2\/media\/2877"}],"wp:attachment":[{"href":"https:\/\/redsemlac.com\/semmexico\/wp-json\/wp\/v2\/media?parent=2876"}],"wp:term":[{"taxonomy":"category","embeddable":true,"href":"https:\/\/redsemlac.com\/semmexico\/wp-json\/wp\/v2\/categories?post=2876"},{"taxonomy":"post_tag","embeddable":true,"href":"https:\/\/redsemlac.com\/semmexico\/wp-json\/wp\/v2\/tags?post=2876"}],"curies":[{"name":"wp","href":"https:\/\/api.w.org\/{rel}","templated":true}]}}