{"id":2863,"date":"2018-03-12T06:55:42","date_gmt":"2018-03-12T06:55:42","guid":{"rendered":"https:\/\/redsemlac.com\/semmexico\/?p=2863"},"modified":"2023-07-21T14:30:46","modified_gmt":"2023-07-21T19:30:46","slug":"y-la-adopcion-por-parte-de-un-padre-y-una-madre","status":"publish","type":"post","link":"https:\/\/redsemlac.com\/semmexico\/y-la-adopcion-por-parte-de-un-padre-y-una-madre\/","title":{"rendered":"Y la adopci\u00f3n por parte de un padre y una madre"},"content":{"rendered":"\n<p class=\"wp-block-paragraph\"><a href=\"https:\/\/www.semmexico.com\/gallery-post.php?id=4259#\">Michelle Bucio<\/a><\/p>\n\n\n\n<p class=\"wp-block-paragraph\">SemM\u00e9xico, Cd. de M\u00e9xico, 12 marzo 2018.- Mikel Arriola Pe\u00f1alosa registr\u00f3 oficialmente ante el Instituto Electoral de la Ciudad de M\u00e9xico (IECM) su candidatura al gobierno de la Ciudad de M\u00e9xico, y ante militantes del Partido Revolucionario Institucional (PRI) ofreci\u00f3 \u201cdefender a capa y espada\u201d la instituci\u00f3n familiar, la vida desde el primer momento de la concepci\u00f3n y \u201crecuperar el orden de la ciudad a trav\u00e9s de la familia y los valores\u201d.<br><br>Luego de hacer oficial el registro, el exdirector del Instituto Mexicano del Seguro Social (IMSS) dedic\u00f3 parte de su discurso a anunciar que de obtener el cargo, la mano firme contra la inseguridad ser\u00e1 prioridad desde el primer d\u00eda de su mandato.&nbsp;<br><br>Asimismo, extern\u00f3 su deseo para que la Ciudad de M\u00e9xico est\u00e9 libre de violencia y acoso, y para ello ofreci\u00f3 crear una procuradur\u00eda de la mujer, que ser\u00e1 un \u00f3rgano especializado que se encargue de resolver y dictar sentencias en contra de los agresores de las mujeres.&nbsp;<br><br>Arriola Pe\u00f1alosa arremeti\u00f3 contra Miguel \u00c1ngel Mancera Espinosa, actual jefe de Gobierno, a quien le exigi\u00f3 reconocer la existencia de los delitos de g\u00e9nero.&nbsp;<br><br>Adem\u00e1s, dijo que buscar\u00e1 la implementaci\u00f3n de un Operativo Rosa que garantice la seguridad de las mujeres en el transporte p\u00fablico, \u201cpara que ser mujer no sea motivo de riesgo ni de vulnerabilidad\u201d sino que sea sin\u00f3nimo de equidad, respeto y justicia.&nbsp;<br><br>Tal y como lo hizo en el evento en que el PRI le fue otorgada la candidatura, retom\u00f3 el tema de los valores familiares y asegur\u00f3 que \u201cla forma de recuperar el orden en la Ciudad de M\u00e9xico es a trav\u00e9s de la familia y de los valores que se han perdido por culpa del menosprecio de izquierda. Esto nos ha llevado a una profunda crisis social y moral\u201d.&nbsp;<br><br>Agreg\u00f3 que \u201cEs hora de que se dise\u00f1en y promuevan acciones puntuales que beneficien a la familia y que brinden estabilidad y seguridad. Si la fortalecemos, esto se reflejar\u00e1 en nuestra ciudad\u201d.<br><br>Apunt\u00f3 que el 97.6% de los mexicanos considera a la familia como el tema m\u00e1s importante, por encima de otros temas de inter\u00e9s social y asegur\u00f3 que a los gobiernos de izquierda que han gobernado a la Ciudad de M\u00e9xico, \u201cno les ha importado pasar por encima de lo que m\u00e1s se valora\u201d.<br><br>Mikel Arriola agreg\u00f3 que \u201cLos valores no son un tema del pasado, de anticuados. Los valores y principios es lo que rige la dignidad y respeto humano\u201d y asegur\u00f3 que estos son un pilar importante en la sociedad que ayudan a tener ciudadanos responsables, solidarios y con sentido de responsabilidad social y estos valores se inculcan desde la familia.&nbsp;<br><br>Sentenci\u00f3 que buscar\u00e1 que la capital del pa\u00eds sea la ciudad de los valores y la familia. \u201cPor eso, hoy refrendo mi compromiso, como ciudadano, con las familias capitalinas. \u00a1Hay que defender a capa y espada la instituci\u00f3n familiar! De ella depende el fortalecimiento de nuestro tejido social\u201d.&nbsp;<br><br>Habl\u00f3 adem\u00e1s de proteger la vida desde el primer momento de la concepci\u00f3n y de su deseo de fortalecer y promover la figura del matrimonio que da certeza y seguridad a la familia.&nbsp;<br><br>\u201cDebemos privilegiar y defender el bienestar de los ni\u00f1os capitalinos bajo una adopci\u00f3n integrada de un padre y una madre para un desarrollo pleno. Que quede claro: \u00a1No es un derecho de nadie adoptar a un ni\u00f1o, sino es derecho del ni\u00f1o ser adoptado y protegido por una familia!\u201d, concluy\u00f3 el candidato del PRI.&nbsp;<br><br>SEM\/mb\/gl<\/p>\n","protected":false},"excerpt":{"rendered":"<p>Michelle Bucio SemM\u00e9xico, Cd. de M\u00e9xico, 12 marzo 2018.- Mikel Arriola Pe\u00f1alosa registr\u00f3 oficialmente ante el Instituto Electoral de la Ciudad de M\u00e9xico (IECM) su candidatura al gobierno de la Ciudad de M\u00e9xico, y ante militantes del Partido Revolucionario Institucional (PRI) ofreci\u00f3 \u201cdefender a capa y espada\u201d la instituci\u00f3n familiar, la vida desde el primer [&hellip;]<\/p>\n","protected":false},"author":3,"featured_media":2865,"comment_status":"open","ping_status":"open","sticky":false,"template":"","format":"standard","meta":{"_monsterinsights_skip_tracking":false,"footnotes":""},"categories":[689,33],"tags":[],"class_list":["post-2863","post","type-post","status-publish","format-standard","has-post-thumbnail","category-689","category-elecciones-2018"],"_links":{"self":[{"href":"https:\/\/redsemlac.com\/semmexico\/wp-json\/wp\/v2\/posts\/2863","targetHints":{"allow":["GET"]}}],"collection":[{"href":"https:\/\/redsemlac.com\/semmexico\/wp-json\/wp\/v2\/posts"}],"about":[{"href":"https:\/\/redsemlac.com\/semmexico\/wp-json\/wp\/v2\/types\/post"}],"author":[{"embeddable":true,"href":"https:\/\/redsemlac.com\/semmexico\/wp-json\/wp\/v2\/users\/3"}],"replies":[{"embeddable":true,"href":"https:\/\/redsemlac.com\/semmexico\/wp-json\/wp\/v2\/comments?post=2863"}],"version-history":[{"count":0,"href":"https:\/\/redsemlac.com\/semmexico\/wp-json\/wp\/v2\/posts\/2863\/revisions"}],"wp:featuredmedia":[{"embeddable":true,"href":"https:\/\/redsemlac.com\/semmexico\/wp-json\/wp\/v2\/media\/2865"}],"wp:attachment":[{"href":"https:\/\/redsemlac.com\/semmexico\/wp-json\/wp\/v2\/media?parent=2863"}],"wp:term":[{"taxonomy":"category","embeddable":true,"href":"https:\/\/redsemlac.com\/semmexico\/wp-json\/wp\/v2\/categories?post=2863"},{"taxonomy":"post_tag","embeddable":true,"href":"https:\/\/redsemlac.com\/semmexico\/wp-json\/wp\/v2\/tags?post=2863"}],"curies":[{"name":"wp","href":"https:\/\/api.w.org\/{rel}","templated":true}]}}