{"id":28600,"date":"2020-11-17T20:50:12","date_gmt":"2020-11-17T20:50:12","guid":{"rendered":"https:\/\/redsemlac.com\/semmexico\/?p=28600"},"modified":"2023-07-21T16:38:26","modified_gmt":"2023-07-21T21:38:26","slug":"mas-de-3-mil-500-mujeres-han-sido-asesinadas-desde-que-comenzo-la-pandemia-diputada-villavicencio-ayala","status":"publish","type":"post","link":"https:\/\/redsemlac.com\/semmexico\/mas-de-3-mil-500-mujeres-han-sido-asesinadas-desde-que-comenzo-la-pandemia-diputada-villavicencio-ayala\/","title":{"rendered":"M\u00e1s de 3 mil 500 mujeres han sido asesinadas desde que comenz\u00f3 la pandemia: diputada Villavicencio Ayala"},"content":{"rendered":"\n<ul class=\"wp-block-list\"><li><strong>Hay un promedio de 11 feminicidios al d\u00eda, pero lo que se criminaliza es la protesta<\/strong><\/li><\/ul>\n\n\n\n<ul class=\"wp-block-list\"><li><strong> Realizan el conversatorio virtual \u201cAlto a la criminalizaci\u00f3n de la protesta y a la persecuci\u00f3n del movimiento feminista\u201d<\/strong><\/li><\/ul>\n\n\n\n<p class=\"wp-block-paragraph\"><strong>&nbsp;Libertad L\u00f3pez<\/strong><\/p>\n\n\n\n<p class=\"wp-block-paragraph\">SemM\u00e9xico, CDMX, 17 de noviembre 2020.- La diputada Silvia Lorena Villavicencio Ayala (Morena), integrante de la Comisi\u00f3n de Derechos Humanos, asegur\u00f3 que desde que comenz\u00f3 la pandemia m\u00e1s de 3 mil 500 mujeres han sido asesinadas; sin embargo, algunos son clasificados como homicidios, a pesar de que por sus causales aputan a ser feminicidios.<\/p>\n\n\n\n<p class=\"wp-block-paragraph\">Durante el conversatorio virtual \u201cAlto a la criminalizaci\u00f3n de la protesta y a la persecuci\u00f3n del movimiento feminista\u201d, la legisladora puntualiz\u00f3 que se comete un promedio de 11 feminicidios diarios y, a pesar de ello, las protestas en contra de estos delitos son criminalizadas y estigmatizadas socialmente.<\/p>\n\n\n\n<p class=\"wp-block-paragraph\">\u201cHay una enorme indignaci\u00f3n por la forma en que fueron reprimidos los manifestantes frente al palacio municipal de Canc\u00fan, a pesar de que hab\u00eda mujeres, prensa y observadores de derechos humanos. Alexis, la mujer asesinada por quien protestaban, ten\u00eda 20 a\u00f1os de edad y su cuerpo fue encontrado desmembrado\u201d, dijo.<\/p>\n\n\n\n<p class=\"wp-block-paragraph\">La tambi\u00e9n coordinadora de la Subcomisi\u00f3n de Atenci\u00f3n al Feminicidio de la Comisi\u00f3n de Justicia cuestion\u00f3 el por qu\u00e9 se est\u00e1n dando hechos de represi\u00f3n y abuso de fuerza que violentan los derechos humanos y se\u00f1al\u00f3 que deben ser sancionados.<\/p>\n\n\n\n<p class=\"wp-block-paragraph\">Adem\u00e1s, agreg\u00f3, se ha comenzado a usar t\u00e9rmino de \u201cfeminazi\u201d en contra de quienes participan en estas manifestaciones, a causa de la estigmatizaci\u00f3n del movimiento porque se ray\u00f3 algo y se olvida del fondo del problema.<\/p>\n\n\n\n<p class=\"wp-block-paragraph\">\u201cM\u00e1s all\u00e1 de la manifestaci\u00f3n, se debe ver qu\u00e9 es lo que motiva esta violencia tan cruel contra ellas\u201d, subray\u00f3.<\/p>\n\n\n\n<p class=\"wp-block-paragraph\">&nbsp;Consider\u00f3 que el modelo de mando \u00fanico est\u00e1 demostrando sus deficiencias, ya que ante hechos como los ocurridos en Canc\u00fan se tiran la bolita y se diluyen las responsabilidades. El mensaje a la sociedad es la impunidad y que la violencia permanente no le est\u00e1 interesando al Estado mexicano.<\/p>\n\n\n\n<p class=\"wp-block-paragraph\">Hizo notar que \u201cel cuerpo de la mujer se ha convertido en un territorio de apropiaci\u00f3n, tema que tambi\u00e9n existe con los ni\u00f1os; en ambos casos no se les ve como sujetos aut\u00f3nomos y con derechos, sino como una extensi\u00f3n del patriarca\u201d.<\/p>\n\n\n\n<p class=\"wp-block-paragraph\">La diputada Villavicencio Ayala se\u00f1al\u00f3 que las autoridades se ven entre los disgustos y exigencias de quienes protestan, como en este caso las mujeres que piden acceso a la justicia y a una vida libre de violencia, y quienes exigen que se aplique la ley.<\/p>\n\n\n\n<p class=\"wp-block-paragraph\">&nbsp;Sin embargo, \u201cno se van a validar actos de represi\u00f3n en contra de quien ejerce su derecho a la manifestaci\u00f3n. Se ha establecido un culto a la violencia desde la sociedad\u201d, puntualiz\u00f3.<\/p>\n\n\n\n<p class=\"wp-block-paragraph\"><strong>Se criminalizan las demandas femeninas<\/strong><\/p>\n\n\n\n<p class=\"wp-block-paragraph\">Silvia Edith Chuc Aburto, investigadora, docente y activista por los derechos humanos de las mujeres, afirm\u00f3 que las demandas de las mujeres se criminalizan y legitiman en una clara se\u00f1al de discriminaci\u00f3n institucional que alienta m\u00e1s agresiones; por ello, \u201cse levanta la voz para exigir que nos dejen de matar y no se justifique en los discursos la violencia sexual\u201d.<\/p>\n\n\n\n<p class=\"wp-block-paragraph\">\u201cEs terrible la respuesta de salir a manifestarte porque no quieres que sigan matando y violando mujeres y la respuesta sea la agresi\u00f3n, que socialmente se legitima por las redes sociales al prevalecer una mirada mis\u00f3gina sobre lo que las mujeres deber\u00edan ser. La sociedad justifica el uso desmedido de la fuerza donde no existe el di\u00e1logo en torno al movimiento feminista\u201d, asever\u00f3.<\/p>\n\n\n\n<p class=\"wp-block-paragraph\">Falta mucho para lograr el respeto y garant\u00eda de los derechos humanos que promueve y exige el movimiento feminista, al cual se le criminaliza porque se sale del canon de la feminidad que implica que las mujeres se queden calladitas y prevalece un discurso mal entendido permeado de prejuicios, malas pr\u00e1cticas, machismo y una cultura de violencia que generan una resistencia social e institucional para acceder a la justicia y detener los feminicidios, apunt\u00f3.<\/p>\n\n\n\n<p class=\"wp-block-paragraph\">Indic\u00f3 que todav\u00eda se concibe a la mujer como una propiedad patriarcal intercambiable, idea que se extiende a toda la sociedad y permea las instituciones y las leyes provocando una violencia institucional sist\u00e9mica. \u201cLa sociedad se indigna porque se raye un monumento, pero no se indigna cuando una mujer es violada, calcinada, violentada o muerta\u201d.<\/p>\n\n\n\n<p class=\"wp-block-paragraph\"><strong>Incapacidad del Estado y falta de protocolos<\/strong><\/p>\n\n\n\n<p class=\"wp-block-paragraph\">Mariana Bell\u00f3, integrante de Gobernanza Mx y de la Red Feminista Quintanarroense, plante\u00f3 dos perspectivas en torno a la represi\u00f3n de mujeres en la manifestaci\u00f3n en Canc\u00fan: la incapacidad del Estado y falta de protocolos frente a una protesta para exigir justicia o que la reacci\u00f3n de represi\u00f3n haya sido planeada, a fin de alentar un ambiente enrarecido respecto al inicio anticipado del proceso electoral en Quintana Roo.<\/p>\n\n\n\n<p class=\"wp-block-paragraph\">&nbsp;Mencion\u00f3 que existe una \u201cnormalizaci\u00f3n\u201d de la violencia contra las mujeres debido al dominio y apropiaci\u00f3n de su cuerpo a trav\u00e9s de la represi\u00f3n, manotazos y balas. Denunci\u00f3 agresiones sexuales en contra de las manifestantes detenidas en Canc\u00fan. La violencia contra las mujeres es insostenible, a\u00fan se les exige que \u201csigan bien portadas y abran espacios por las buenas, pero se llevan d\u00e9cadas haci\u00e9ndolo y la situaci\u00f3n se agrava\u201d, apunt\u00f3.<\/p>\n\n\n\n<p class=\"wp-block-paragraph\">Sostuvo que \u201cante la violencia existente los medios de comunicaci\u00f3n tienen mucho que hacer y aprender sobre el periodismo con perspectiva de g\u00e9nero, porque siguen exhibiendo fotos e im\u00e1genes de los feminicidios sin respetar a la v\u00edctima\u201d.<\/p>\n\n\n\n<p class=\"wp-block-paragraph\">La juventud masculina a\u00fan no tiene otra perspectiva en torno a las mujeres; al contrario, replica conductas machistas, por lo que debe trabajarse en otro tipo de educaci\u00f3n, propuso.<\/p>\n","protected":false},"excerpt":{"rendered":"<p> Realizan el conversatorio virtual \u201cAlto a la criminalizaci\u00f3n de la protesta y a la persecuci\u00f3n del movimiento feminista\u201d<\/p>\n","protected":false},"author":3,"featured_media":28601,"comment_status":"open","ping_status":"open","sticky":false,"template":"","format":"standard","meta":{"_monsterinsights_skip_tracking":false,"footnotes":""},"categories":[691,50],"tags":[],"class_list":["post-28600","post","type-post","status-publish","format-standard","has-post-thumbnail","category-691","category-congreso"],"_links":{"self":[{"href":"https:\/\/redsemlac.com\/semmexico\/wp-json\/wp\/v2\/posts\/28600","targetHints":{"allow":["GET"]}}],"collection":[{"href":"https:\/\/redsemlac.com\/semmexico\/wp-json\/wp\/v2\/posts"}],"about":[{"href":"https:\/\/redsemlac.com\/semmexico\/wp-json\/wp\/v2\/types\/post"}],"author":[{"embeddable":true,"href":"https:\/\/redsemlac.com\/semmexico\/wp-json\/wp\/v2\/users\/3"}],"replies":[{"embeddable":true,"href":"https:\/\/redsemlac.com\/semmexico\/wp-json\/wp\/v2\/comments?post=28600"}],"version-history":[{"count":0,"href":"https:\/\/redsemlac.com\/semmexico\/wp-json\/wp\/v2\/posts\/28600\/revisions"}],"wp:featuredmedia":[{"embeddable":true,"href":"https:\/\/redsemlac.com\/semmexico\/wp-json\/wp\/v2\/media\/28601"}],"wp:attachment":[{"href":"https:\/\/redsemlac.com\/semmexico\/wp-json\/wp\/v2\/media?parent=28600"}],"wp:term":[{"taxonomy":"category","embeddable":true,"href":"https:\/\/redsemlac.com\/semmexico\/wp-json\/wp\/v2\/categories?post=28600"},{"taxonomy":"post_tag","embeddable":true,"href":"https:\/\/redsemlac.com\/semmexico\/wp-json\/wp\/v2\/tags?post=28600"}],"curies":[{"name":"wp","href":"https:\/\/api.w.org\/{rel}","templated":true}]}}