{"id":28594,"date":"2020-11-17T18:05:11","date_gmt":"2020-11-17T18:05:11","guid":{"rendered":"https:\/\/redsemlac.com\/semmexico\/?p=28594"},"modified":"2023-07-21T16:38:26","modified_gmt":"2023-07-21T21:38:26","slug":"conviene-recordar-que-la-resolucion-1325-fue-impulsada-por-el-movimiento-del-feminismo-pacifista","status":"publish","type":"post","link":"https:\/\/redsemlac.com\/semmexico\/conviene-recordar-que-la-resolucion-1325-fue-impulsada-por-el-movimiento-del-feminismo-pacifista\/","title":{"rendered":"Conviene recordar que la Resoluci\u00f3n 1325 fue impulsada por el movimiento del feminismo pacifista"},"content":{"rendered":"\n<ul class=\"wp-block-list\"><li><strong>Las organizaciones reivindican la participaci\u00f3n de las mujeres en el centro de la agenda de paz y seguridad, no como v\u00edctimas, sino como agentes de cambio<\/strong><\/li><\/ul>\n\n\n\n<p class=\"wp-block-paragraph\"><strong>Por\u00a0Gloria L\u00f3pez<\/strong><\/p>\n\n\n\n<p class=\"wp-block-paragraph\">SemM\u00e9xico\/AmecoPress. Madrid, 17 noviembre. 2020.- \u00a0La participaci\u00f3n de las mujeres en la agenda de la paz, no como v\u00edctimas, sino como agentes de cambio, fue el n\u00facleo central del debate que llevaron a cabo Clemencia Carabal\u00ed \u2013lideresa afrocolombiana y defensora de los derechos de las mujeres en Colombia-, Pamela Urrutia \u2013investigadora de la Escola de Cultura de Pau, experta en Siria y Yemen- y Soraida Hussein -responsable de Incidencia pol\u00edtica de Alianza por la Solidaridad en Palestina-, que estuvieron moderadas por Mar\u00eda Salvador L\u00f3pez \u2013responsable de Derechos de las Mujeres de Alianza por la Solidaridad-.<\/p>\n\n\n\n<p class=\"wp-block-paragraph\">El acuerdo de paz que se firm\u00f3 en Colombia hace cuatro a\u00f1os fue \u201cuna esperanza\u201d, sintetiz\u00f3 Clemencia Carabal\u00ed, pero \u201ctodav\u00eda enfrentamos impedimentos para que las mujeres podamos aportar a un proceso de paz sostenible\u201d porque \u201cla presencia integral del Estado en los territorios es muy baja\u201d y eso impide una verdadera transformaci\u00f3n. \u201cA las mujeres no nos ven, no nos oyen, especialmente a las mujeres negras\u201d, denunci\u00f3 la lideresa, quien defiende la necesidad de trabajar con un enfoque interseccional.<\/p>\n\n\n\n<p class=\"wp-block-paragraph\">La situaci\u00f3n colombiana no es \u00fanica. A pesar de que las iniciativas desarrolladas por mujeres para construir paz se insertan en una larga tradici\u00f3n hist\u00f3rica, ello no ha tenido su correlato en el nivel de toma de decisiones donde se decide la paz o la guerra. El protagonismo de las mujeres en las organizaciones civiles de base en la construcci\u00f3n de la paz no se traslada a las mesas de negociaci\u00f3n. Solo un 13% de las personas negociadoras y un 6% de las mediadoras son mujeres. En Siria hay un Consejo Asesor de Mujeres, pero es un organismo paralelo, mientras que la representaci\u00f3n de las mujeres no supera el 15% en los puestos de decisi\u00f3n oficiales y un 30% en los puestos de la sociedad civil. Son datos que ofrec\u00eda Pamela Urrutia para ilustrar la exclusi\u00f3n de las mujeres de los procesos de paz. \u201cLa inclusi\u00f3n de las mujeres es garant\u00eda de \u00e9xito de los procesos\u201d, se\u00f1al\u00f3, recordando \u201cno se trata de incluir mujeres, sino de cambiar estructuras como el concepto de seguridad, hallar nuevas palabras y nuevos m\u00e9todos.\u201d<\/p>\n\n\n\n<p class=\"wp-block-paragraph\">De alg\u00fan modo, la Resoluci\u00f3n 1325, aprobada hace 20 a\u00f1os y cuyo aniversario ha dado lugar a este ciclo de seminarios organizado por diversas entidades feministas y pacifistas, constituy\u00f3 un hito importante en el reconocimiento de la participaci\u00f3n de las mujeres en la resoluci\u00f3n de conflictos, no como v\u00edctimas, sino como sujetos activos , y puso encima de la mesa la perspectiva de g\u00e9nero como un elemento fundamental para la paz y la seguridad internacionales. Pero hoy sigue siendo necesario incluso revisar el significado de paz, como algo din\u00e1mico.<\/p>\n\n\n\n<p class=\"wp-block-paragraph\">\u00abLa 1325 es un mecanismo para hacer di\u00e1logo desde lo com\u00fan, pero se requiere de un enfoque situado, atento a las necesidades concretas\u00bb, expres\u00f3 Soraida Hussein. \u00abSiempre decimos que queremos una paz justa en Palestina. La paz no es solo que no haya guerra\u00bb, se\u00f1al\u00f3. Para una mujer refugiada la paz es volver a su casa, o para la madre que tiene a su hijo en una c\u00e1rcel israel\u00ed la paz es que vuelva su hijo a casa. \u00abVivir en un Estado en el que hay pobreza o crisis no es paz\u00bb.<\/p>\n\n\n\n<h4 class=\"wp-block-heading\">El protagonismo de las mujeres en las organizaciones civiles de base en la construcci\u00f3n de la paz no se traslada a las mesas de negociaci\u00f3n<\/h4>\n\n\n\n<p class=\"wp-block-paragraph\">A pesar de la marginaci\u00f3n a la que se les somete, las mujeres, en distintas partes del mundo, se organizan y desempe\u00f1an un enorme papel en la construcci\u00f3n de la paz. \u201cEn Siria, las mujeres trabajan mucho para garantizar los derechos de los ni\u00f1os, la ayuda humanitaria, han dise\u00f1ado una hoja de ruta para el retorno seguro de refugiados\u2026\u201d comparti\u00f3 Urrutia. \u201cNo les falta experiencia, el excluirlas resta una capacidad esencial\u201d.<\/p>\n\n\n\n<p class=\"wp-block-paragraph\">No solo es que no se est\u00e9 incluyendo una perspectiva de g\u00e9nero como elemento clave para la resoluci\u00f3n de conflictos, es que, en ocasiones, el liderazgo de las mujeres genera respuestas violentas que nos siguen advirtiendo de las resistencias existentes para que las mujeres participen en los espacios de poder planteando sus demandas y las de su comunidad.<\/p>\n\n\n\n<figure class=\"wp-block-image\"><a href=\"https:\/\/www.amecopress.net\/IMG\/jpg\/urrutia.jpg\" target=\"_blank\" rel=\"noreferrer noopener\"><img decoding=\"async\" src=\"https:\/\/ci3.googleusercontent.com\/proxy\/7saLMIR6E7GFuIebl0hG-YqLWhV9GVa_fbSb_M-ChBjkjmOSRLEVpJDEh0BvPyMcCNjvaGmi74v5fTfBo9Wz0ZbPPhqq_GBAlF6Z-oDjpsd5jl8dNKlpkXUT4U5vom8=s0-d-e1-ft#https:\/\/www.amecopress.net\/local\/cache-vignettes\/L634xH350\/urrutia-3b2b5.jpg\" alt=\"JPEG\"\/><\/a><\/figure>\n\n\n\n<p class=\"wp-block-paragraph\">\u201cNo hay que esperar a que nos inviten\u201d, sentenci\u00f3 Pamela Urrutia. Su compa\u00f1era de mesa, Soraida Hussein, enfatiz\u00f3: \u201clas mujeres palestinas llevamos desde 1932 activas y peleando, somos las \u00fanicas que en estos momentos tenemos voz y no nos rendimos\u201d. Por su parte, la afrocolombiana Clemencia Carabal\u00ed se\u00f1al\u00f3 que \u201chay un activismo muy fuerte de las mujeres para la implementaci\u00f3n de los acuerdos de paz en Colombia y para el reconocimiento de la multiculturalidad\u201d y se remiti\u00f3 a la Escuela de Mujeres Constructoras de Paz, como un espacio en el que las mujeres se cualifican para seguir reclamando su participaci\u00f3n.<\/p>\n\n\n\n<p class=\"wp-block-paragraph\">\u00bfPor qu\u00e9 tanta resistencia a la inclusi\u00f3n de las mujeres, de sus experiencias y aportes? La participaci\u00f3n de las mujeres implica un enfoque alternativo que cuestiona las estructuras de poder establecidas e impulsa la transformaci\u00f3n de las mismas. Una paz feminista es una paz transformadora.<\/p>\n\n\n\n<p class=\"wp-block-paragraph\">El ciclo \u201920 a\u00f1os de la agenda mujeres, paz y seguridad: balance y propuestas para una paz feminista\u2019 concluye el pr\u00f3ximo viernes abordando&nbsp;<a href=\"https:\/\/us02web.zoom.us\/webinar\/register\/WN_nwFf_WYNTNi8hpd_9vUmRg\" rel=\"noreferrer noopener\" target=\"_blank\">La noci\u00f3n de seguridad: tensiones y oportunidades.<\/a><\/p>\n","protected":false},"excerpt":{"rendered":"<p>Las organizaciones reivindican la participaci\u00f3n de las mujeres en el centro de la agenda de paz y seguridad, no como v\u00edctimas, sino como agentes de cambio<\/p>\n","protected":false},"author":3,"featured_media":28595,"comment_status":"open","ping_status":"open","sticky":false,"template":"","format":"standard","meta":{"_monsterinsights_skip_tracking":false,"footnotes":""},"categories":[691,53],"tags":[],"class_list":["post-28594","post","type-post","status-publish","format-standard","has-post-thumbnail","category-691","category-internacional"],"_links":{"self":[{"href":"https:\/\/redsemlac.com\/semmexico\/wp-json\/wp\/v2\/posts\/28594","targetHints":{"allow":["GET"]}}],"collection":[{"href":"https:\/\/redsemlac.com\/semmexico\/wp-json\/wp\/v2\/posts"}],"about":[{"href":"https:\/\/redsemlac.com\/semmexico\/wp-json\/wp\/v2\/types\/post"}],"author":[{"embeddable":true,"href":"https:\/\/redsemlac.com\/semmexico\/wp-json\/wp\/v2\/users\/3"}],"replies":[{"embeddable":true,"href":"https:\/\/redsemlac.com\/semmexico\/wp-json\/wp\/v2\/comments?post=28594"}],"version-history":[{"count":0,"href":"https:\/\/redsemlac.com\/semmexico\/wp-json\/wp\/v2\/posts\/28594\/revisions"}],"wp:featuredmedia":[{"embeddable":true,"href":"https:\/\/redsemlac.com\/semmexico\/wp-json\/wp\/v2\/media\/28595"}],"wp:attachment":[{"href":"https:\/\/redsemlac.com\/semmexico\/wp-json\/wp\/v2\/media?parent=28594"}],"wp:term":[{"taxonomy":"category","embeddable":true,"href":"https:\/\/redsemlac.com\/semmexico\/wp-json\/wp\/v2\/categories?post=28594"},{"taxonomy":"post_tag","embeddable":true,"href":"https:\/\/redsemlac.com\/semmexico\/wp-json\/wp\/v2\/tags?post=28594"}],"curies":[{"name":"wp","href":"https:\/\/api.w.org\/{rel}","templated":true}]}}