{"id":28590,"date":"2020-11-17T17:04:34","date_gmt":"2020-11-17T17:04:34","guid":{"rendered":"https:\/\/redsemlac.com\/semmexico\/?p=28590"},"modified":"2023-07-21T16:38:26","modified_gmt":"2023-07-21T21:38:26","slug":"feliz-cumpleanos-presidente","status":"publish","type":"post","link":"https:\/\/redsemlac.com\/semmexico\/feliz-cumpleanos-presidente\/","title":{"rendered":"Feliz cumplea\u00f1os, presidente\u2026"},"content":{"rendered":"\n<h3 class=\"wp-block-heading\"><strong>Entresemana<\/strong><\/h3>\n\n\n\n<p class=\"wp-block-paragraph\"><strong>Mois\u00e9s S\u00e1nchez Lim\u00f3n<\/strong><\/p>\n\n\n\n<p class=\"wp-block-paragraph\">SemM\u00e9xico, CDMX, 17 de noviembre 2020.- Y qu\u00e9 tal que se nos agripa el licenciado; y qu\u00e9 tal que le da Covid\u2026 No, no, primero la salud del licenciado. Porque, c\u00f3mo est\u00e1 eso de que se le critica por no estar frente a frente con sus paisanos de Macuspana y de Centla y Nacajuca. No, no.<\/p>\n\n\n\n<p class=\"wp-block-paragraph\">\u00bfMojarse los pies y echar a perder zapatos casi nuevecitos nom\u00e1s para la foto? Ni que fuera populista como Felipe y Enrique o Ernesto que, en su momento como presidentes, fueron a atender a damnificados en Tabasco y Veracruz y Puebla y\u2026<\/p>\n\n\n\n<p class=\"wp-block-paragraph\">No, no, \u00e9l no se parece en nada a esos politiqueros neoliberales, esos delincuentes de cuello blanco en cuyas administraciones el Fonden y otros etc\u00e9teras robaban descaradamente y se burlaban de los damnificados llev\u00e1ndoles cobijas, despensas y comida caliente guisada en las cocinas de la Secretar\u00eda de la Defensa Nacional.<\/p>\n\n\n\n<p class=\"wp-block-paragraph\">Por eso, por eso la consulta popular para enjuiciar a esos ex gobernantes que andan por ah\u00ed colmados de impunidad, porque el licenciado, humano y respetuoso de las leyes, no los quiere llevar a picota; ya lo dijo en la ma\u00f1anera de la semana pasada que su \u201cpostura es que no haya persecuci\u00f3n, que no haya venganzas pol\u00edticas, que se aplique la ley con rigor, con escr\u00fapulos, que no se fabriquen delitos y al mismo tiempo que no haya impunidad\u201d.<\/p>\n\n\n\n<p class=\"wp-block-paragraph\">Y es que, tal vez usted se enter\u00f3, le pidieron opini\u00f3n respecto de que dineros de los sobornos de Odebrecht fueron utilizados para pagar campa\u00f1as en su contra, para evitar que en 2012 ganara la Presidencia, aunque le pas\u00f3 por encima la locomotora del hijo predilecto de Atlacomulco y lo envi\u00f3 al tercer sitio en la preferencia electoral.<\/p>\n\n\n\n<p class=\"wp-block-paragraph\">Ese escenario lo previ\u00f3 seis a\u00f1os antes Jes\u00fas Zambrano Grijalva, el d\u00eda que la dirigencia nacional del PRD le pidi\u00f3 no instalar el plant\u00f3n en el Paseo de la Reforma, con la demanda del voto por voto y casilla por casilla, con lo que pretendi\u00f3 defenestrar a Felipe Calder\u00f3n. \u00a1Ah!, pero terco, hasta se cruz\u00f3, a su pecho que no es bodega, el remedo de banda presidencial.<\/p>\n\n\n\n<p class=\"wp-block-paragraph\">Pero, est\u00e1bamos en esto de la justicia.<\/p>\n\n\n\n<p class=\"wp-block-paragraph\">Mire usted c\u00f3mo es esto de las casualidades, en el mismo pentagrama en el que se plasm\u00f3 letra y m\u00fasica de la \u00f3pera prima del licenciado Emilio Lozoya Austin respecto de los malvados que, en la administraci\u00f3n pasada, encabezados por Enrique Pe\u00f1a Nieto lo obligaron a delinquir, apareci\u00f3 Emilio Zebad\u00faa, nuevo bar\u00edtono que busca negociar su libertad, porque lo involucran en esa llamada \u201cEstafa Maestra\u201d que ya tiene tantos ramales como r\u00edos la geograf\u00eda tabasque\u00f1a, \u00e9sta en la que el humano licenciadopresidente instruy\u00f3 desviar las aguas del R\u00edo Carrizal hacia el R\u00edo Samaria para no inundar a Villahermosa.<\/p>\n\n\n\n<p class=\"wp-block-paragraph\">\u00bfPrimero (j\u00f3danse) los pobres? Bueno, bueno, ya explic\u00f3 que esa fue la mejor opci\u00f3n porque, ofreci\u00f3, ahora se pagar\u00e1 hasta los comales que perdieron miles de habitantes de esa regi\u00f3n.<\/p>\n\n\n\n<p class=\"wp-block-paragraph\">Lo cierto es que, en el video que ha circulado profusamente en las benditas redes sociales, el licenciadopresidente no muestra preocupaci\u00f3n alguna cuando, desde la comodidad del helic\u00f3ptero militar, con el \u00edndice se\u00f1ala la zona inundada porque se abri\u00f3 la compuerta \u201cEl Macayo\u201d que llevaba 12 a\u00f1os cerrada.<\/p>\n\n\n\n<p class=\"wp-block-paragraph\">Y acepta que instruy\u00f3 la desgracia. Primero el desfogue para no inundar Villahermosa, aunque colonias como Gaviotas I y II estaban colmadas de agua hasta la cintura e incluso el cuello de sus habitantes.<\/p>\n\n\n\n<p class=\"wp-block-paragraph\">No, no, disc\u00falpeme. \u00bfC\u00f3mo cree que el inquilino de Palacio se iba a arriesgar a pescar una enfermedad de esas que suelen dar a los pobres cuando nadan entre la inmundicia?<\/p>\n\n\n\n<p class=\"wp-block-paragraph\">Y menos arriesgarse al Covid. Ya ve usted c\u00f3mo se ha cuidado desde aquel 11 de febrero pasado cuando dijo que no hab\u00eda problema y el coronavirus llegar\u00eda pero no era una amenaza; incluso el doctor Hugo L\u00f3pez-Gatell, subsecretario experto en Epidemiolog\u00eda sostuvo que para nada ser\u00eda necesario reconvertir hospitales en especiales para atender el Covid.<\/p>\n\n\n\n<p class=\"wp-block-paragraph\">\u00bfPor qu\u00e9 se desvi\u00f3 el cauce del R\u00edo Carrizal, que pasa por Villahermosa hacia la zona baja de la planicie tabasque\u00f1a?<\/p>\n\n\n\n<p class=\"wp-block-paragraph\">En la ma\u00f1anera de principio de semana, el licenciado L\u00f3pez Obrador, bien humano y con la mirada acuosa, a punto de la l\u00e1grima solitaria, se despach\u00f3 un acto de contrici\u00f3n:<\/p>\n\n\n\n<p class=\"wp-block-paragraph\">\u201c\u00bfPor qu\u00e9 esta situaci\u00f3n de optar entre inconvenientes, que a m\u00ed me duele mucho? Porque no ha habido un buen control de las presas, que lo va a haber ahora.<\/p>\n\n\n\n<p class=\"wp-block-paragraph\">\u201cYa no va a ser la generaci\u00f3n de energ\u00eda el\u00e9ctrica lo principal, sino la Protecci\u00f3n Civil, voy a emitir un decreto con ese prop\u00f3sito, y ya las cuatro presas del Grijalva, las cuatro hidroel\u00e9ctricas van a tener un canal ecol\u00f3gico, de modo que se mantengan vac\u00edas las presas, los embalses, los vasos, para que en esta temporada, agosto, septiembre, octubre, noviembre, es cuando llueve m\u00e1s, no tengamos ya ning\u00fan problema\u201d.<\/p>\n\n\n\n<p class=\"wp-block-paragraph\">Y luego, cit\u00f3, \u201cme dicen que, a ver, por qu\u00e9 no me moj\u00e9 (\u2026) no, \u00bfnom\u00e1s por la foto? \u00a1No! Me enfermo (\u2026) O que no guarde yo la sana distancia y me enferme de Covid, pues tampoco, no\u201d<\/p>\n\n\n\n<p class=\"wp-block-paragraph\">\u00bfEntones? El licenciado que el viernes de la semana pasada cumpli\u00f3 67 \u00bfprimaveras?, ha decidido extempor\u00e1neamente ponerse al frente, por supuesto en helic\u00f3ptero y transporte anfibio, de las tareas de supervisi\u00f3n de auxilio a cientos de miles de tabasque\u00f1os \u2013la poblaci\u00f3n de la entidad es de dos millones de habitantes\u2014que perdieron todo, todo\u2026 hasta la fe que no ha mucho profesaban al hijo predilecto de Tepetit\u00e1n, municipio de Macuspana.<\/p>\n\n\n\n<p class=\"wp-block-paragraph\">Porque, seguramente usted se enter\u00f3 que, el jueves por la ma\u00f1ana el licenciado adelant\u00f3 que cumplir\u00eda a\u00f1os y pidi\u00f3, por favor, por favor, que no le llevaran ma\u00f1anitas, es decir que no fueran mariachis de San L\u00e1zaro a cantarle al pie del balc\u00f3n de Palacio y, vaya, que nadie osara enviarle regalitos. Pero\u2026<\/p>\n\n\n\n<p class=\"wp-block-paragraph\">Indisciplinados que son los diputados y las diputadas federales de Morena, no solo desatendieron la petici\u00f3n del licenciado. No. En el mism\u00edsimo sal\u00f3n de plenos del Palacio Legislativo de San L\u00e1zaro e import\u00e1ndoles un pito que se discut\u00eda el Presupuesto de Egresos 2021 y la obligada sana distancia y las medidas sanitarias aprobadas por la Junta de Coordinaci\u00f3n Pol\u00edtica, se despacharon \u201cestas son las ma\u00f1anitas\u2026\u201d, en do y re sostenidos.<\/p>\n\n\n\n<p class=\"wp-block-paragraph\">Las manecillas del reloj, como citan los cl\u00e1sicos, apenas traspusieron el umbral de la medianoche y, ellas como sopranos, ellos tenores destemplados, en n\u00famero ponderado de 40, cantaron y arengaron \u00a1es un honor estar con Obrador!<\/p>\n\n\n\n<p class=\"wp-block-paragraph\">Pero, no contentos con ese desplante verbal, desplegaron pancartas de felicitaci\u00f3n al licenciado. Y se le\u00edan frases que destilaban miel: \u201cAl mejor presidente de M\u00e9xico \u201cAMLO\u201d; Feliz Cumplea\u00f1os\u201d; \u201c\u00a1Que viva Andr\u00e9s Manuel! \u00a1Que viva la 4T! \u00a1Que Viva M\u00e9xico!\u201d.<\/p>\n\n\n\n<p class=\"wp-block-paragraph\">Por supuesto, ese acto de genuflexi\u00f3n legislativa no fue de gratis, porque por ah\u00ed andaban diputados que aspiran a la reelecci\u00f3n y la nominaci\u00f3n, como Simey Olvera y el michoacano&nbsp;Iv\u00e1n P\u00e9rez Negr\u00f3n \u2013que quiere ser gobernador&#8211;,&nbsp;Jorge Luis Montes,&nbsp;la maestra Adela Pi\u00f1a&nbsp;y&nbsp;Lidia Garc\u00eda.<\/p>\n\n\n\n<p class=\"wp-block-paragraph\">Claro, claro, no pod\u00eda faltar la aguafiestas. Y es que&nbsp;Sara\u00ed N\u00fa\u00f1ez, diputada federal del PAN pidi\u00f3 a la diputada presidenta&nbsp;Dulce Mar\u00eda Sauri&nbsp;Riancho moci\u00f3n de orden porque, adujo, c\u00f3mo era posible que se soportara ese desplante de los morenistas, en plena discusi\u00f3n del PEF 2021.<\/p>\n\n\n\n<p class=\"wp-block-paragraph\">\u00bfQu\u00e9 ocurri\u00f3? Los morenistas, en pleno uso de su mayor\u00eda para hacer lo que les venga en gana acallaron la protesta de legisladores de oposici\u00f3n y de Sara\u00ed restreg\u00e1ndoles la frase de marca registrada: \u201c\u00a1Es un honor estar con Obrador!<\/p>\n\n\n\n<p class=\"wp-block-paragraph\">\u00bfY los damnificados de Tabasco? Bueno, bueno, do\u00f1a <strong>Blanca Elena Jim\u00e9nez Cisneros<\/strong>, directora de la Comisi\u00f3n Nacional del Agua, los ubic\u00f3 en su realidad: \u201caqu\u00ed les toc\u00f3 vivir\u201d. Por lo dem\u00e1s, c\u00f3mo cree que el licenciadopresidente se va a mojar. Qu\u00e9 tal si se nos enferma. Digo.<\/p>\n\n\n\n<p class=\"wp-block-paragraph\"><a href=\"mailto:sanchezlimon@gmail.com\">sanchezlimon@gmail.com<\/a><\/p>\n\n\n\n<p class=\"wp-block-paragraph\"><a href=\"http:\/\/www.entresemana.mx\">www.entresemana.mx<\/a><\/p>\n\n\n\n<p class=\"wp-block-paragraph\"><strong>@msanchezlimon<\/strong><\/p>\n","protected":false},"excerpt":{"rendered":"<p>\u00bfMojarse los pies y echar a perder zapatos casi nuevecitos nom\u00e1s para la foto?<\/p>\n","protected":false},"author":3,"featured_media":15805,"comment_status":"open","ping_status":"open","sticky":false,"template":"","format":"standard","meta":{"_monsterinsights_skip_tracking":false,"footnotes":""},"categories":[691,105,83,35],"tags":[],"class_list":["post-28590","post","type-post","status-publish","format-standard","has-post-thumbnail","category-691","category-entresemana","category-moises-sanchez-limon","category-opinion"],"_links":{"self":[{"href":"https:\/\/redsemlac.com\/semmexico\/wp-json\/wp\/v2\/posts\/28590","targetHints":{"allow":["GET"]}}],"collection":[{"href":"https:\/\/redsemlac.com\/semmexico\/wp-json\/wp\/v2\/posts"}],"about":[{"href":"https:\/\/redsemlac.com\/semmexico\/wp-json\/wp\/v2\/types\/post"}],"author":[{"embeddable":true,"href":"https:\/\/redsemlac.com\/semmexico\/wp-json\/wp\/v2\/users\/3"}],"replies":[{"embeddable":true,"href":"https:\/\/redsemlac.com\/semmexico\/wp-json\/wp\/v2\/comments?post=28590"}],"version-history":[{"count":0,"href":"https:\/\/redsemlac.com\/semmexico\/wp-json\/wp\/v2\/posts\/28590\/revisions"}],"wp:featuredmedia":[{"embeddable":true,"href":"https:\/\/redsemlac.com\/semmexico\/wp-json\/wp\/v2\/media\/15805"}],"wp:attachment":[{"href":"https:\/\/redsemlac.com\/semmexico\/wp-json\/wp\/v2\/media?parent=28590"}],"wp:term":[{"taxonomy":"category","embeddable":true,"href":"https:\/\/redsemlac.com\/semmexico\/wp-json\/wp\/v2\/categories?post=28590"},{"taxonomy":"post_tag","embeddable":true,"href":"https:\/\/redsemlac.com\/semmexico\/wp-json\/wp\/v2\/tags?post=28590"}],"curies":[{"name":"wp","href":"https:\/\/api.w.org\/{rel}","templated":true}]}}