{"id":28587,"date":"2020-11-17T17:02:06","date_gmt":"2020-11-17T17:02:06","guid":{"rendered":"https:\/\/redsemlac.com\/semmexico\/?p=28587"},"modified":"2023-07-21T16:38:26","modified_gmt":"2023-07-21T21:38:26","slug":"iepc-gro-designa-por-paridad-de-genero-a-consejeras-os-distritales","status":"publish","type":"post","link":"https:\/\/redsemlac.com\/semmexico\/iepc-gro-designa-por-paridad-de-genero-a-consejeras-os-distritales\/","title":{"rendered":"IEPC-Gro designa por paridad de g\u00e9nero a consejeras\/os distritales"},"content":{"rendered":"\n<ul class=\"wp-block-list\"><li><strong>Design\u00f3 a 27 DE 28 representantes distritales<\/strong><\/li><li><strong>Cumple con la paridad de g\u00e9nero para cumplir con los mandatos Constitucionales<\/strong><\/li><\/ul>\n\n\n\n<p class=\"wp-block-paragraph\"><strong>Josefina Aguilar Pastor\/<\/strong><strong> <\/strong><strong>Agencia CEPROVYSA.COM<\/strong><strong><\/strong><\/p>\n\n\n\n<p class=\"wp-block-paragraph\">SemM\u00e9xico.Chilpancingo, Guerrero, 17 de noviembre de 2020.- Por primera vez en la historia del Instituto Electoral y de Participaci\u00f3n Ciudadana, design\u00f3 en su Pleno, la paridad de g\u00e9nero de los\/as Consejeras\/os Distritales, y 14 posiciones ser\u00e1n para mujeres y un n\u00famero similar para varones.<\/p>\n\n\n\n<p class=\"wp-block-paragraph\">Los consejeros, y consejeras del Instituto Electoral y Participaci\u00f3n Ciudadana (IEPC), as\u00ed como representantes de partido, decidieron la conformaci\u00f3n con paridad y perspectiva de g\u00e9nero para la designaci\u00f3n de los 28 consejos distritales.<\/p>\n\n\n\n<p class=\"wp-block-paragraph\">La noche de este domingo, el consejo general del IEPC, llevo a cabo la d\u00e9cimo segunda sesi\u00f3n extraordinaria, en la que aprobaron la integraci\u00f3n de los consejeros distritales, que conforman el Estado de Guerrero, para la elecci\u00f3n del 2021.<\/p>\n\n\n\n<p class=\"wp-block-paragraph\">Al poner a consideraci\u00f3n de los integrantes del pleno, la propuesta de integraci\u00f3n, la consejera Vicenta Molina Revuelta, mencion\u00f3 que los principios rectores que gu\u00edan dicho \u00f3rgano electoral, objetividad, legalidad y perspectiva de g\u00e9nero para garantizar las propuestas que ah\u00ed se aprobaron.<\/p>\n\n\n\n<p class=\"wp-block-paragraph\">En el proceso 2020-2021, dijo la consejera, la paridad es un principio que se materializa, en la integraci\u00f3n de los consejos distritales del IEPC, ratificando con ello, indic\u00f3, el compromiso institucional de garantizar la parida formal y sustantiva como signo de evoluci\u00f3n democr\u00e1tica.<\/p>\n\n\n\n<p class=\"wp-block-paragraph\">La Consejera Cinthya Citlalli D\u00edaz Fuentes, celebr\u00f3 la aplicaci\u00f3n de criterios que les permitieron conformar propuestas paritarias e incluyentes en la conformaci\u00f3n de los 28 consejos distritales, de los cuales, 14 ser\u00e1n presididos por mujeres y otro tanto por hombres, de los 112 espacios de consejer\u00edas propietarias, 56 son para hombres e igual n\u00famero para mujeres.<\/p>\n\n\n\n<p class=\"wp-block-paragraph\">En los 140 espacios de suplencias, por contar con espacios asignados, propusieron 33 mujeres y 66 hombres; al ser menor el n\u00famero femenino, dijo la consejera, habr\u00e1n lanzar una segunda convocatoria, que en algunos casos, ser\u00e1 exclusiva para mujeres.<\/p>\n\n\n\n<p class=\"wp-block-paragraph\">D\u00edaz Fuentes tambi\u00e9n subray\u00f3 el criterio de interculturalidad aplicado en la conformaci\u00f3n de los 28 distritos electorales, de los cuales 9, ser\u00e1n presididos por ind\u00edgenas. En algunos casos, agreg\u00f3, hicieron un corrimiento para colocar a mujeres a fin de e que tengan mejores condiciones para ocupar las consejer\u00edas, que a\u00fan falta un camino para que ind\u00edgenas y afro mexicanas, participen en igualdad de circunstancias con respecto de los mestizos.<\/p>\n\n\n\n<p class=\"wp-block-paragraph\">En ese mismo sentido, se pronunci\u00f3 el consejero Edmar Le\u00f3n Garc\u00eda, quien mencion\u00f3 la aplicaci\u00f3n del principio de paridad,&nbsp; pluralidad cultural, la participaci\u00f3n comunitaria, y la no discriminaci\u00f3n e inclusi\u00f3n social, para la elecci\u00f3n y conformaci\u00f3n de los 28 distritos.<\/p>\n\n\n\n<p class=\"wp-block-paragraph\">Se aplic\u00f3, agreg\u00f3 el consejero, la paridad de manera paritaria vertical y horizontal, de los 29 consejos, 14 de ellos est\u00e1n integrados y encabezados por mujeres y tanto por varones, Incluso mencion\u00f3 aplicando acciones afirmativas, hay algunos donde la presidencia y secretaria t\u00e9cnica, sean ocupadas por mujeres.<\/p>\n\n\n\n<p class=\"wp-block-paragraph\">Le\u00f3n Garc\u00eda, asegur\u00f3 que hay un \u00e1nimo de parte de consejeros y consejeras de que en las pr\u00f3ximas convocatorias se siga aplicando este criterio de paridad para llegar a la totalidad, y que las mujeres ocupen los espacios que por a\u00f1os les han negado en la toma de decisiones.<\/p>\n\n\n\n<p class=\"wp-block-paragraph\">El representante de Morena, Isaac David Cruz Rabad\u00e1n, tambi\u00e9n reconoci\u00f3 los criterios de inclusi\u00f3n y paridad, aplicados en la integraci\u00f3n de los consejos distritales.<\/p>\n","protected":false},"excerpt":{"rendered":"<p>Design\u00f3 a 27 de 28 representantes distritales<\/p>\n","protected":false},"author":3,"featured_media":28588,"comment_status":"open","ping_status":"open","sticky":false,"template":"","format":"standard","meta":{"_monsterinsights_skip_tracking":false,"footnotes":""},"categories":[691,51],"tags":[],"class_list":["post-28587","post","type-post","status-publish","format-standard","has-post-thumbnail","category-691","category-ejecutivo"],"_links":{"self":[{"href":"https:\/\/redsemlac.com\/semmexico\/wp-json\/wp\/v2\/posts\/28587","targetHints":{"allow":["GET"]}}],"collection":[{"href":"https:\/\/redsemlac.com\/semmexico\/wp-json\/wp\/v2\/posts"}],"about":[{"href":"https:\/\/redsemlac.com\/semmexico\/wp-json\/wp\/v2\/types\/post"}],"author":[{"embeddable":true,"href":"https:\/\/redsemlac.com\/semmexico\/wp-json\/wp\/v2\/users\/3"}],"replies":[{"embeddable":true,"href":"https:\/\/redsemlac.com\/semmexico\/wp-json\/wp\/v2\/comments?post=28587"}],"version-history":[{"count":0,"href":"https:\/\/redsemlac.com\/semmexico\/wp-json\/wp\/v2\/posts\/28587\/revisions"}],"wp:featuredmedia":[{"embeddable":true,"href":"https:\/\/redsemlac.com\/semmexico\/wp-json\/wp\/v2\/media\/28588"}],"wp:attachment":[{"href":"https:\/\/redsemlac.com\/semmexico\/wp-json\/wp\/v2\/media?parent=28587"}],"wp:term":[{"taxonomy":"category","embeddable":true,"href":"https:\/\/redsemlac.com\/semmexico\/wp-json\/wp\/v2\/categories?post=28587"},{"taxonomy":"post_tag","embeddable":true,"href":"https:\/\/redsemlac.com\/semmexico\/wp-json\/wp\/v2\/tags?post=28587"}],"curies":[{"name":"wp","href":"https:\/\/api.w.org\/{rel}","templated":true}]}}