{"id":28584,"date":"2020-11-17T16:58:37","date_gmt":"2020-11-17T16:58:37","guid":{"rendered":"https:\/\/redsemlac.com\/semmexico\/?p=28584"},"modified":"2023-07-21T16:38:26","modified_gmt":"2023-07-21T21:38:26","slug":"presidenta-del-impepac-revelo-que-podria-ser-destituida-por-el-ine","status":"publish","type":"post","link":"https:\/\/redsemlac.com\/semmexico\/presidenta-del-impepac-revelo-que-podria-ser-destituida-por-el-ine\/","title":{"rendered":"Presidenta del IMPEPAC revel\u00f3 que podr\u00eda ser destituida por el INE"},"content":{"rendered":"\n<ul class=\"wp-block-list\"><li><strong>Expertos advierten que el proceso electoral de Morelos podr\u00eda estar en riesgo<\/strong><\/li><li><strong>No descarta que tras est\u00e1 intenci\u00f3n este motivos partidistas y se trate de violencia de g\u00e9nero<\/strong><\/li><\/ul>\n\n\n\n<p class=\"wp-block-paragraph\"><strong>Estrella Pedroza<\/strong><\/p>\n\n\n\n<p class=\"wp-block-paragraph\">SemM\u00e9xico, Cuernavaca, Morelos, 17 de noviembre 2020.- Ana Isabel Le\u00f3n Trueba,&nbsp;consejera presidenta del Instituto Morelense de Procesos Electorales y Participaci\u00f3n Ciudadana (IMPEPAC) podr\u00eda ser destituida de su cargo por el Consejo General del Instituto Nacional Electoral (INE) por presuntamente dilatar la conclusi\u00f3n de una investigaci\u00f3n iniciada en 2016 en contra del hoy gobernador morenista&nbsp;Cuauht\u00e9moc Blanco Bravo.<\/p>\n\n\n\n<p class=\"wp-block-paragraph\">Lo anterior, fue revelado esta ma\u00f1ana por la responsable del IMPEPAC, tras deslindarse de toda responsabilidad. Ello podr\u00eda poner en riesgo el proceso electoral de 2021. Adem\u00e1s era responsabilidad del INE y ahora se quiere imputar a la consejera presidenta. Adem\u00e1s la decisi\u00f3n, puede estar relacionada, con el inter\u00e9s de favorecer a un partido pol\u00edtico.<\/p>\n\n\n\n<p class=\"wp-block-paragraph\">El procedimiento lo inici\u00f3 la Unidad T\u00e9cnica de lo Contencioso Electoral (UTCE) del Instituto Nacional Electoral (INE) debido a que presuntamente Le\u00f3n Trueba dilat\u00f3 la conclusi\u00f3n de la investigaci\u00f3n que inici\u00f3 hace cuatro a\u00f1os.<\/p>\n\n\n\n<p class=\"wp-block-paragraph\">\u201cSorpresivamente, el Consejo General del INE trae a cuenta un proceso de remoci\u00f3n contra las y los consejeros del IMPEPAC, aperturado en abril de 2018, hace m\u00e1s de 2 a\u00f1os y medio, en relaci\u00f3n con la investigaci\u00f3n de hechos que se inici\u00f3 en septiembre de 2016 por instrucci\u00f3n del Consejo Estatal Electoral del IMPEPAC, investigaci\u00f3n que guarda estrecha vinculaci\u00f3n con el procedimiento iniciado de oficio por el INE, el 29 de agosto de ese a\u00f1o, con el expediente INE\/P-COF-UTC\/2016\/MOR\u201d, dijo&nbsp;Le\u00f3n Trueba,&nbsp;durante un pronunciamiento emitido la &nbsp;ma\u00f1ana de ayer&nbsp; &nbsp;a trav\u00e9s de sus redes sociales en Facebook &nbsp;y twitter.&nbsp;<\/p>\n\n\n\n<p class=\"wp-block-paragraph\">La citada investigaci\u00f3n se origin\u00f3 con una noticia difundida en televisi\u00f3n, el 25 de agosto de 2016, en donde se dio a conocer que el presidente electo de Cuernavaca hab\u00eda celebrado un contrato de 7 millones de pesos para ser postulado a dicha alcald\u00eda por el Partido Socialdem\u00f3crata (PSD) de Morelos.<\/p>\n\n\n\n<p class=\"wp-block-paragraph\">Tras varias mesas de trabajo entre consejeros se determin\u00f3 dar vista al INE -que paralelamente hab\u00eda iniciado una investigaci\u00f3n por la misma causa.<\/p>\n\n\n\n<p class=\"wp-block-paragraph\"><strong>As\u00ed se hizo.<\/strong><\/p>\n\n\n\n<p class=\"wp-block-paragraph\">Tras reunirse en febrero del 2017 con diversas autoridades, entre ellas Eduardo Gurza Curiel, director de la Unidad T\u00e9cnica de Fiscalizaci\u00f3n del INE y&nbsp;por parte del IMPEPAC la consejera presidenta, los entonces Consejero Electoral Carlos Uribe en su calidad de presidente de la Comisi\u00f3n de Quejas y el Secretario Ejecutivo, para abordar el tema.<\/p>\n\n\n\n<p class=\"wp-block-paragraph\">El resultado de esas reuniones fue un acuerdo para que ambos \u00f3rganos electorales -estatal y nacional- \u201cresolvieran en tiempos cercanos para no emitir resoluciones que pudieran resultar contrarias entre s\u00ed\u201d.<\/p>\n\n\n\n<p class=\"wp-block-paragraph\">Le\u00f3n Trueba, detall\u00f3&nbsp;que a principios del mes de marzo del 2018, cuatro consejeros y consejeras presionaron para que un d\u00eda antes de que iniciara el registro de candidatos a la gubernatura se realizara una reuni\u00f3n extraordinaria urgente del CEE, durante la cual&nbsp;aprobaron por mayor\u00eda&nbsp;un acuerdo para iniciar de oficio un procedimiento ordinario sancionatorio en contra de&nbsp;Cuauht\u00e9moc Blanco&nbsp;por presuntamente haber cobrado para ser candidato.<\/p>\n\n\n\n<p class=\"wp-block-paragraph\">El acuerdo de inicio del proceso&nbsp;fue impugnado ante el Tribunal Estatal Electoral TEE en donde se consider\u00f3&nbsp;improcedente y se dio vista al INE al determinar dilaci\u00f3n en el procedimiento seguido por el IMPEPAC.<\/p>\n\n\n\n<p class=\"wp-block-paragraph\">La Consejera presidenta consider\u00f3 que la UTCE del INE la responsabiliza de la dilaci\u00f3n dejando de lado&nbsp;que&nbsp;\u201cel&nbsp;Secretario jam\u00e1s present\u00f3 a la consejera o a la Comisi\u00f3n de Quejas resoluci\u00f3n alguna porque ten\u00edan un acuerdo con la UTF del INE de esperar a que ellos resolvieran, y lo hicieron hasta el 28 de mayo de 2018, determinando que el procedimiento era infundado.<\/p>\n\n\n\n<p class=\"wp-block-paragraph\">Con lo que dej\u00f3 claro que la competencia de la Consejera Presidenta del IMPEPAC no est\u00e1 el de sustanciar y resolver Procedimientos Ordinarios Sancionadores, seg\u00fan lo establecen los art\u00edculos 60, 61 y 62 del Reglamento del R\u00e9gimen Sancionador Electoral del IMPEPAC.<\/p>\n\n\n\n<p class=\"wp-block-paragraph\"><strong>Destituci\u00f3n pondr\u00eda en riesgo el proceso electoral<\/strong><\/p>\n\n\n\n<p class=\"wp-block-paragraph\">Javier Santiago Castillo, ex Consejero del INE, consider\u00f3 que de concretarse la destituci\u00f3n de la presidenta del&nbsp;IMPEPAC&nbsp;se podr\u00eda poner en riesgo el proceso electoral 2020-2021.<\/p>\n\n\n\n<p class=\"wp-block-paragraph\">\u201cEs la primera vez que&nbsp;se busca destituir&nbsp;a una consejera en un proceso electoral , este proceso lleva m\u00e1s m\u00e1s de dos a\u00f1os y viene a concluir previo a la elecci\u00f3n, consider\u00f3&nbsp; que al menos es inoportuno (\u2026) lo preocupante es que este tipo de acciones podr\u00edan en riesgo el proceso electoral que est\u00e1 en curso\u201d, dijo,<\/p>\n\n\n\n<p class=\"wp-block-paragraph\"><strong>Y agreg\u00f3:<\/strong><\/p>\n\n\n\n<p class=\"wp-block-paragraph\">\u201cYo&nbsp;pregunto si los consejeros tienen todos los elementos para juzgar esta destituci\u00f3n porque la causal es un retraso en una investigaci\u00f3n y en la cual es corresponsable el INE porque as\u00ed se acord\u00f3: que el INE concluir\u00eda su investigaci\u00f3n antes (que el IMPEPAC) para armonizar su resoluci\u00f3n. El INE se tarda en resolver y ahora considera que la presidenta es la responsable. Es una causal equivocada\u201d.<\/p>\n\n\n\n<p class=\"wp-block-paragraph\">Santiago Castillo, destac\u00f3 que detr\u00e1s de esta determinaci\u00f3n podr\u00eda existir desconocimiento por parte de los consejeros y consejeras del INE sobre todo el proceso o simplemente la intenci\u00f3n de evadir las responsabilidades del INE.<\/p>\n\n\n\n<p class=\"wp-block-paragraph\">El ex consejero del&nbsp;INE, no descart\u00f3&nbsp;que pudiera existir intereses pol\u00edticos para favorecer a alg\u00fan grupo pol\u00edtico o al partido el poder (en este caso ser\u00eda el Partido de Encuentro Solidario PES del cual eman\u00f3 el gobernador&nbsp;Cuauht\u00e9moc Blanco Bravo.<\/p>\n\n\n\n<p class=\"wp-block-paragraph\">\u201cPodr\u00eda existir desconocimiento por parte de los consejeros y consejeras, puede haber un inter\u00e9s pol\u00edtico o tal vez se quiere favorecer a alguien o solo se quiere evadir las responsabilidades del INE en estas investigaciones que al final terminaron por ser infundadas en contra del actual gobernador\u201d, dijo.<\/p>\n\n\n\n<p class=\"wp-block-paragraph\">Destac\u00f3 que la trayectoria de la a\u00fan consejera presidenta en Morelos ha estado marcada por su trabajo en pro de los derechos pol\u00edticos de las mujeres y de las comunidades ind\u00edgenas, y las distintas acciones impulsadas en el IMPEPAC establecen la probabilidad de que haya tocado intereses de actores o partidos pol\u00edticos.<\/p>\n\n\n\n<p class=\"wp-block-paragraph\">\u201cNo se descarta que este acto tenga un trasfondo de violencia pol\u00edtica por raz\u00f3n de g\u00e9nero\u201d, a\u00f1adi\u00f3.<\/p>\n\n\n\n<p class=\"wp-block-paragraph\">Por \u00faltimo, llam\u00f3 a las y los consejeros del INE a revisar con lupa lo que est\u00e1n por decidir en este proceso porque de eso depender\u00e1 el rumbo que pueda tomar el Estado de Morelos.<\/p>\n","protected":false},"excerpt":{"rendered":"<p>Expertos advierten que el proceso electoral de Morelos podr\u00eda estar en riesgo<\/p>\n","protected":false},"author":3,"featured_media":28585,"comment_status":"open","ping_status":"open","sticky":false,"template":"","format":"standard","meta":{"_monsterinsights_skip_tracking":false,"footnotes":""},"categories":[691,51],"tags":[],"class_list":["post-28584","post","type-post","status-publish","format-standard","has-post-thumbnail","category-691","category-ejecutivo"],"_links":{"self":[{"href":"https:\/\/redsemlac.com\/semmexico\/wp-json\/wp\/v2\/posts\/28584","targetHints":{"allow":["GET"]}}],"collection":[{"href":"https:\/\/redsemlac.com\/semmexico\/wp-json\/wp\/v2\/posts"}],"about":[{"href":"https:\/\/redsemlac.com\/semmexico\/wp-json\/wp\/v2\/types\/post"}],"author":[{"embeddable":true,"href":"https:\/\/redsemlac.com\/semmexico\/wp-json\/wp\/v2\/users\/3"}],"replies":[{"embeddable":true,"href":"https:\/\/redsemlac.com\/semmexico\/wp-json\/wp\/v2\/comments?post=28584"}],"version-history":[{"count":0,"href":"https:\/\/redsemlac.com\/semmexico\/wp-json\/wp\/v2\/posts\/28584\/revisions"}],"wp:featuredmedia":[{"embeddable":true,"href":"https:\/\/redsemlac.com\/semmexico\/wp-json\/wp\/v2\/media\/28585"}],"wp:attachment":[{"href":"https:\/\/redsemlac.com\/semmexico\/wp-json\/wp\/v2\/media?parent=28584"}],"wp:term":[{"taxonomy":"category","embeddable":true,"href":"https:\/\/redsemlac.com\/semmexico\/wp-json\/wp\/v2\/categories?post=28584"},{"taxonomy":"post_tag","embeddable":true,"href":"https:\/\/redsemlac.com\/semmexico\/wp-json\/wp\/v2\/tags?post=28584"}],"curies":[{"name":"wp","href":"https:\/\/api.w.org\/{rel}","templated":true}]}}