{"id":2856,"date":"2019-04-17T17:49:01","date_gmt":"2019-04-17T17:49:01","guid":{"rendered":"https:\/\/redsemlac.com\/semmexico\/?p=2856"},"modified":"2023-07-21T14:48:09","modified_gmt":"2023-07-21T19:48:09","slug":"entregaran-las-conclusiones-a-candidatos-y-candidatas","status":"publish","type":"post","link":"https:\/\/redsemlac.com\/semmexico\/entregaran-las-conclusiones-a-candidatos-y-candidatas\/","title":{"rendered":"Entregar\u00e1n las conclusiones a candidatos y candidatas"},"content":{"rendered":"\n<p class=\"wp-block-paragraph\"><a href=\"https:\/\/www.semmexico.com\/gallery-post.php?id=4305#\">Redacci\u00f3n<\/a><\/p>\n\n\n\n<p class=\"wp-block-paragraph\">SemM\u00e9xico, Cd. de M\u00e9xico, 16 marzo.- Al Foro Agenda de Mujeres 2018 asistieron feministas de distintas edades, circunstancias, militancias, experiencias diversas y defensoras de los derechos humanos. El foro se realiz\u00f3 con la consigna lo personal es pol\u00edtico, y sesion\u00f3 en el Auditorio Octavio Paz del H. Senado de la Rep\u00fablica.<br><br>Se reunieron mujeres que pretenden ocupar cargos de elecci\u00f3n popular en los distintos niveles, en el actual proceso electoral, quienes deber\u00e1n hacer p\u00fablico su compromiso con la Agenda de las Mujeres, considerando que la mayor\u00eda de la poblaci\u00f3n mexicana est\u00e1 compuesta por mujeres, seg\u00fan el listado nominal, el padr\u00f3n electoral y son mayor\u00eda de votantes.<br><br>En el Foro se destac\u00f3 la importancia que reviste de firmar un acuerdo conjunto para la promoci\u00f3n, defensa, progresividad y no regresividad de los derechos adquiridos en los \u00faltimos a\u00f1os.<br><br>Esta reuni\u00f3n variopinta se manifest\u00f3 contra el asesinato de cualquier mujer, NI UNA MENOS, expresaron en referencia al cruento asesinato de la concejala Mirelle Franco, de Brasil, y manifestaron que la lucha por los derechos de las mujeres no reconoce frontera alguna, as\u00ed como por todas y cada una de las miles de mujeres y ni\u00f1as asesinadas, desaparecidas, en reclusi\u00f3n, v\u00edctimas de trata, y demandaron que se paren los feminicidios.<br><br>Estuvieron destacadas mujeres quienes abordaron los asuntos y derechos de las mujeres y los derechos humanos. Se consider\u00f3, seg\u00fan explic\u00f3 Rosa Mar\u00eda Lofte, dirigente del Partido de la Revoluci\u00f3n Democr\u00e1tica (PRD), que el Foro fue exitoso y sus conclusiones, as\u00ed como las propuestas para integrar la Agenda que pr\u00f3ximamente se entregar\u00e1n a las distintas candidaturas.<br><br>Hubo tres mesas de an\u00e1lisis, con el hilo conductor del contexto del pa\u00eds, uno de los m\u00e1s cr\u00edticos de Am\u00e9rica Latina y El Caribe. Afirmaron que creci\u00f3 violencia hacia las mujeres, al examinar el informe \u201cDel compromiso a la acci\u00f3n\u201d, de ONU Mujeres, y el Programa de las Naciones Unidas para el Desarrollo (PNUD), situaci\u00f3n preocupante, porque en M\u00e9xico formalmente no se est\u00e1 en un escenario de guerra.<br><br>Concluyeron que no basta con la aprobaci\u00f3n de leyes y ordenamientos para prevenir y sancionar la violencia contra las mujeres, ni se resuelve el problema con la declaratoria de Alerta de Violencia de G\u00e9nero contra las Mujeres. Casi todas las ponentes coincidieron. Igualmente, consideraron insuficientes los Protocolos en la materia.<br>Se pronunciaron porque los derechos humanos significan y hacen referencia a las libertades y reivindicaciones de cada ser humano, por el simple hecho de serlo; por tanto, son inalienables, tanto como los Tratados Internacionales y Convenciones suscritos por M\u00e9xico.<br><br>Opinaron que esos tratados en su conjunto se asuman como Instrumentos Universales de los Derechos Humanos. Igualmente, advirtieron que esos derechos se\u00f1alan que no debe haber discriminaci\u00f3n y plantearon buscar garant\u00edas de exigibilidad y accesibilidad a la seguridad y la justicia.<br><br>La reuni\u00f3n inici\u00f3 con la presentaci\u00f3n de un video de la C. Rosa Mar\u00eda Castro, mujer afromexicana, activista y presidenta de la Asociaci\u00f3n de Mujeres de la Costa de Oaxaca (AMCO), AC, Las mesas del Foro versaron sobre: Derechos Humanos de las Mujeres (I), Derechos de las Mujeres y Acceso a la Justicia (II) y Fronteras pendientes (III).<br><br>SEM\/sl\/gl<\/p>\n","protected":false},"excerpt":{"rendered":"<p>Redacci\u00f3n SemM\u00e9xico, Cd. de M\u00e9xico, 16 marzo.- Al Foro Agenda de Mujeres 2018 asistieron feministas de distintas edades, circunstancias, militancias, experiencias diversas y defensoras de los derechos humanos. El foro se realiz\u00f3 con la consigna lo personal es pol\u00edtico, y sesion\u00f3 en el Auditorio Octavio Paz del H. Senado de la Rep\u00fablica. Se reunieron mujeres [&hellip;]<\/p>\n","protected":false},"author":3,"featured_media":0,"comment_status":"open","ping_status":"open","sticky":false,"template":"","format":"standard","meta":{"_monsterinsights_skip_tracking":false,"footnotes":""},"categories":[690,50],"tags":[],"class_list":["post-2856","post","type-post","status-publish","format-standard","category-690","category-congreso"],"_links":{"self":[{"href":"https:\/\/redsemlac.com\/semmexico\/wp-json\/wp\/v2\/posts\/2856","targetHints":{"allow":["GET"]}}],"collection":[{"href":"https:\/\/redsemlac.com\/semmexico\/wp-json\/wp\/v2\/posts"}],"about":[{"href":"https:\/\/redsemlac.com\/semmexico\/wp-json\/wp\/v2\/types\/post"}],"author":[{"embeddable":true,"href":"https:\/\/redsemlac.com\/semmexico\/wp-json\/wp\/v2\/users\/3"}],"replies":[{"embeddable":true,"href":"https:\/\/redsemlac.com\/semmexico\/wp-json\/wp\/v2\/comments?post=2856"}],"version-history":[{"count":0,"href":"https:\/\/redsemlac.com\/semmexico\/wp-json\/wp\/v2\/posts\/2856\/revisions"}],"wp:attachment":[{"href":"https:\/\/redsemlac.com\/semmexico\/wp-json\/wp\/v2\/media?parent=2856"}],"wp:term":[{"taxonomy":"category","embeddable":true,"href":"https:\/\/redsemlac.com\/semmexico\/wp-json\/wp\/v2\/categories?post=2856"},{"taxonomy":"post_tag","embeddable":true,"href":"https:\/\/redsemlac.com\/semmexico\/wp-json\/wp\/v2\/tags?post=2856"}],"curies":[{"name":"wp","href":"https:\/\/api.w.org\/{rel}","templated":true}]}}