{"id":28541,"date":"2020-11-16T19:10:37","date_gmt":"2020-11-16T19:10:37","guid":{"rendered":"https:\/\/redsemlac.com\/semmexico\/?p=28541"},"modified":"2023-07-21T16:38:28","modified_gmt":"2023-07-21T21:38:28","slug":"marchan-en-jamapa-en-demanda-de-justicia-para-florisel-rios","status":"publish","type":"post","link":"https:\/\/redsemlac.com\/semmexico\/marchan-en-jamapa-en-demanda-de-justicia-para-florisel-rios\/","title":{"rendered":"Marchan en Jamapa en demanda de justicia para Florisel R\u00edos"},"content":{"rendered":"\n<ul class=\"wp-block-list\"><li><strong>Asesinada el 11 de noviembre, habitantes del municipio piden seguridad<\/strong><\/li><li><strong>La hija de la alcaldesa asesinada pide medidas precautorias para la familia<\/strong><\/li><\/ul>\n\n\n\n<p class=\"wp-block-paragraph\"><strong>Ana Alicia Osorio Gonz\u00e1lez<\/strong><\/p>\n\n\n\n<p class=\"wp-block-paragraph\">SemM\u00e9xico, Veracruz, Ver. 16 de noviembre 2020.- Habitantes de Jamapa marcharon por la cabecera municipal para exigir justicia por el asesinato de la alcaldesa, Florisel R\u00edos Delf\u00edn.<\/p>\n\n\n\n<p class=\"wp-block-paragraph\">Cerca de dos centenares de personas portaron ropa y globos blancos acompa\u00f1adas de pancartas con las que exigieron que el caso no quede en la impunidad.<\/p>\n\n\n\n<p class=\"wp-block-paragraph\">Itzayana Hern\u00e1ndez R\u00edos, hija de la alcaldesa, asegur\u00f3 que temen por su seguridad por lo que demando medidas de seguridad para ella y su familia.<\/p>\n\n\n\n<p class=\"wp-block-paragraph\">Adem\u00e1s, descart\u00f3 la supuesta responsabilidad que se\u00f1al\u00f3 el gobernador Cuitl\u00e1huac Garc\u00eda Jim\u00e9nez, de la propia R\u00edos Delf\u00edn sobre su asesinato.<\/p>\n\n\n\n<p class=\"wp-block-paragraph\">El 12 de noviembre en entrevista radiof\u00f3nica el gobernador de Veracruz, presumi\u00f3 una relaci\u00f3n con el crimen organizado de la alcaldesa asesinada en la v\u00edspera, revictimiz\u00e1ndola.&nbsp;<\/p>\n\n\n\n<p class=\"wp-block-paragraph\">Su hija dijo: \u201cElla no es culpable de nada, y s\u00ed, tememos por nuestra seguridad y esperemos que esto se solucione pronto y que haya justicia\u00bb, declar\u00f3.<\/p>\n\n\n\n<p class=\"wp-block-paragraph\">A lo largo de la marcha, las personas que se encontraban en sus viviendas salieron a las calles para observar la petici\u00f3n de justicia.<\/p>\n\n\n\n<p class=\"wp-block-paragraph\">Adem\u00e1s, algunas de las personas que salieron a las calles tambi\u00e9n manifestaron su temor por la situaci\u00f3n de seguridad en general que existe en el poblado.<\/p>\n\n\n\n<p class=\"wp-block-paragraph\">Se\u00f1alaron, \u201cqueremos que le hagan justicia y queremos que a sus hijos le pongan vigilancia y queremos que entre la suplente de la presidenta, Do\u00f1a Martha (\u2026) nosotros queremos tranquilidad para nuestro Jamapa porque ya no hay aqu\u00ed seguridad para nadie, tenemos miedo\u201d afirm\u00f3 Martha Palacios.<\/p>\n\n\n\n<p class=\"wp-block-paragraph\">La alcaldesa del municipio de Jamapa, Florisel R\u00edos Delf\u00edn fue secuestrada y asesinada por un grupo armado el pasado 11 de noviembre.<\/p>\n\n\n\n<p class=\"wp-block-paragraph\">La alcaldesa, era intengrante del Partido de la Revoluci\u00f3n Democr\u00e1tica (PRD), su cad\u00e1ver fue lanzado por el grupo armado que la secuestr\u00f3, en una zona rural del municipio Medell\u00edn, ubicado a 10 kil\u00f3metros de Jamapa.<\/p>\n\n\n\n<p class=\"wp-block-paragraph\">Florisel R\u00edos es la segunda presidenta municipal asesinada durante el mandato del gobernador Cuitl\u00e1huac Garc\u00eda. En julio pasado, la delincuencia organizada ejecut\u00f3 tambi\u00e9n asesin\u00f3 al comandante de la polic\u00eda municipal, Miguel de Jes\u00fas Castillo.<\/p>\n","protected":false},"excerpt":{"rendered":"<p>Asesinada el 11 de noviembre, habitantes del municipio piden seguridad<\/p>\n","protected":false},"author":3,"featured_media":28542,"comment_status":"open","ping_status":"open","sticky":false,"template":"","format":"standard","meta":{"_monsterinsights_skip_tracking":false,"footnotes":""},"categories":[691,47,48],"tags":[],"class_list":["post-28541","post","type-post","status-publish","format-standard","has-post-thumbnail","category-691","category-no-mas-impunidad","category-no-mas-impunidad-no-mas-impunidad"],"_links":{"self":[{"href":"https:\/\/redsemlac.com\/semmexico\/wp-json\/wp\/v2\/posts\/28541","targetHints":{"allow":["GET"]}}],"collection":[{"href":"https:\/\/redsemlac.com\/semmexico\/wp-json\/wp\/v2\/posts"}],"about":[{"href":"https:\/\/redsemlac.com\/semmexico\/wp-json\/wp\/v2\/types\/post"}],"author":[{"embeddable":true,"href":"https:\/\/redsemlac.com\/semmexico\/wp-json\/wp\/v2\/users\/3"}],"replies":[{"embeddable":true,"href":"https:\/\/redsemlac.com\/semmexico\/wp-json\/wp\/v2\/comments?post=28541"}],"version-history":[{"count":0,"href":"https:\/\/redsemlac.com\/semmexico\/wp-json\/wp\/v2\/posts\/28541\/revisions"}],"wp:featuredmedia":[{"embeddable":true,"href":"https:\/\/redsemlac.com\/semmexico\/wp-json\/wp\/v2\/media\/28542"}],"wp:attachment":[{"href":"https:\/\/redsemlac.com\/semmexico\/wp-json\/wp\/v2\/media?parent=28541"}],"wp:term":[{"taxonomy":"category","embeddable":true,"href":"https:\/\/redsemlac.com\/semmexico\/wp-json\/wp\/v2\/categories?post=28541"},{"taxonomy":"post_tag","embeddable":true,"href":"https:\/\/redsemlac.com\/semmexico\/wp-json\/wp\/v2\/tags?post=28541"}],"curies":[{"name":"wp","href":"https:\/\/api.w.org\/{rel}","templated":true}]}}